{"id":80509,"date":"2024-05-12T22:25:48","date_gmt":"2024-05-13T01:25:48","guid":{"rendered":"http:\/\/portalcatolico.net\/portal\/?p=80509"},"modified":"2024-05-12T22:37:54","modified_gmt":"2024-05-13T01:37:54","slug":"missa-de-envio-e-carreata-marcam-abertura-das-festividades-em-homenagem-a-santa-rita-de-cassia-em-itabuna","status":"publish","type":"post","link":"https:\/\/portalcatolico.net\/portal\/missa-de-envio-e-carreata-marcam-abertura-das-festividades-em-homenagem-a-santa-rita-de-cassia-em-itabuna\/","title":{"rendered":"Missa de envio e carreata marcam abertura das festividades em homenagem \u00e0 Santa Rita de C\u00e1ssia em Itabuna!"},"content":{"rendered":"<div dir=\"auto\">\n<div dir=\"auto\"><img loading=\"lazy\" decoding=\"async\" class=\"alignnone wp-image-80513\" src=\"http:\/\/portalcatolico.net\/portal\/wp-content\/uploads\/2024\/05\/30fa22fb-ec13-44de-972e-7b922007903c-300x135.jpg\" alt=\"\" width=\"827\" height=\"372\" srcset=\"https:\/\/portalcatolico.net\/portal\/wp-content\/uploads\/2024\/05\/30fa22fb-ec13-44de-972e-7b922007903c-300x135.jpg 300w, https:\/\/portalcatolico.net\/portal\/wp-content\/uploads\/2024\/05\/30fa22fb-ec13-44de-972e-7b922007903c-768x346.jpg 768w, https:\/\/portalcatolico.net\/portal\/wp-content\/uploads\/2024\/05\/30fa22fb-ec13-44de-972e-7b922007903c-1024x461.jpg 1024w, https:\/\/portalcatolico.net\/portal\/wp-content\/uploads\/2024\/05\/30fa22fb-ec13-44de-972e-7b922007903c.jpg 1280w\" sizes=\"auto, (max-width: 827px) 100vw, 827px\" \/><\/div>\n<div dir=\"auto\"><img loading=\"lazy\" decoding=\"async\" class=\"alignnone wp-image-80515\" src=\"http:\/\/portalcatolico.net\/portal\/wp-content\/uploads\/2024\/05\/2679c7cc-c2c3-4642-bede-4dd3cb2d5119-300x135.jpg\" alt=\"\" width=\"822\" height=\"370\" srcset=\"https:\/\/portalcatolico.net\/portal\/wp-content\/uploads\/2024\/05\/2679c7cc-c2c3-4642-bede-4dd3cb2d5119-300x135.jpg 300w, https:\/\/portalcatolico.net\/portal\/wp-content\/uploads\/2024\/05\/2679c7cc-c2c3-4642-bede-4dd3cb2d5119-768x346.jpg 768w, https:\/\/portalcatolico.net\/portal\/wp-content\/uploads\/2024\/05\/2679c7cc-c2c3-4642-bede-4dd3cb2d5119-1024x461.jpg 1024w, https:\/\/portalcatolico.net\/portal\/wp-content\/uploads\/2024\/05\/2679c7cc-c2c3-4642-bede-4dd3cb2d5119.jpg 1280w\" sizes=\"auto, (max-width: 822px) 100vw, 822px\" \/><\/div>\n<div dir=\"auto\">Neste domingo, 12 de maio, aconteceu a abertura dos festejos em homenagem \u00e0 Santa Rita de C\u00e1ssia, padroeira do bairro S\u00e3o Caetano em Itabuna (BA).<\/div>\n<div dir=\"auto\">Logo ap\u00f3s a celebra\u00e7\u00e3o eucar\u00edstica, aconteceu a b\u00ean\u00e7\u00e3o dos ve\u00edculos e uma carreata que percorreu v\u00e1rias ruas e avenidas do bairro, com a imagem da padroeira, anunciando e convidando toda a comunidade para participar do noven\u00e1rio e festa da santa. O tema deste ano \u00e9: &#8220;Com Santa Rita de C\u00e1ssia, vamos redescobrir&nbsp;o valor da ora\u00e7\u00e3o&#8221;.<\/div>\n<div dir=\"auto\">A presid\u00eancia da missa foi feita pelo Frei Luciano Martins (p\u00e1roco). A concelebra\u00e7\u00e3o foi feita pelo Frei Pedro Cassiano dos Santos(Vig\u00e1rio Paroquial).<\/div>\n<div dir=\"auto\">&nbsp;<\/div>\n<div dir=\"auto\">Frei Luciano Martins agradeceu \u00e0 TV Santa Cruz e outros meios de comunica\u00e7\u00e3o, pela cobertura e divulga\u00e7\u00e3o da festa de Santa Rita.<\/div>\n<div dir=\"auto\">No dia 22 de maio todos os fieis e devotos ir\u00e3o celebrar o dia de Santa Rita de C\u00e1ssia, que ficou conhecida como a padroeira das causas imposs\u00edveis, a protetora das vi\u00favas e a santa das rosas.<\/div>\n<div dir=\"auto\">&nbsp;<\/div>\n<div dir=\"auto\">Todos os dias, sempre \u00e0s 18h, ter\u00e1 o momento Mariano. \u00c0s 19h, acontecer\u00e1 Santa Missa e logo ap\u00f3s, quermesse e show com bandas regionais.<\/div>\n<\/div>\n<div dir=\"auto\">Acompanhe nos cartazes, toda a programa\u00e7\u00e3o festiva, lembrando que a Pascom (Pastoral da Comunica\u00e7\u00e3o) ir\u00e1 transmitir, ao vivo, todas as celebra\u00e7\u00f5es pelo canal no Youtube da Par\u00f3quia e pelas outras redes sociais.<\/div>\n<div dir=\"auto\">&nbsp;<\/div>\n<div dir=\"auto\">Para ver a missa de hoje, na \u00edntegra, clique neste link:&nbsp;<\/div>\n<div id=\"v1ms-outlook-mobile-signature\" dir=\"auto\">\n<div dir=\"auto\"><a href=\"https:\/\/www.youtube.com\/live\/sMqJtJj2jBQ?si=BRARvFDi2pQp1sYb\" target=\"_blank\" rel=\"noopener noreferrer\">https:\/\/www.youtube.com\/live\/sMqJtJj2jBQ?si=BRARvFDi2pQp1sYb<\/a>.<img loading=\"lazy\" decoding=\"async\" class=\"alignnone  wp-image-80473\" src=\"http:\/\/portalcatolico.net\/portal\/wp-content\/uploads\/2024\/05\/ffcb54c4-40b7-4be5-af58-7869f3cf72b0-212x300.jpg\" alt=\"\" width=\"824\" height=\"1166\" srcset=\"https:\/\/portalcatolico.net\/portal\/wp-content\/uploads\/2024\/05\/ffcb54c4-40b7-4be5-af58-7869f3cf72b0-212x300.jpg 212w, https:\/\/portalcatolico.net\/portal\/wp-content\/uploads\/2024\/05\/ffcb54c4-40b7-4be5-af58-7869f3cf72b0-768x1086.jpg 768w, https:\/\/portalcatolico.net\/portal\/wp-content\/uploads\/2024\/05\/ffcb54c4-40b7-4be5-af58-7869f3cf72b0-724x1024.jpg 724w\" sizes=\"auto, (max-width: 824px) 100vw, 824px\" \/><\/div>\n<\/div>\n","protected":false},"excerpt":{"rendered":"<p>Neste domingo, 12 de maio, aconteceu a abertura dos festejos em homenagem \u00e0 Santa Rita de C\u00e1ssia, padroeira do bairro S\u00e3o Caetano em Itabuna (BA). Logo ap\u00f3s a celebra\u00e7\u00e3o eucar\u00edstica, aconteceu a b\u00ean\u00e7\u00e3o dos ve\u00edculos e uma carreata que percorreu v\u00e1rias ruas e avenidas do bairro, com a imagem da padroeira, anunciando e convidando toda&nbsp;<\/p>\n<p><a class=\"btn btn-style\" href=\"https:\/\/portalcatolico.net\/portal\/missa-de-envio-e-carreata-marcam-abertura-das-festividades-em-homenagem-a-santa-rita-de-cassia-em-itabuna\/\">Continue Reading<\/a><\/p>\n","protected":false},"author":2,"featured_media":80512,"comment_status":"open","ping_status":"open","sticky":false,"template":"","format":"standard","meta":{"footnotes":""},"categories":[68],"tags":[],"class_list":["post-80509","post","type-post","status-publish","format-standard","has-post-thumbnail","hentry","category-homilias"],"_links":{"self":[{"href":"https:\/\/portalcatolico.net\/portal\/wp-json\/wp\/v2\/posts\/80509","targetHints":{"allow":["GET"]}}],"collection":[{"href":"https:\/\/portalcatolico.net\/portal\/wp-json\/wp\/v2\/posts"}],"about":[{"href":"https:\/\/portalcatolico.net\/portal\/wp-json\/wp\/v2\/types\/post"}],"author":[{"embeddable":true,"href":"https:\/\/portalcatolico.net\/portal\/wp-json\/wp\/v2\/users\/2"}],"replies":[{"embeddable":true,"href":"https:\/\/portalcatolico.net\/portal\/wp-json\/wp\/v2\/comments?post=80509"}],"version-history":[{"count":5,"href":"https:\/\/portalcatolico.net\/portal\/wp-json\/wp\/v2\/posts\/80509\/revisions"}],"predecessor-version":[{"id":80517,"href":"https:\/\/portalcatolico.net\/portal\/wp-json\/wp\/v2\/posts\/80509\/revisions\/80517"}],"wp:featuredmedia":[{"embeddable":true,"href":"https:\/\/portalcatolico.net\/portal\/wp-json\/wp\/v2\/media\/80512"}],"wp:attachment":[{"href":"https:\/\/portalcatolico.net\/portal\/wp-json\/wp\/v2\/media?parent=80509"}],"wp:term":[{"taxonomy":"category","embeddable":true,"href":"https:\/\/portalcatolico.net\/portal\/wp-json\/wp\/v2\/categories?post=80509"},{"taxonomy":"post_tag","embeddable":true,"href":"https:\/\/portalcatolico.net\/portal\/wp-json\/wp\/v2\/tags?post=80509"}],"curies":[{"name":"wp","href":"https:\/\/api.w.org\/{rel}","templated":true}]}}