{"id":80387,"date":"2024-04-18T19:59:18","date_gmt":"2024-04-18T22:59:18","guid":{"rendered":"http:\/\/portalcatolico.net\/portal\/?p=80387"},"modified":"2024-04-18T19:59:18","modified_gmt":"2024-04-18T22:59:18","slug":"cnbb-os-70-anos-da-criacao-da-crb-e-os-60-anos-da-campanha-da-fraternidade","status":"publish","type":"post","link":"https:\/\/portalcatolico.net\/portal\/cnbb-os-70-anos-da-criacao-da-crb-e-os-60-anos-da-campanha-da-fraternidade\/","title":{"rendered":"CNBB: os 70 anos da cria\u00e7\u00e3o da CRB e os 60 anos da Campanha da Fraternidade"},"content":{"rendered":"<div class=\"article__subTitle\"><strong>Ato inter-religioso \u00e9 destaque no nono dia de Assembleia Geral em Aparecida.<\/strong><\/div>\n<div class=\"title__separator\">&nbsp;<\/div>\n<div>\n<p>Quinta-feira, nono e pen\u00faltimo dia da 61\u00aa Assembleia Geral da CNBB em Aparecida. Depois da celebra\u00e7\u00e3o eucar\u00edstica com Laudes no Santu\u00e1rio Nacional, presidida pelo cardeal Leonardo Steiner, arcebispo de Manaus os trabalhos da Assembleia tiveram continuidade no Centro de Evento Padre Vitor Coelho.<\/p>\n<p>A inten\u00e7\u00e3o da missa foi pelos 60 anos da Campanha da Fraternidade: a missa foi concelebrada por&nbsp;Dom \u00c2ngelo Ademir Mezzari,&nbsp;bispo auxiliar de S\u00e3o Paulo&nbsp;e&nbsp;dom Paulo Jackson, segundo&nbsp;vice-presidente da CNBB, o arcebispo de Olinda e Recife.<\/p>\n<p>J\u00e1 na vig\u00e9sima terceira sess\u00e3o, \u00e0s 8h30, no Centro de Eventos Pe. V\u00edtor Coelho de Almeida, foram&nbsp;tratadas as&nbsp;Edi\u00e7\u00f5es CNBB,&nbsp;o trabalho dos subsecret\u00e1rios adjunto&nbsp;geral e de pastoral, da Assessoria de Comunica\u00e7\u00e3o, do Centro Cultural Mission\u00e1rio,&nbsp;da Casa Bom Samaritano, do Centro de Conviv\u00eancia e Fortalecimento de V\u00ednculos&nbsp;\u201cCorrendo Atr\u00e1s de Um Sonho\u201d e da Assessoria de Rela\u00e7\u00f5es Pol\u00edtico Institucionais&nbsp;da CNBB. Em seguida, na vig\u00e9sima quarta sess\u00e3o, foi realizada a&nbsp;\u00faltima rodada da Conversa no Esp\u00edrito, novidade nesta Assembleia.<\/p>\n<p>No final da manh\u00e3, como j\u00e1 \u00e9 tradi\u00e7\u00e3o houve a Celebra\u00e7\u00e3o Inter-Religiosa.&nbsp;Dom Teodoro Tavares, bispo de Ponta de Pedras (PA) e presidente da Comiss\u00e3o&nbsp;Episcopal para o Ecumenismo e o Di\u00e1logo Inter-Religioso,&nbsp;acolheu&nbsp;irm\u00e3os e&nbsp;irm\u00e3s de 10 denomina\u00e7\u00f5es religiosas para o ato inter-religioso.&nbsp;<\/p>\n<p>Na parte da tarde, na vig\u00e9sima quinta sess\u00e3o, ser\u00e3o tratados assuntos sobre a&nbsp;Comiss\u00e3o Especial&nbsp;Ecologia Integral e Minera\u00e7\u00e3o e Comiss\u00e3o Episcopal para a Vida e Fam\u00edlia.&nbsp;Na&nbsp;sess\u00e3o seguinte, a vig\u00e9sima sexta, com in\u00edcio previsto para \u00e0s 17h, ser\u00e3o apresentados&nbsp;os trabalhos da Comiss\u00e3o Episcopal para a Juventude, da Comiss\u00e3o Especial do&nbsp;Tr\u00e1fico Humano e a Campanha para a Evangeliza\u00e7\u00e3o.&nbsp;<\/p>\n<p><strong>Coletiva de Imprensa<\/strong><\/p>\n<p>O&nbsp;segundo vice-presidente da CNBB, dom Paulo&nbsp;Jackson&nbsp;falou na coletiva desta manh\u00e3 de quinta-feira sobre os 90 anos do Pontif\u00edcio Col\u00e9gio Pio Brasileiro, de Roma; o&nbsp;presidente da Comiss\u00e3o&nbsp;Episcopal para os Minist\u00e9rios Ordenados e a Vida Consagrada, dom \u00c2ngelo Ademir&nbsp;Mezzari, bispo auxiliar de S\u00e3o Paulo, falou sobre os&nbsp;70 anos da Confer\u00eancia dos&nbsp;Religiosos do Brasil&nbsp;e&nbsp;dom Jos\u00e9 Luiz Majella Delgado, arcebispo de Pouso Alegre&nbsp;(MG), apresentou os trabalhos da&nbsp;Comiss\u00e3o para a Causa dos Santos.<\/p>\n<p><strong>Homilia de dom Leonardo<\/strong><\/p>\n<p>No dia em que a 61\u00aa Assembleia Geral da Confer\u00eancia Nacional dos Bispos do Brasil fez mem\u00f3ria dos 70 anos da cria\u00e7\u00e3o da Confer\u00eancia dos Religiosos e Religiosas do Brasil e dos 60 anos da Campanha da Fraternidade, o arcebispo de Manaus, cardeal Leonardo Steiner, refletiu sobre o ser atra\u00eddos pelo Pai, pelo \u201ccharme transparente do Pai\u201d, que encanta, maravilha.<\/p>\n<p>O Pai \u201catrai os doentes no corpo e no esp\u00edrito: famintos, cegos, mudos, coxos, leprosos, aqueles com mau esp\u00edrito, com esp\u00edrito mudo; atrai os andantes e desandantes das ruas e caminhos, os das esquinas da vida, para participarem do banquete da atra\u00e7\u00e3o (cf. Mt 22,1-14). Atrai a todos, mas infelizmente nem todos, talvez at\u00e9 n\u00f3s, apercebem-se atra\u00eddos. Jesus percebendo que eram atra\u00eddos pelo Pai, saciou de p\u00e3o, lhes deu novo horizonte, concedeu m\u00e3os, ofereceu p\u00e9s, caminhos, purificou, transformou no corpo e no esp\u00edrito. Saiam saciados, carregando seus leitos, retornando \u00e0 vida familiar e religiosa\u201d, enfatizou dom Leonardo.<\/p>\n<p>Ele destacou \u201ca possibilidade e ser filho no Filho\u201d, enfatizando que \u201cn\u00e3o o procurarias, se primeiro Ele n\u00e3o te tivesse procurado; n\u00e3o O amarias, se primeiro Ele n\u00e3o te tivesse amado\u201d, inspirado nas palavras de S\u00e3o Bernardo. \u201cO que atrai \u00e9 o amor; atra\u00e7\u00e3o amorosa! Um amor que procura, que seduz, pois atrai. O texto sagrado insinua&nbsp;que&nbsp;n\u00e3o&nbsp;se trata de uma atra\u00e7\u00e3o acontecida no passado, mas que no amor, o Pai \u2018atrai\u2019 at\u00e9 o encontro amoroso no Reino definitivo. Um convite a estarmos sempre mais em sintonia com esse amor atrativo\u201d, enfatizou o arcebispo.<\/p>\n<p>Segundo o cardeal, \u201cn\u00e3o \u00e9 com a necessidade, mas com o prazer; n\u00e3o \u00e9 com a viol\u00eancia, mas com o deleite que somos atra\u00eddos. N\u00e3o so os sentidos t\u00eam os seus deleites, mas tamb\u00e9m a alma. E um deleite para a alma o \u2018atrai\u2019 do Pai!\u201d. Ele lembrou alguns daqueles que foram atra\u00eddos: \u201cbasta ler Francisco de Assis, Teresa de \u00c1vila, Teresinha do Menino Jesus, H\u00e9lder C\u00e2mara, Dom Luciano, Santa Dulce dos Pobres, basta olharmos para os nossos pobres, que vivem atra\u00eddos por Deus, basta acompanharmos os nossos romeiros\u201d. Um ser atra\u00eddo que nos faz \u201cdispon\u00edveis, encantados, ativos, livres e libertos\u201d, ressaltou.<\/p>\n<p>\u201cNo \u2018atrai\u2019 somos despertados para a gratuidade do seguir Jesus, fugindo de moralismos, da ideologiza\u00e7\u00e3o f\u00e9, de acharmos que podemos aprisionar em conceitos e dogmatismos as delicadezas atrativas do Pai\u201d, destacou o cardeal. Isso porque no &#8220;atrai h\u00e1 liberdade, a gra\u00e7a de poder corresponder gratuitamente \u00e0 atra\u00e7\u00e3o\u201d, advertindo contra a soberba, que nos leva, segundo Santo Agostinho a \u201cconsiderar que chegamos a Cristo com as for\u00e7as da pr\u00f3pria vontade, por pr\u00f3pria decis\u00e3o, com as pr\u00f3prias for\u00e7as\u201d.<\/p>\n<p>Um \u201catrai\u201d que nos faz ter delicadeza \u201cpara n\u00e3o sermos ref\u00e9ns de n\u00f3s mesmos, das nossas ideias, das nossas ideologias, das nossas dogmatiza\u00e7\u00f5es. \u00cb que o \u2018atrai\u2019 \u00e9 quase uma tra\u00e7\u00e3o&nbsp;que&nbsp;impulsiona para fora, o estar a caminho como as mulheres e os homens que buscavam a Jesus\u201d. Um \u201catrai\u201d que faz ser tomado \u201cpelo contentamento, pela fecundidade da vida\u201d, que \u201cabre constantemente possibilidades existenciais frente \u00e0 cotidianidade dura e \u00e0s vezes aniquiladora\u201d, que traz \u201cuma maternidade paterna em rela\u00e7\u00e3o aos necessitados, aos desvalidos aos que a sociedade rejeita, aqueles e aquelas que andam e navegam sem destino, sem porto, sem estrada, sem rio, sem chegada!\u201d, disse o cardeal. Nessa perspectiva, ele questionou a necessidade de \u201cnas Diretrizes para a A\u00e7\u00e3o Evangelizadora da Igreja no Brasil tornar aud\u00edvel, pap\u00e1vel, sabor\u00e1vel, vis\u00edvel o &#8220;atrai&#8221; do Pai\u201d.<\/p>\n<p>Falando dos 70 anos da Confer\u00eancia dos Religiosos do Brasil, o cardeal, religioso Franciscano, definiu a Vida religiosa como \u201ca visibiliza\u00e7\u00e3o na Igreja do quanto o Pai atrai em Jesus\u201d. Segundo ele, \u201ccom a CRB fazemos mem\u00f3ria do testemunho do \u2018atrai\u2019 do Pai, recordamos a m\u00edstica da gratuidade, agradecemos a profecia da Vida Religiosa e desejamos que ela continue a ser sinal de esperan\u00e7a\u201d. Ele insistiu em ver os 70 anos da CRB como \u201cum convite reconhecer que a vida religiosa consagrada \u00e9 a express\u00e3o da for\u00e7a atrativa de Deus e da correspond\u00eancia ao amor atrativo\u201d. Tamb\u00e9m um chamado \u201cpara renovar a gra\u00e7a da miss\u00e3o recebida: continuar a viver a liberdade do Evangelho, ser a presen\u00e7a do&nbsp;Reino&nbsp;de&nbsp;Deus em todos os espa\u00e7os e geografias que o Esp\u00edrito enviar\u201d, convidando a \u201cagradecer por tudo o que a CRB tem oferecido para a renova\u00e7\u00e3o da vida religiosa, para manter vivo o carisma de cada fam\u00edlia religiosa, para ser uma presen\u00e7a de proximidade e liberta\u00e7\u00e3o dos pobres, ser sinal de esperan\u00e7a transformativa do \u2018atrai\u2019 do Pai\u201d.<\/p>\n<p>O cardeal Steiner definiu a Campanha da Fraternidade como \u201cuma express\u00e3o da forca for\u00e7a atrativa do Pai, pois caminho de convers\u00e3o e liberta\u00e7\u00e3o. No caminho salv\u00edfico da quaresma somos acordados para a benevol\u00eancia atrativa de Deus meditando, rezando, discutindo tantas realidades que contradizem o Reino, o cuidado amoroso de Deus\u201d. Fazendo um chamado a sermos em tudo a fraternidade, pois atra\u00eddos pelo amor, ele disse que \u201ca fraternidade s\u00f3 \u00e9 poss\u00edvel quando o amor est\u00e1 a guiar as palavras e as escutas, as nossas rela\u00e7\u00f5es\u201d.<\/p>\n<p>Lembrando o lema de 2024, &#8220;V\u00f3s sois todos irm\u00e3os e irm\u00e3s&#8221;, dom Leonardo insistiu que \u201ca irmandade n\u00e3o nasce da domina\u00e7\u00e3o, mas da atra\u00e7\u00e3o\u201d, vendo a Campanha da Fraternidade como convite \u201ca construir uma Fraternidade, uma irmandade, que transforma a vida em sociedade, tornando-a mais saud\u00e1vel, convivial\u201d, a participar do direito de ser cidad\u00e3o, levar uma vida digna, ser respeitado como ser humano. \u201cUma fraternidade universal, pois vivemos numa casa comum, e todo ser participa da obra da cria\u00e7\u00e3o\u201d, insistiu. Ele lembrou dos 60 anos de \u201crealidades visibilizadas que nos fizeram perceber que n\u00e3o correspondem \u00e0 for\u00e7a atrativa de Deus, em Jesus\u201d, de \u201crealidades discutidas, meditadas, rezadas, dialogadas que puderam nos despertar para a grandeza atrativa de Deus, no cuidado dos mais pobres\u201d. Vida Religiosa e Campanha da Fraternidade que \u201cnos foram enviadas como Filipe, para que pud\u00e9ssemos fazer a leitura da for\u00e7a do \u2018atrai\u2019 do Pai em Jesus, a vida do Reino, e prosseguirmos com alegria o&nbsp;caminho\u201d.<\/p>\n<p>Com informa\u00e7\u00f5es A12 e Padre Modino<\/p>\n<\/div>\n<div class=\"article__text\">\n<p>Por: Silvonei Jos\u00e9 \u2013 Vatican News \u2013 Aparecida(SP)<\/p>\n<\/div>\n","protected":false},"excerpt":{"rendered":"<p>Ato inter-religioso \u00e9 destaque no nono dia de Assembleia Geral em Aparecida. &nbsp; Quinta-feira, nono e pen\u00faltimo dia da 61\u00aa Assembleia Geral da CNBB em Aparecida. Depois da celebra\u00e7\u00e3o eucar\u00edstica com Laudes no Santu\u00e1rio Nacional, presidida pelo cardeal Leonardo Steiner, arcebispo de Manaus os trabalhos da Assembleia tiveram continuidade no Centro de Evento Padre Vitor&nbsp;<\/p>\n<p><a class=\"btn btn-style\" href=\"https:\/\/portalcatolico.net\/portal\/cnbb-os-70-anos-da-criacao-da-crb-e-os-60-anos-da-campanha-da-fraternidade\/\">Continue Reading<\/a><\/p>\n","protected":false},"author":2,"featured_media":80388,"comment_status":"open","ping_status":"open","sticky":false,"template":"","format":"standard","meta":{"footnotes":""},"categories":[5],"tags":[],"class_list":["post-80387","post","type-post","status-publish","format-standard","has-post-thumbnail","hentry","category-igreja_no_mundo"],"_links":{"self":[{"href":"https:\/\/portalcatolico.net\/portal\/wp-json\/wp\/v2\/posts\/80387","targetHints":{"allow":["GET"]}}],"collection":[{"href":"https:\/\/portalcatolico.net\/portal\/wp-json\/wp\/v2\/posts"}],"about":[{"href":"https:\/\/portalcatolico.net\/portal\/wp-json\/wp\/v2\/types\/post"}],"author":[{"embeddable":true,"href":"https:\/\/portalcatolico.net\/portal\/wp-json\/wp\/v2\/users\/2"}],"replies":[{"embeddable":true,"href":"https:\/\/portalcatolico.net\/portal\/wp-json\/wp\/v2\/comments?post=80387"}],"version-history":[{"count":1,"href":"https:\/\/portalcatolico.net\/portal\/wp-json\/wp\/v2\/posts\/80387\/revisions"}],"predecessor-version":[{"id":80389,"href":"https:\/\/portalcatolico.net\/portal\/wp-json\/wp\/v2\/posts\/80387\/revisions\/80389"}],"wp:featuredmedia":[{"embeddable":true,"href":"https:\/\/portalcatolico.net\/portal\/wp-json\/wp\/v2\/media\/80388"}],"wp:attachment":[{"href":"https:\/\/portalcatolico.net\/portal\/wp-json\/wp\/v2\/media?parent=80387"}],"wp:term":[{"taxonomy":"category","embeddable":true,"href":"https:\/\/portalcatolico.net\/portal\/wp-json\/wp\/v2\/categories?post=80387"},{"taxonomy":"post_tag","embeddable":true,"href":"https:\/\/portalcatolico.net\/portal\/wp-json\/wp\/v2\/tags?post=80387"}],"curies":[{"name":"wp","href":"https:\/\/api.w.org\/{rel}","templated":true}]}}