{"id":80381,"date":"2024-04-17T20:09:42","date_gmt":"2024-04-17T23:09:42","guid":{"rendered":"http:\/\/portalcatolico.net\/portal\/?p=80381"},"modified":"2024-04-17T20:14:29","modified_gmt":"2024-04-17T23:14:29","slug":"diocese-de-ilheus-prepara-festa-do-padroeiro","status":"publish","type":"post","link":"https:\/\/portalcatolico.net\/portal\/diocese-de-ilheus-prepara-festa-do-padroeiro\/","title":{"rendered":"Diocese de Ilh\u00e9us prepara festa do padroeiro!"},"content":{"rendered":"<div dir=\"auto\"><img loading=\"lazy\" decoding=\"async\" class=\"alignnone  wp-image-80385\" src=\"http:\/\/portalcatolico.net\/portal\/wp-content\/uploads\/2024\/04\/ilheus23-300x225.png\" alt=\"\" width=\"831\" height=\"623\" srcset=\"https:\/\/portalcatolico.net\/portal\/wp-content\/uploads\/2024\/04\/ilheus23-300x225.png 300w, https:\/\/portalcatolico.net\/portal\/wp-content\/uploads\/2024\/04\/ilheus23.png 590w\" sizes=\"auto, (max-width: 831px) 100vw, 831px\" \/>De 14 a 23 de abril, a cidade e Diocese de Ilh\u00e9us estar\u00e3o em festa, celebrando o padroeiro, S\u00e3o Jorge.<\/div>\n<div dir=\"auto\">O dia festivo, 23, \u00e9 feriado municipal.<\/div>\n<div dir=\"auto\">A data comemora o transcurso do dia de S\u00e3o Jorge, padroeiro da cidade, que acontece desde o per\u00edodo de Capitania Heredit\u00e1ria.&nbsp;<\/div>\n<div dir=\"auto\">Para acompanhar a programa\u00e7\u00e3o, fique de olho aqui e nas redes sociais da Diocese de Ilh\u00e9us e Par\u00f3quia de S\u00e3o Jorge. Confira no link: <a href=\"https:\/\/www.instagram.com\/paroquiasaojorgeilheus\/\">https:\/\/www.instagram.com\/paroquiasaojorgeilheus\/<\/a><\/div>\n<div dir=\"auto\">&nbsp;<\/div>\n<div dir=\"auto\">\n<p>De acordo com a tradi\u00e7\u00e3o cat\u00f3lica, S\u00e3o Jorge foi um soldado romano do ex\u00e9rcito do imperador Diocleciano, venerado, tempos depois, como m\u00e1rtir crist\u00e3o. Na hagiografia (estudo sobre a vida dos santos e seus atos heroicos), S\u00e3o Jorge \u00e9 um dos santos mais venerados, tanto pela Igreja Cat\u00f3lica Romana quanto pela chamada Igreja Ortodoxa. O santo padroeiro em diversas partes do mundo \u00e9 imortalizado na lenda em que mata o drag\u00e3o.<\/p>\n<p>H\u00e1 uma tradi\u00e7\u00e3o que aponta o ano 303 como ano da sua morte. Apesar de sua hist\u00f3ria se basear em documentos lend\u00e1rios ap\u00f3crifos, a devo\u00e7\u00e3o a S\u00e3o Jorge se espalhou por todo o mundo. A cidade homenageia, ano ap\u00f3s ano, o seu padroeiro, como tamb\u00e9m presta homenagens a Nossa Senhora das Vit\u00f3rias no dia 15 de agosto e S\u00e3o Sebasti\u00e3o no 20 de janeiro, padroeiro da catedral diocesana e dos estivadores do munic\u00edpio.<\/p>\n<\/div>\n","protected":false},"excerpt":{"rendered":"<p>De 14 a 23 de abril, a cidade e Diocese de Ilh\u00e9us estar\u00e3o em festa, celebrando o padroeiro, S\u00e3o Jorge. O dia festivo, 23, \u00e9 feriado municipal. A data comemora o transcurso do dia de S\u00e3o Jorge, padroeiro da cidade, que acontece desde o per\u00edodo de Capitania Heredit\u00e1ria.&nbsp; Para acompanhar a programa\u00e7\u00e3o, fique de olho&nbsp;<\/p>\n<p><a class=\"btn btn-style\" href=\"https:\/\/portalcatolico.net\/portal\/diocese-de-ilheus-prepara-festa-do-padroeiro\/\">Continue Reading<\/a><\/p>\n","protected":false},"author":2,"featured_media":54176,"comment_status":"open","ping_status":"open","sticky":false,"template":"","format":"standard","meta":{"footnotes":""},"categories":[1],"tags":[],"class_list":["post-80381","post","type-post","status-publish","format-standard","has-post-thumbnail","hentry","category-agenda"],"_links":{"self":[{"href":"https:\/\/portalcatolico.net\/portal\/wp-json\/wp\/v2\/posts\/80381","targetHints":{"allow":["GET"]}}],"collection":[{"href":"https:\/\/portalcatolico.net\/portal\/wp-json\/wp\/v2\/posts"}],"about":[{"href":"https:\/\/portalcatolico.net\/portal\/wp-json\/wp\/v2\/types\/post"}],"author":[{"embeddable":true,"href":"https:\/\/portalcatolico.net\/portal\/wp-json\/wp\/v2\/users\/2"}],"replies":[{"embeddable":true,"href":"https:\/\/portalcatolico.net\/portal\/wp-json\/wp\/v2\/comments?post=80381"}],"version-history":[{"count":4,"href":"https:\/\/portalcatolico.net\/portal\/wp-json\/wp\/v2\/posts\/80381\/revisions"}],"predecessor-version":[{"id":80386,"href":"https:\/\/portalcatolico.net\/portal\/wp-json\/wp\/v2\/posts\/80381\/revisions\/80386"}],"wp:featuredmedia":[{"embeddable":true,"href":"https:\/\/portalcatolico.net\/portal\/wp-json\/wp\/v2\/media\/54176"}],"wp:attachment":[{"href":"https:\/\/portalcatolico.net\/portal\/wp-json\/wp\/v2\/media?parent=80381"}],"wp:term":[{"taxonomy":"category","embeddable":true,"href":"https:\/\/portalcatolico.net\/portal\/wp-json\/wp\/v2\/categories?post=80381"},{"taxonomy":"post_tag","embeddable":true,"href":"https:\/\/portalcatolico.net\/portal\/wp-json\/wp\/v2\/tags?post=80381"}],"curies":[{"name":"wp","href":"https:\/\/api.w.org\/{rel}","templated":true}]}}