{"id":80094,"date":"2024-03-14T20:37:18","date_gmt":"2024-03-14T23:37:18","guid":{"rendered":"http:\/\/portalcatolico.net\/portal\/?p=80094"},"modified":"2024-03-14T20:37:18","modified_gmt":"2024-03-14T23:37:18","slug":"devocao-mariana-lancamento-da-campanha-da-festa-da-padroeira-2024","status":"publish","type":"post","link":"https:\/\/portalcatolico.net\/portal\/devocao-mariana-lancamento-da-campanha-da-festa-da-padroeira-2024\/","title":{"rendered":"Devo\u00e7\u00e3o Mariana: Lan\u00e7amento da Campanha da Festa da Padroeira 2024"},"content":{"rendered":"<p>Neste m\u00eas de mar\u00e7o, especialmente no dia 13, foi mais um dia marcado pela profunda devo\u00e7\u00e3o mariana. Neste dia que antecede exatos 2 meses \u00e0s celebra\u00e7\u00f5es em honra de Nossa Senhora de F\u00e1tima, paroquianos se reuniram para uma noite especial de ora\u00e7\u00e3o e reflex\u00e3o, e lan\u00e7amento da campanha da festa 2024.<\/p>\n<p>O evento incluiu a recita\u00e7\u00e3o do Santo Ter\u00e7o, adora\u00e7\u00e3o a Jesus no Sant\u00edssimo Sacramento e uma breve reflex\u00e3o sobre a novena. Durante a celebra\u00e7\u00e3o, foi apresentada os materiais de divulga\u00e7\u00e3o da novena deste ano e discutidos alguns pontos do noven\u00e1rio pela coordena\u00e7\u00e3o da festa, com o padre Nicolau Klak falando sobre a import\u00e2ncia da novena e de Nossa Senhora. O evento encerrou com a b\u00ean\u00e7\u00e3o do Sant\u00edssimo Sacramento e um momento de confraterniza\u00e7\u00e3o com um coffee break.<\/p>\n<p class=\"wp-block-heading\"><strong>APRESENTA\u00c7\u00c3O DA CAMPANHA DA FESTA<\/strong><\/p>\n<p>Para a festa de Nossa Senhora de F\u00e1tima do ano de 2024, a identidade foi inspirada no tema<\/p>\n<blockquote class=\"wp-block-quote\"><p><strong><mark class=\"has-inline-color has-white-color\">\u201cMaria: M\u00e3e da Fraternidade\u201d,<\/mark><\/strong><\/p><\/blockquote>\n<p>que vem da campanha da fraternidade de 2024. O tema tem o objetivo de nos fazer refletir sobre a import\u00e2ncia e a beleza da fraternidade humana, tomando Maria, m\u00e3e de Jesus, como exemplo. Ele busca promover a Amizade Social, fortalecendo la\u00e7os de amizade que ajudam na uni\u00e3o e reconcilia\u00e7\u00e3o entre as pessoas. Isso favorece o bem comum. Ao vivermos a amizade de forma aberta, constru\u00edmos pontes entre diferentes grupos. Assim, encorajamos o di\u00e1logo e criamos uma cultura de encontro.<\/p>\n<p class=\"wp-block-heading\"><strong>CONCEITO DA IMAGEM<\/strong><\/p>\n<p>No centro, destaca-se a imagem de Nossa Senhora de F\u00e1tima. Ao seu redor, representa\u00e7\u00f5es estilizadas de pessoas de diferentes idades e etnias est\u00e3o unidas, formando um c\u00edrculo em volta da Virgem Maria. Essa composi\u00e7\u00e3o simboliza a fraternidade dentro da comunidade, tendo como maria modelo<\/p>\n<p class=\"wp-block-heading\"><strong>CONCEITO ELEMENTOS<\/strong><\/p>\n<p>Flores e folhas 3D adornam a imagem de Nossa Senhora, assim como nos per\u00edodos festivos, representando beleza, crescimento, renova\u00e7\u00e3o, amor e prote\u00e7\u00e3o espiritual. Esses elementos foram incorporados na imagem, criando uma atmosfera de festividade e celebra\u00e7\u00e3o.<\/p>\n<p>Fonte: <a href=\"https:\/\/paroquiadefatimaitabuna.com.br\/devocao-mariana-lancamento-da-campanha-da-festa-da-padroeira-2024\/\">Par\u00f3quia Nossa Senhora de Fatima de Itabuna(BA)<\/a><\/p>\n","protected":false},"excerpt":{"rendered":"<p>Neste m\u00eas de mar\u00e7o, especialmente no dia 13, foi mais um dia marcado pela profunda devo\u00e7\u00e3o mariana. Neste dia que antecede exatos 2 meses \u00e0s celebra\u00e7\u00f5es em honra de Nossa Senhora de F\u00e1tima, paroquianos se reuniram para uma noite especial de ora\u00e7\u00e3o e reflex\u00e3o, e lan\u00e7amento da campanha da festa 2024. O evento incluiu a&nbsp;<\/p>\n<p><a class=\"btn btn-style\" href=\"https:\/\/portalcatolico.net\/portal\/devocao-mariana-lancamento-da-campanha-da-festa-da-padroeira-2024\/\">Continue Reading<\/a><\/p>\n","protected":false},"author":2,"featured_media":80095,"comment_status":"open","ping_status":"open","sticky":false,"template":"","format":"standard","meta":{"footnotes":""},"categories":[4],"tags":[],"class_list":["post-80094","post","type-post","status-publish","format-standard","has-post-thumbnail","hentry","category-destaques"],"_links":{"self":[{"href":"https:\/\/portalcatolico.net\/portal\/wp-json\/wp\/v2\/posts\/80094","targetHints":{"allow":["GET"]}}],"collection":[{"href":"https:\/\/portalcatolico.net\/portal\/wp-json\/wp\/v2\/posts"}],"about":[{"href":"https:\/\/portalcatolico.net\/portal\/wp-json\/wp\/v2\/types\/post"}],"author":[{"embeddable":true,"href":"https:\/\/portalcatolico.net\/portal\/wp-json\/wp\/v2\/users\/2"}],"replies":[{"embeddable":true,"href":"https:\/\/portalcatolico.net\/portal\/wp-json\/wp\/v2\/comments?post=80094"}],"version-history":[{"count":1,"href":"https:\/\/portalcatolico.net\/portal\/wp-json\/wp\/v2\/posts\/80094\/revisions"}],"predecessor-version":[{"id":80096,"href":"https:\/\/portalcatolico.net\/portal\/wp-json\/wp\/v2\/posts\/80094\/revisions\/80096"}],"wp:featuredmedia":[{"embeddable":true,"href":"https:\/\/portalcatolico.net\/portal\/wp-json\/wp\/v2\/media\/80095"}],"wp:attachment":[{"href":"https:\/\/portalcatolico.net\/portal\/wp-json\/wp\/v2\/media?parent=80094"}],"wp:term":[{"taxonomy":"category","embeddable":true,"href":"https:\/\/portalcatolico.net\/portal\/wp-json\/wp\/v2\/categories?post=80094"},{"taxonomy":"post_tag","embeddable":true,"href":"https:\/\/portalcatolico.net\/portal\/wp-json\/wp\/v2\/tags?post=80094"}],"curies":[{"name":"wp","href":"https:\/\/api.w.org\/{rel}","templated":true}]}}