{"id":80088,"date":"2024-03-14T20:28:35","date_gmt":"2024-03-14T23:28:35","guid":{"rendered":"http:\/\/portalcatolico.net\/portal\/?p=80088"},"modified":"2024-03-14T20:28:35","modified_gmt":"2024-03-14T23:28:35","slug":"papa-deus-nos-fez-administradores-nao-senhores-do-planeta","status":"publish","type":"post","link":"https:\/\/portalcatolico.net\/portal\/papa-deus-nos-fez-administradores-nao-senhores-do-planeta\/","title":{"rendered":"Papa: Deus nos fez administradores, n\u00e3o senhores do planeta"},"content":{"rendered":"<div class=\"article__subTitle\">Na manh\u00e3 desta quinta-feira (14), o Papa recebeu em audi\u00eancia os participantes do workshop promovido pelas Pontif\u00edcias Academias de Ci\u00eancias e Ci\u00eancias Sociais, que tem como tema: &#8220;Conhecimento dos povos ind\u00edgenas e as ci\u00eancias&#8221;. &#8220;A Igreja est\u00e1 com voc\u00eas, aliada aos povos ind\u00edgenas e seus conhecimentos, e aliada \u00e0 ci\u00eancia para fazer com que a fraternidade e a amizade social cres\u00e7am no mundo&#8221;, enfatiza Francisco em seu discurso.<\/div>\n<div class=\"title__separator\">&nbsp;<\/div>\n<div class=\"article__text\">\n<p>As mudan\u00e7as clim\u00e1ticas, a perda de biodiversidade, as amea\u00e7as \u00e0 seguran\u00e7a alimentar e \u00e0 sa\u00fade e outros desafios ainda representam os problemas cr\u00edticos mais urgentes da atualidade e, para enfrent\u00e1-los, \u00e9 necess\u00e1rio levar em conta o conhecimento dos povos ind\u00edgenas e das ci\u00eancias. Foi o que observou Francisco ao receber em audi\u00eancia os participantes da confer\u00eancia que tem como objetivo, como explica o Papa, &#8220;reconhecer o grande valor da sabedoria dos povos nativos e favorecer o desenvolvimento humano integral e sustent\u00e1vel&#8221;, e tamb\u00e9m para &#8220;enviar uma mensagem aos governos e \u00e0s organiza\u00e7\u00f5es internacionais em favor da justi\u00e7a e da fraternidade&#8221;.<\/p>\n<p>O workshop, promovido pelas Pontif\u00edcias Academias de Ci\u00eancias e Ci\u00eancias Sociais, traz como tema:&nbsp;&#8220;Conhecimento dos povos ind\u00edgenas e as ci\u00eancias: Combinando conhecimento e ci\u00eancia sobre vulnerabilidades e solu\u00e7\u00f5es para a resili\u00eancia&#8221;, realizado no Vaticano, nos dias 14 e 15 de mar\u00e7o.&nbsp; Entre os participantes est\u00e3o presentes diversos representantes do Brasil, entre eles,&nbsp;a ministra do governo brasileiro para os Povos Ind\u00edgenas, S\u00f4nia Guajajara.<\/p>\n<p><strong>Crescer na escuta&nbsp;rec\u00edproca<\/strong><\/p>\n<p>Francisco, ao receber os participantes, deu-lhes as boas-vindas e afirmou que, devido a um resfriado, o padre rosminiano Pierluigi Giroli \u00e9 quem deveria ler seu discurso. No in\u00edcio do texto, o Santo Padre manifesta seu apre\u00e7o pela iniciativa e lembra que, gra\u00e7as aos esfor\u00e7os da Organiza\u00e7\u00e3o das Na\u00e7\u00f5es Unidas para a Alimenta\u00e7\u00e3o e a Agricultura (FAO), nasceu uma plataforma que re\u00fane cientistas, acad\u00eamicos e especialistas ind\u00edgenas e n\u00e3o ind\u00edgenas, para estabelecer um di\u00e1logo que visa garantir a salvaguarda dos sistemas alimentares dos povos origin\u00e1rios.<\/p>\n<p><i>&#8220;Gostaria de destacar que esse workshop representa uma oportunidade para crescermos em escuta rec\u00edproca: escutar os povos ind\u00edgenas, para aprender com sua sabedoria e seus estilos de vida, e ao mesmo tempo escutar os cientistas, para beneficiar-se de suas pesquisas.&#8221;<\/i><\/p>\n<p><strong>Proteger a diversidade de tradi\u00e7\u00f5es e culturas<\/strong><\/p>\n<p>O Papa observa que a confer\u00eancia tem o objetivo de convocar governos e grandes organiza\u00e7\u00f5es para reconhecer e respeitar &#8220;a diversidade dentro da grande fam\u00edlia humana&#8221;. A perda de tradi\u00e7\u00f5es, culturas e espiritualidade, enfatiza, representaria de fato um empobrecimento para todos:<\/p>\n<p><i>&#8220;Os projetos de pesquisa cient\u00edfica e, consequentemente, investimentos, devem ser direcionados decisivamente para a promo\u00e7\u00e3o da fraternidade humana, justi\u00e7a e paz, para que os recursos possam ser coordenados e alocados para responder aos desafios urgentes enfrentados pela Terra, nosso lar comum, e pela fam\u00edlia dos povos.&#8221;<\/i><\/p>\n<p><strong>O di\u00e1logo ajuda a superar os conflitos<\/strong><\/p>\n<p>O texto do Pont\u00edfice sublinha a necessidade de uma convers\u00e3o e uma vis\u00e3o alternativa \u00e0quela que atualmente conduz nosso mundo a conflitos crescentes. &#8220;O di\u00e1logo aberto entre o conhecimento ind\u00edgena e as ci\u00eancias, entre comunidades de sabedoria ancestral e as das ci\u00eancias, pode ajudar a enfrentar de maneira nova, mais integral e mais eficaz quest\u00f5es cruciais como \u00e1gua, mudan\u00e7as clim\u00e1ticas, fome e biodiversidade&#8221;, enfatiza Francisco. Para o Papa, essas quest\u00f5es est\u00e3o todas interconectadas:<\/p>\n<p><i>&#8220;No di\u00e1logo entre o conhecimento ind\u00edgena e a ci\u00eancia, devemos ter claramente em mente que todo esse patrim\u00f4nio de conhecimento deve ser empregado como meio de superar conflitos de maneira n\u00e3o violenta e combater a pobreza e as novas formas de escravid\u00e3o. Deus, o Criador e Pai de todos os povos e de tudo o que existe, nos chama hoje a viver e testemunhar nosso chamado humano \u00e0 fraternidade universal, liberdade, justi\u00e7a, di\u00e1logo, encontro rec\u00edproco, amor e paz, e evitar alimentar o \u00f3dio, ressentimento, divis\u00e3o, viol\u00eancia e guerra.&#8221;<\/i><\/p>\n<div>\n<div class=\"article__embed article__embed--border embed_style\">\n<blockquote><p>\u201cDeus nos fez guardi\u00f5es e n\u00e3o senhores do planeta: somos todos chamados a uma convers\u00e3o ecol\u00f3gica, comprometidos em salvar nossa casa comum e viver uma solidariedade intergeracional para salvaguardar a vida das gera\u00e7\u00f5es futuras, em vez de dissipar recursos e aumentar a desigualdade, a explora\u00e7\u00e3o e a destrui\u00e7\u00e3o.\u201d<\/p><\/blockquote>\n<\/div>\n<\/div>\n<p><strong>A Igreja aliada aos povos ind\u00edgenas e \u00e0 ci\u00eancia<\/strong><\/p>\n<p>As palavras finais do Papa para os participantes da confer\u00eancia s\u00e3o de encorajamento para continuar o compromisso e o acompanhamento. Assegurando-lhes suas ora\u00e7\u00f5es e b\u00ean\u00e7\u00e3os, Francisco afirma:<\/p>\n<p><i>&#8220;A Igreja est\u00e1 com voc\u00eas, aliada aos povos ind\u00edgenas e seus conhecimentos, e aliada \u00e0 ci\u00eancia para fazer com que a fraternidade e a amizade social cres\u00e7am no mundo&#8221;.(<\/i><b>Vatican News)<\/b><\/p>\n<\/div>\n","protected":false},"excerpt":{"rendered":"<p>Na manh\u00e3 desta quinta-feira (14), o Papa recebeu em audi\u00eancia os participantes do workshop promovido pelas Pontif\u00edcias Academias de Ci\u00eancias e Ci\u00eancias Sociais, que tem como tema: &#8220;Conhecimento dos povos ind\u00edgenas e as ci\u00eancias&#8221;. &#8220;A Igreja est\u00e1 com voc\u00eas, aliada aos povos ind\u00edgenas e seus conhecimentos, e aliada \u00e0 ci\u00eancia para fazer com que a&nbsp;<\/p>\n<p><a class=\"btn btn-style\" href=\"https:\/\/portalcatolico.net\/portal\/papa-deus-nos-fez-administradores-nao-senhores-do-planeta\/\">Continue Reading<\/a><\/p>\n","protected":false},"author":2,"featured_media":80089,"comment_status":"open","ping_status":"open","sticky":false,"template":"","format":"standard","meta":{"footnotes":""},"categories":[5],"tags":[],"class_list":["post-80088","post","type-post","status-publish","format-standard","has-post-thumbnail","hentry","category-igreja_no_mundo"],"_links":{"self":[{"href":"https:\/\/portalcatolico.net\/portal\/wp-json\/wp\/v2\/posts\/80088","targetHints":{"allow":["GET"]}}],"collection":[{"href":"https:\/\/portalcatolico.net\/portal\/wp-json\/wp\/v2\/posts"}],"about":[{"href":"https:\/\/portalcatolico.net\/portal\/wp-json\/wp\/v2\/types\/post"}],"author":[{"embeddable":true,"href":"https:\/\/portalcatolico.net\/portal\/wp-json\/wp\/v2\/users\/2"}],"replies":[{"embeddable":true,"href":"https:\/\/portalcatolico.net\/portal\/wp-json\/wp\/v2\/comments?post=80088"}],"version-history":[{"count":1,"href":"https:\/\/portalcatolico.net\/portal\/wp-json\/wp\/v2\/posts\/80088\/revisions"}],"predecessor-version":[{"id":80090,"href":"https:\/\/portalcatolico.net\/portal\/wp-json\/wp\/v2\/posts\/80088\/revisions\/80090"}],"wp:featuredmedia":[{"embeddable":true,"href":"https:\/\/portalcatolico.net\/portal\/wp-json\/wp\/v2\/media\/80089"}],"wp:attachment":[{"href":"https:\/\/portalcatolico.net\/portal\/wp-json\/wp\/v2\/media?parent=80088"}],"wp:term":[{"taxonomy":"category","embeddable":true,"href":"https:\/\/portalcatolico.net\/portal\/wp-json\/wp\/v2\/categories?post=80088"},{"taxonomy":"post_tag","embeddable":true,"href":"https:\/\/portalcatolico.net\/portal\/wp-json\/wp\/v2\/tags?post=80088"}],"curies":[{"name":"wp","href":"https:\/\/api.w.org\/{rel}","templated":true}]}}