{"id":80083,"date":"2024-03-13T18:10:25","date_gmt":"2024-03-13T21:10:25","guid":{"rendered":"http:\/\/portalcatolico.net\/portal\/?p=80083"},"modified":"2024-03-13T20:28:22","modified_gmt":"2024-03-13T23:28:22","slug":"papa-nomeia-novo-bispo-para-diocese-de-bom-jesus-da-lapa-ba","status":"publish","type":"post","link":"https:\/\/portalcatolico.net\/portal\/papa-nomeia-novo-bispo-para-diocese-de-bom-jesus-da-lapa-ba\/","title":{"rendered":"PAPA NOMEIA NOVO BISPO PARA DIOCESE DE BOM JESUS DA LAPA (BA)"},"content":{"rendered":"<p>O Papa Francisco nomeou nesta quarta-feira, 13 de mar\u00e7o, dom Rubival Cabral Britto, OFMCap, como bispo da diocese de Bom Jesus da Lapa (BA), transferindo-o da Sede Episcopal de Graja\u00fa, Estado do Maranh\u00e3o. A diocese de Bom Jesus da Lapa encontrava-se vacante desde julho de 2023 quando o Santo Padre transferiu dom Jo\u00e3o Santos Cardoso ao governo pastoral da arquidiocese de Natal (RN). A Confer\u00eancia Nacional dos Bispos do Brasil (CNBB) enviou sauda\u00e7\u00e3o a dom Rubival.<\/p>\n<blockquote>\n<h3>Sauda\u00e7\u00e3o a Dom Rubival Cabral Britto<\/h3>\n<p>Estimado irm\u00e3o, Dom Rubival Cabral Britto,<\/p>\n<p>Com alegria, recebemos a not\u00edcia de sua nomea\u00e7\u00e3o para a diocese de Bom Jesus na Lapa, na Bahia, no regional Nordeste 3 da CNBB. Expressamos nossos votos de um frutuoso minist\u00e9rio nessa Igreja Particular margeada pelo rio S\u00e3o Francisco que abriga o Santu\u00e1rio do Bom Jesus Lapa, local de express\u00e3o forte da f\u00e9.<\/p>\n<p>Recordando a devo\u00e7\u00e3o popular como lugar de encontro com Jesus Cristo, fazemos mem\u00f3ria do Documento de Aparecida, em seu n\u00famero 258, sobre a piedade e a f\u00e9 do povo brasileiro, de modo que possa ser luz em sua nova miss\u00e3o: \u201cEsta maneira de expressar a f\u00e9 est\u00e1 presente de diversas formas em todos os setores sociais, em uma multid\u00e3o que merece nosso respeito e carinho, porque sua piedade reflete uma sede de Deus que somente os pobres e simples podem conhecer\u201d.<\/p>\n<p>Que a certeza da proximidade e da prote\u00e7\u00e3o de Bom Jesus da Lapa possa ser for\u00e7a e \u00e2nimo para essa nova etapa em seu minist\u00e9rio.<\/p>\n<p><em>Em Cristo,<\/em><\/p>\n<p><strong>Dom Jaime Spengler&nbsp;<\/strong><br \/>\n<span data-contrast=\"auto\">Arcebispo de Porto Alegre (RS)<\/span><br \/>\n<span data-contrast=\"auto\">Presidente da CNBB<\/span><span data-ccp-props=\"{&quot;201341983&quot;:0,&quot;335559739&quot;:160,&quot;335559740&quot;:259}\">&nbsp;<\/span><\/p>\n<p><strong>Dom Jo\u00e3o Justino de Medeiros Silva&nbsp;<\/strong><br \/>\n<span data-contrast=\"auto\">Arcebispo de Goi\u00e2nia (GO)<\/span><br \/>\n<span data-contrast=\"auto\">Primeiro Vice-presidente da CNBB<\/span><span data-ccp-props=\"{&quot;201341983&quot;:0,&quot;335559739&quot;:160,&quot;335559740&quot;:259}\">&nbsp;<\/span><\/p>\n<p><strong>Dom Paulo Jackson N\u00f3brega de Sousa&nbsp;<\/strong><br \/>\n<span data-contrast=\"auto\">Arcebispo eleito de Olinda e Recife (PE)<\/span><br \/>\n<span data-contrast=\"auto\">Segundo Vice-presidente da CNBB<\/span><span data-ccp-props=\"{&quot;201341983&quot;:0,&quot;335559739&quot;:160,&quot;335559740&quot;:259}\">&nbsp;<\/span><\/p>\n<p><strong>Dom Ricardo Hoepers&nbsp;<\/strong><br \/>\n<span data-contrast=\"auto\">Bispo Auxiliar de Bras\u00edlia (DF)<\/span><br \/>\n<span data-contrast=\"auto\">Secret\u00e1rio-geral da CNBB<\/span><span data-ccp-props=\"{&quot;201341983&quot;:0,&quot;335559739&quot;:160,&quot;335559740&quot;:259}\">&nbsp;<\/span><\/p><\/blockquote>\n<h3>Biografia e trajet\u00f3ria eclesial<\/h3>\n<p>Dom Rubival nasceu na cidade de Jaguaquara (BA), no dia 21 de julho de 1969, filho de Rubens Alves Brito e Maria de Lourdes Cabral Brito. Desde jovem demonstrava interesse pelas coisas de Deus, e em sua par\u00f3quia, Nossa Senhora do Perp\u00e9tuo Socorro, em Jequi\u00e9, atuou na vida pastoral da igreja, participando de grupos como o Apostolado da Ora\u00e7\u00e3o, JUEC, Pastoral da Crian\u00e7a e atuando como coroinha.<\/p>\n<p>No ano de 1997, dom Rubival participou de um Encontro Vocacional da Diocese de Jequi\u00e9, onde percebeu sua voca\u00e7\u00e3o ao sacerd\u00f3cio. Em 1989, ao conhecer os Frades Capuchinhos na cidade de Jaguaquara, sentiu-se convidado a ingressar na Ordem, o que efetivamente fez no ano seguinte na cidade de Alagoinhas; fez ent\u00e3o o noviciado em Esplanada no de 1992, onde emitiu os primeiros votos de castidade, pobreza e obedi\u00eancias pelas m\u00e3os de Frei Carlos In\u00e1cio de Souza, o ent\u00e3o Ministro Provincial.<\/p>\n<p>Cursou Filosofia no Instituto de Teologia de Ilh\u00e9us, mesmo per\u00edodo em que se dedicou tamb\u00e9m \u00e0 pastoral vocacional, ajudando os jovens a discernirem sua voca\u00e7\u00e3o. Estudou Teologia na Universidade Cat\u00f3lica do Salvador, \u00e9poca que prestou servi\u00e7os pastorais \u00e0 comunidade de Val\u00e9ria, na capital baiana.<\/p>\n<p>Foi ordenado sacerdote no dia 17 de dezembro 2000, tornando-se frade menor capuchinho da prov\u00edncia Nossa Senhora da Piedade da Bahia e Sergipe, na qual exerceu diversos servi\u00e7os tais como promotor vocacional provincial, secret\u00e1rio provincial, ec\u00f4nomo e formador, administrador paroquial, definidor provincial para as miss\u00f5es, mestre de Novi\u00e7os, sendo eleito o Ministro Provincial por dois mandatos consecutivos, entre 2007 e 2013. Ele tamb\u00e9m participou de uma miss\u00e3o em Benim, na \u00c1frica.<\/p>\n<p>Em dezembro de 2014, foi convidado a dirigir o col\u00e9gio Paulo VI, em Vit\u00f3ria da Conquista, e enquanto dirigia o col\u00e9gio fez o doutorado em Ci\u00eancias da Educa\u00e7\u00e3o, atrav\u00e9s do Instituto Internacional de Educa\u00e7\u00e3o na Faculdade de Humanidades e Artes da Universidade Federal de Ros\u00e1rio, na Argentina. Ainda diretor do Paulo VI, dom Rubival foi nomeado bispo da diocese de Graja\u00fa, no Maranh\u00e3o, no dia 7 de dezembro de 2016 pelo Papa Francisco.&nbsp;Sua ordena\u00e7\u00e3o episcopal ocorreu em Vit\u00f3ria da Conquista, no dia 11 de fevereiro de 2017, no gin\u00e1sio de esportes Raul Ferraz. No dia 25 de mar\u00e7o ele foi empossado bispo de Graja\u00fa.<\/p>\n<p><a href=\"https:\/\/www.vaticannews.va\/pt\/papa\/news\/2024-03\/papa-nomeacoes-brasil-aracaju-sao-felix-bom-jesus-da-lapa.html\">CNBB<\/a><\/p>\n","protected":false},"excerpt":{"rendered":"<p>O Papa Francisco nomeou nesta quarta-feira, 13 de mar\u00e7o, dom Rubival Cabral Britto, OFMCap, como bispo da diocese de Bom Jesus da Lapa (BA), transferindo-o da Sede Episcopal de Graja\u00fa, Estado do Maranh\u00e3o. A diocese de Bom Jesus da Lapa encontrava-se vacante desde julho de 2023 quando o Santo Padre transferiu dom Jo\u00e3o Santos Cardoso&nbsp;<\/p>\n<p><a class=\"btn btn-style\" href=\"https:\/\/portalcatolico.net\/portal\/papa-nomeia-novo-bispo-para-diocese-de-bom-jesus-da-lapa-ba\/\">Continue Reading<\/a><\/p>\n","protected":false},"author":2,"featured_media":80084,"comment_status":"open","ping_status":"open","sticky":false,"template":"","format":"standard","meta":{"footnotes":""},"categories":[4],"tags":[],"class_list":["post-80083","post","type-post","status-publish","format-standard","has-post-thumbnail","hentry","category-destaques"],"_links":{"self":[{"href":"https:\/\/portalcatolico.net\/portal\/wp-json\/wp\/v2\/posts\/80083","targetHints":{"allow":["GET"]}}],"collection":[{"href":"https:\/\/portalcatolico.net\/portal\/wp-json\/wp\/v2\/posts"}],"about":[{"href":"https:\/\/portalcatolico.net\/portal\/wp-json\/wp\/v2\/types\/post"}],"author":[{"embeddable":true,"href":"https:\/\/portalcatolico.net\/portal\/wp-json\/wp\/v2\/users\/2"}],"replies":[{"embeddable":true,"href":"https:\/\/portalcatolico.net\/portal\/wp-json\/wp\/v2\/comments?post=80083"}],"version-history":[{"count":3,"href":"https:\/\/portalcatolico.net\/portal\/wp-json\/wp\/v2\/posts\/80083\/revisions"}],"predecessor-version":[{"id":80087,"href":"https:\/\/portalcatolico.net\/portal\/wp-json\/wp\/v2\/posts\/80083\/revisions\/80087"}],"wp:featuredmedia":[{"embeddable":true,"href":"https:\/\/portalcatolico.net\/portal\/wp-json\/wp\/v2\/media\/80084"}],"wp:attachment":[{"href":"https:\/\/portalcatolico.net\/portal\/wp-json\/wp\/v2\/media?parent=80083"}],"wp:term":[{"taxonomy":"category","embeddable":true,"href":"https:\/\/portalcatolico.net\/portal\/wp-json\/wp\/v2\/categories?post=80083"},{"taxonomy":"post_tag","embeddable":true,"href":"https:\/\/portalcatolico.net\/portal\/wp-json\/wp\/v2\/tags?post=80083"}],"curies":[{"name":"wp","href":"https:\/\/api.w.org\/{rel}","templated":true}]}}