{"id":80077,"date":"2024-03-13T20:17:52","date_gmt":"2024-03-13T23:17:52","guid":{"rendered":"http:\/\/portalcatolico.net\/portal\/?p=80077"},"modified":"2024-03-13T20:17:52","modified_gmt":"2024-03-13T23:17:52","slug":"diocese-de-eunapolis-convida-para-caminhada-penitencial","status":"publish","type":"post","link":"https:\/\/portalcatolico.net\/portal\/diocese-de-eunapolis-convida-para-caminhada-penitencial\/","title":{"rendered":"Diocese de Eun\u00e1polis convida para Caminhada Penitencial"},"content":{"rendered":"<div dir=\"auto\">A Forania Centro da Diocese de Eun\u00e1polis convida toda a comunidade for\u00e2nea para participar da primeira Caminhada Penitencial que acontecer\u00e1 no dia 17 de mar\u00e7o com sa\u00edda prevista da Catedral Nossa Senhora Auxiliadora, \u00e0s 6h, em dire\u00e7\u00e3o \u00e0 Par\u00f3quia S\u00e3o Jorge na Col\u00f4nia.<\/div>\n<div dir=\"auto\">\n<div dir=\"auto\">\u00c0s 9h, acontecer\u00e1 a celebra\u00e7\u00e3o da Santa Missa que ser\u00e1 presidida por Dom Jos\u00e9 Edson Santana Oliveira, Bispo Diocesano de Eun\u00e1polis.<\/div>\n<p>Participe deste ato de f\u00e9!<\/p><\/div>\n","protected":false},"excerpt":{"rendered":"<p>A Forania Centro da Diocese de Eun\u00e1polis convida toda a comunidade for\u00e2nea para participar da primeira Caminhada Penitencial que acontecer\u00e1 no dia 17 de mar\u00e7o com sa\u00edda prevista da Catedral Nossa Senhora Auxiliadora, \u00e0s 6h, em dire\u00e7\u00e3o \u00e0 Par\u00f3quia S\u00e3o Jorge na Col\u00f4nia. \u00c0s 9h, acontecer\u00e1 a celebra\u00e7\u00e3o da Santa Missa que ser\u00e1 presidida por&nbsp;<\/p>\n<p><a class=\"btn btn-style\" href=\"https:\/\/portalcatolico.net\/portal\/diocese-de-eunapolis-convida-para-caminhada-penitencial\/\">Continue Reading<\/a><\/p>\n","protected":false},"author":2,"featured_media":80078,"comment_status":"open","ping_status":"open","sticky":false,"template":"","format":"standard","meta":{"footnotes":""},"categories":[4],"tags":[],"class_list":["post-80077","post","type-post","status-publish","format-standard","has-post-thumbnail","hentry","category-destaques"],"_links":{"self":[{"href":"https:\/\/portalcatolico.net\/portal\/wp-json\/wp\/v2\/posts\/80077","targetHints":{"allow":["GET"]}}],"collection":[{"href":"https:\/\/portalcatolico.net\/portal\/wp-json\/wp\/v2\/posts"}],"about":[{"href":"https:\/\/portalcatolico.net\/portal\/wp-json\/wp\/v2\/types\/post"}],"author":[{"embeddable":true,"href":"https:\/\/portalcatolico.net\/portal\/wp-json\/wp\/v2\/users\/2"}],"replies":[{"embeddable":true,"href":"https:\/\/portalcatolico.net\/portal\/wp-json\/wp\/v2\/comments?post=80077"}],"version-history":[{"count":1,"href":"https:\/\/portalcatolico.net\/portal\/wp-json\/wp\/v2\/posts\/80077\/revisions"}],"predecessor-version":[{"id":80079,"href":"https:\/\/portalcatolico.net\/portal\/wp-json\/wp\/v2\/posts\/80077\/revisions\/80079"}],"wp:featuredmedia":[{"embeddable":true,"href":"https:\/\/portalcatolico.net\/portal\/wp-json\/wp\/v2\/media\/80078"}],"wp:attachment":[{"href":"https:\/\/portalcatolico.net\/portal\/wp-json\/wp\/v2\/media?parent=80077"}],"wp:term":[{"taxonomy":"category","embeddable":true,"href":"https:\/\/portalcatolico.net\/portal\/wp-json\/wp\/v2\/categories?post=80077"},{"taxonomy":"post_tag","embeddable":true,"href":"https:\/\/portalcatolico.net\/portal\/wp-json\/wp\/v2\/tags?post=80077"}],"curies":[{"name":"wp","href":"https:\/\/api.w.org\/{rel}","templated":true}]}}