{"id":80074,"date":"2024-03-13T20:16:33","date_gmt":"2024-03-13T23:16:33","guid":{"rendered":"http:\/\/portalcatolico.net\/portal\/?p=80074"},"modified":"2024-03-13T20:16:33","modified_gmt":"2024-03-13T23:16:33","slug":"academia-marial-promove-xvii-congresso-mariologico","status":"publish","type":"post","link":"https:\/\/portalcatolico.net\/portal\/academia-marial-promove-xvii-congresso-mariologico\/","title":{"rendered":"Academia Marial promove XVII Congresso Mariol\u00f3gico"},"content":{"rendered":"<p><i>Evento conta com a presen\u00e7a de Mestre e Doutores nas palestras<\/i><br \/>\n&nbsp;<\/p>\n<p><i>Por Carla Moura<\/i><\/p>\n<p>Est\u00e3o abertas as inscri\u00e7\u00f5es para o&nbsp;<b>XVII Congresso Mariol\u00f3gico<\/b>, promovido pela&nbsp;<b>Academia Marial de Aparecida<\/b>&nbsp;com apoio da Faculdade Dehoniana. A tem\u00e1tica do congresso este ano \u00e9&nbsp;<i>&#8220;Todas as gera\u00e7\u00f5es me chamar\u00e3o bem-aventurada!&#8221; (Lc 1,48) &#8211; A Mariologia e as Mariofanias Atuais.<\/i><\/p>\n<p>O evento ocorrer\u00e1 do dia 15 a 18 de maio de 2024 de forma h\u00edbrido, presencial no&nbsp;<b>Centro de Eventos Pe. Vitor Coelho de Almeida<\/b>, localizado no complexo do&nbsp;<b>Santu\u00e1rio Nacional<\/b>&nbsp;e online. A abertura do Congresso Mariol\u00f3gico contar\u00e1 com a presen\u00e7a do Arcebispo de Aparecida e Chanceler da Academia Marial, dom Orlando Brandes e do Reitor do Santu\u00e1rio Nacional e Presidente da Academia Marial, Pe. Eduardo Catalfo, CSsR.<\/p>\n<p>O encontro mariol\u00f3gico deste ano ter\u00e1 a presen\u00e7a dos seguintes palestrantes: Dr. Ir. Afonso Murad, FMS, Dra. prof\u00aa. L\u00facia Pedrosa P\u00e1dua, Dra. Prof\u00aa. Andrea Serrato, Dr. Pe. Alexandre Swi, ISch, Prof .Pe. Marcial Ma\u00e7aneiro, SCJ, Prof.Dr. Pe. Jo\u00e3o Carlos Almeida, SCJ. &nbsp;As inscri\u00e7\u00f5es devem ser feitas at\u00e9 o dia 10 de maio pelo site&nbsp;<a href=\"https:\/\/click.informativo.santuarionacional.com.br\/?qs=ddf2e406c3f5b921c8258a8df5719246c1492b04e7285334b761128585f5778d3380a32a917bf72f83a7e7553cfcd71c\" target=\"_blank\" rel=\"noopener noreferrer\">www.a12.com\/academia<\/a>.<\/p>\n<p><b>Academia Marial<\/b><\/p>\n<p>A&nbsp;<b>Academia Marial<\/b>&nbsp;foi fundada atrav\u00e9s do decreto de cria\u00e7\u00e3o da cidade de Aparecida no dia 16 de julho de 1985, no in\u00edcio do XI Congresso Eucar\u00edstico Nacional e Festa de Nossa Senhora do Carmo. Atrav\u00e9s deste decreto tamb\u00e9m foi nomeado o primeiro presidente da&nbsp;<b>Academia Marial<\/b>&nbsp;o C\u00f4nego Jo\u00e3o Machado, que ficou com a responsabilidade de estruturar essa institui\u00e7\u00e3o.<\/p>\n<p>O objetivo da&nbsp;<b>Academia Marial<\/b>&nbsp;\u00e9 propagar a devo\u00e7\u00e3o a&nbsp;<b>Nossa Senhora Aparecida<\/b>&nbsp;e tamb\u00e9m incentivar os estudos, reflex\u00f5es e pesquisas da teologia Mariana. A&nbsp;<b>Academia Marial<\/b>&nbsp;fica sediada no 11\u00ba andar da Torre Bras\u00edlia no&nbsp;<b>Santu\u00e1rio Nacional da Concei\u00e7\u00e3o Aparecida.<\/b><\/p>\n<p>Foto: Divulga\u00e7\u00e3o\/Academia Marial<\/p>\n","protected":false},"excerpt":{"rendered":"<p>Evento conta com a presen\u00e7a de Mestre e Doutores nas palestras &nbsp; Por Carla Moura Est\u00e3o abertas as inscri\u00e7\u00f5es para o&nbsp;XVII Congresso Mariol\u00f3gico, promovido pela&nbsp;Academia Marial de Aparecida&nbsp;com apoio da Faculdade Dehoniana. A tem\u00e1tica do congresso este ano \u00e9&nbsp;&#8220;Todas as gera\u00e7\u00f5es me chamar\u00e3o bem-aventurada!&#8221; (Lc 1,48) &#8211; A Mariologia e as Mariofanias Atuais. O evento&nbsp;<\/p>\n<p><a class=\"btn btn-style\" href=\"https:\/\/portalcatolico.net\/portal\/academia-marial-promove-xvii-congresso-mariologico\/\">Continue Reading<\/a><\/p>\n","protected":false},"author":2,"featured_media":80075,"comment_status":"open","ping_status":"open","sticky":false,"template":"","format":"standard","meta":{"footnotes":""},"categories":[3],"tags":[],"class_list":["post-80074","post","type-post","status-publish","format-standard","has-post-thumbnail","hentry","category-noticias_regionais"],"_links":{"self":[{"href":"https:\/\/portalcatolico.net\/portal\/wp-json\/wp\/v2\/posts\/80074","targetHints":{"allow":["GET"]}}],"collection":[{"href":"https:\/\/portalcatolico.net\/portal\/wp-json\/wp\/v2\/posts"}],"about":[{"href":"https:\/\/portalcatolico.net\/portal\/wp-json\/wp\/v2\/types\/post"}],"author":[{"embeddable":true,"href":"https:\/\/portalcatolico.net\/portal\/wp-json\/wp\/v2\/users\/2"}],"replies":[{"embeddable":true,"href":"https:\/\/portalcatolico.net\/portal\/wp-json\/wp\/v2\/comments?post=80074"}],"version-history":[{"count":1,"href":"https:\/\/portalcatolico.net\/portal\/wp-json\/wp\/v2\/posts\/80074\/revisions"}],"predecessor-version":[{"id":80076,"href":"https:\/\/portalcatolico.net\/portal\/wp-json\/wp\/v2\/posts\/80074\/revisions\/80076"}],"wp:featuredmedia":[{"embeddable":true,"href":"https:\/\/portalcatolico.net\/portal\/wp-json\/wp\/v2\/media\/80075"}],"wp:attachment":[{"href":"https:\/\/portalcatolico.net\/portal\/wp-json\/wp\/v2\/media?parent=80074"}],"wp:term":[{"taxonomy":"category","embeddable":true,"href":"https:\/\/portalcatolico.net\/portal\/wp-json\/wp\/v2\/categories?post=80074"},{"taxonomy":"post_tag","embeddable":true,"href":"https:\/\/portalcatolico.net\/portal\/wp-json\/wp\/v2\/tags?post=80074"}],"curies":[{"name":"wp","href":"https:\/\/api.w.org\/{rel}","templated":true}]}}