{"id":80066,"date":"2024-03-11T20:39:23","date_gmt":"2024-03-11T23:39:23","guid":{"rendered":"http:\/\/portalcatolico.net\/portal\/?p=80066"},"modified":"2024-03-13T20:13:57","modified_gmt":"2024-03-13T23:13:57","slug":"novenario-de-sao-jose-comecou-hoje-em-itabuna","status":"publish","type":"post","link":"https:\/\/portalcatolico.net\/portal\/novenario-de-sao-jose-comecou-hoje-em-itabuna\/","title":{"rendered":"Noven\u00e1rio de S\u00e3o Jos\u00e9 come\u00e7ou ontem em Itabuna!"},"content":{"rendered":"<div dir=\"auto\">\n<div dir=\"auto\">O Dia de S\u00e3o Jos\u00e9 \u00e9 comemorado anualmente em 19 de mar\u00e7o. Esta \u00e9 uma data religiosa que celebra a figura do &#8220;pai terreno&#8221; de Jesus Cristo e esposo de Maria, m\u00e3e de Cristo: Jos\u00e9 de Nazar\u00e9 ou Jos\u00e9, o Carpinteiro \u00e9 um dos santos mais venerados pela Igreja Cat\u00f3lica em todo o mundo.<\/div>\n<div dir=\"auto\">Na Diocese de Itabuna (BA), o santo \u00e9 patrono de Itabuna, Una e S\u00e3o Jos\u00e9 da Vit\u00f3ria.<\/div>\n<\/div>\n<div dir=\"auto\">No munic\u00edpio itabunense, as homenagens ao padroeiro da Catedral, da Diocese e cidade de Itabuna, come\u00e7aram neste domingo, dia 10, e seguem at\u00e9 o dia festivo, 19.<\/div>\n<div dir=\"auto\">Neste domingo, os fieis lotaram a Catedral que leva o nome do santo e refletiram sobre o tema: &#8220;A voca\u00e7\u00e3o universal \u00e0 ora\u00e7\u00e3o.&nbsp;<\/div>\n<div dir=\"auto\">As missas do noven\u00e1rio acontecem todas as noites, \u00e0s 19h.&nbsp;<\/div>\n<div dir=\"auto\">No dia festivo, feriado municipal, a programa\u00e7\u00e3o acontece durante todo o dia, finalizando com a tradicional prociss\u00e3o.<\/div>\n<div dir=\"auto\">Confira a programa\u00e7\u00e3o completa nos cartazes ou no Instagram da Catedral: <a href=\"https:\/\/www.instagram.com\/catedralitabuna\/\">@catedralitabuna.<\/a><\/div>\n","protected":false},"excerpt":{"rendered":"<p>O Dia de S\u00e3o Jos\u00e9 \u00e9 comemorado anualmente em 19 de mar\u00e7o. Esta \u00e9 uma data religiosa que celebra a figura do &#8220;pai terreno&#8221; de Jesus Cristo e esposo de Maria, m\u00e3e de Cristo: Jos\u00e9 de Nazar\u00e9 ou Jos\u00e9, o Carpinteiro \u00e9 um dos santos mais venerados pela Igreja Cat\u00f3lica em todo o mundo. Na&nbsp;<\/p>\n<p><a class=\"btn btn-style\" href=\"https:\/\/portalcatolico.net\/portal\/novenario-de-sao-jose-comecou-hoje-em-itabuna\/\">Continue Reading<\/a><\/p>\n","protected":false},"author":2,"featured_media":77529,"comment_status":"open","ping_status":"open","sticky":false,"template":"","format":"standard","meta":{"footnotes":""},"categories":[4],"tags":[],"class_list":["post-80066","post","type-post","status-publish","format-standard","has-post-thumbnail","hentry","category-destaques"],"_links":{"self":[{"href":"https:\/\/portalcatolico.net\/portal\/wp-json\/wp\/v2\/posts\/80066","targetHints":{"allow":["GET"]}}],"collection":[{"href":"https:\/\/portalcatolico.net\/portal\/wp-json\/wp\/v2\/posts"}],"about":[{"href":"https:\/\/portalcatolico.net\/portal\/wp-json\/wp\/v2\/types\/post"}],"author":[{"embeddable":true,"href":"https:\/\/portalcatolico.net\/portal\/wp-json\/wp\/v2\/users\/2"}],"replies":[{"embeddable":true,"href":"https:\/\/portalcatolico.net\/portal\/wp-json\/wp\/v2\/comments?post=80066"}],"version-history":[{"count":2,"href":"https:\/\/portalcatolico.net\/portal\/wp-json\/wp\/v2\/posts\/80066\/revisions"}],"predecessor-version":[{"id":80073,"href":"https:\/\/portalcatolico.net\/portal\/wp-json\/wp\/v2\/posts\/80066\/revisions\/80073"}],"wp:featuredmedia":[{"embeddable":true,"href":"https:\/\/portalcatolico.net\/portal\/wp-json\/wp\/v2\/media\/77529"}],"wp:attachment":[{"href":"https:\/\/portalcatolico.net\/portal\/wp-json\/wp\/v2\/media?parent=80066"}],"wp:term":[{"taxonomy":"category","embeddable":true,"href":"https:\/\/portalcatolico.net\/portal\/wp-json\/wp\/v2\/categories?post=80066"},{"taxonomy":"post_tag","embeddable":true,"href":"https:\/\/portalcatolico.net\/portal\/wp-json\/wp\/v2\/tags?post=80066"}],"curies":[{"name":"wp","href":"https:\/\/api.w.org\/{rel}","templated":true}]}}