{"id":80063,"date":"2024-03-11T20:35:47","date_gmt":"2024-03-11T23:35:47","guid":{"rendered":"http:\/\/portalcatolico.net\/portal\/?p=80063"},"modified":"2024-03-11T20:36:36","modified_gmt":"2024-03-11T23:36:36","slug":"o-papa-no-angelus-nao-devemos-julgar-os-outros-mas-ajuda-los","status":"publish","type":"post","link":"https:\/\/portalcatolico.net\/portal\/o-papa-no-angelus-nao-devemos-julgar-os-outros-mas-ajuda-los\/","title":{"rendered":"O Papa no Angelus: n\u00e3o devemos julgar os outros, mas ajud\u00e1-los"},"content":{"rendered":"<div class=\"article__subTitle\">Aquele que conhece Jesus carrega a luz da salva\u00e7\u00e3o de Deus, n\u00e3o o machado de seus pr\u00f3prios julgamentos. Portanto, o conhecimento e a compreens\u00e3o que temos dos outros n\u00e3o s\u00e3o para julg\u00e1-los, mas para ajud\u00e1-los: disse o Papa no Angelus, ao meio-dia deste IV Domingo da Quaresma em prepara\u00e7\u00e3o para a P\u00e1scoa do Senhor.<\/div>\n<div>&nbsp;<\/div>\n<div>O olhar do Senhor sobre n\u00f3s n\u00e3o \u00e9 um farol ofuscante que nos ofusca e nos coloca em dificuldade, mas o brilho suave de uma l\u00e2mpada amiga, que nos ajuda a ver o bem em n\u00f3s e a perceber o mal, para que possamos nos converter e ser curados com o apoio de sua gra\u00e7a. Foi o que disse o Papa no Angelus, ao meio-dia deste domingo, 10 de mar\u00e7o, IV Domingo da Quaresma em prepara\u00e7\u00e3o para a P\u00e1scoa do Senhor.<\/div>\n<div>\n<p><strong>Jesus n\u00e3o veio para condenar, mas para salvar o mundo<\/strong><\/p>\n<p>Na alocu\u00e7\u00e3o que precedeu a ora\u00e7\u00e3o mariana diante de milhares de fi\u00e9is e peregrinos reunidos na Pra\u00e7a S\u00e3o Pedro para rezar com o Pont\u00edfice, Francisco deteve-se sobre a p\u00e1gina do Evangelho do dia (<i>Jo 3,14-21<\/i>), que nos apresenta a figura de Nicodemos, um fariseu, &#8220;um dos chefes dos Judeus&#8221;. Ele viu os sinais que Jesus realizou, reconheceu n\u2019Ele um mestre enviado por Deus e foi encontr\u00e1-lo \u00e0 noite, para n\u00e3o ser visto.<\/p>\n<p>O Senhor o recebeu, dialogou com ele e lhe revelou que n\u00e3o tinha vindo para condenar, mas para salvar o mundo, ressaltou Francisco, convidando a refletir sobre isso<i>: Jesus n\u00e3o veio para condenar, mas para salvar o mundo<\/i>.<\/p>\n<p>Com frequ\u00eancia, no Evangelho, vemos Cristo revelar as inten\u00e7\u00f5es das pessoas que encontra, \u00e0s vezes desmascarando suas atitudes falsas, como no caso dos fariseus, observou o Santo Padre, ou fazendo-as refletir sobre a desordem de suas vidas, como no caso da Samaritana.<\/p>\n<p><strong>Jesus n\u00e3o quer que nenhum de n\u00f3s se perca<\/strong><\/p>\n<p><i>Diante d\u2019Ele n\u00e3o h\u00e1 segredos: Ele l\u00ea os cora\u00e7\u00f5es. Essa capacidade pode ser inquietadora porque, se mal utilizada, prejudica as pessoas, expondo-as a julgamentos impiedosos. Pois ningu\u00e9m \u00e9 perfeito, todos somos pecadores, todos erramos, e se o Senhor usasse o conhecimento de nossas fraquezas para nos condenar, ningu\u00e9m poderia ser salvo.<\/i><\/p>\n<p>Mas n\u00e3o \u00e9 assim, continuou o Papa. Pois Ele n\u00e3o a usa para apontar o dedo para n\u00f3s, mas para abra\u00e7ar nossas vidas, para nos libertar do pecado e nos salvar. Jesus n\u00e3o est\u00e1 interessado em nos colocar em julgamento e nos submeter a senten\u00e7as; Ele n\u00e3o quer que nenhum de n\u00f3s se perca.&nbsp;Jesus n\u00e3o veio para condenar, mas para salvar o mundo.&nbsp;<\/p>\n<p><strong>Que o Senhor nos d\u00ea um olhar de miseric\u00f3rdia<\/strong><\/p>\n<p>Antes de concluir, o Santo Padre solicitou-nos a pedir ao Senhor que nos d\u00ea um olhar de miseric\u00f3rdia, para n\u00e3o julgar os outros, mas ajud\u00e1-los, que olhemos para os outros como Ele olha para todos n\u00f3s.<\/p>\n<p><i>Pensemos em n\u00f3s, que tantas vezes condenamos os outros; tantas vezes gostamos de fazer fofoca, de procurar fazer fofoca contra os outros. Pe\u00e7amos ao Senhor que nos d\u00ea esse olhar de miseric\u00f3rdia, que olhe para os outros como Ele olha para todos n\u00f3s. Que Maria nos ajude a desejar o bem uns dos outros.&nbsp;<\/i><\/p>\n<p><b>Raimundo de Lima &#8211; Vatican News<\/b><\/p>\n<\/div>\n","protected":false},"excerpt":{"rendered":"<p>Aquele que conhece Jesus carrega a luz da salva\u00e7\u00e3o de Deus, n\u00e3o o machado de seus pr\u00f3prios julgamentos. Portanto, o conhecimento e a compreens\u00e3o que temos dos outros n\u00e3o s\u00e3o para julg\u00e1-los, mas para ajud\u00e1-los: disse o Papa no Angelus, ao meio-dia deste IV Domingo da Quaresma em prepara\u00e7\u00e3o para a P\u00e1scoa do Senhor. &nbsp;&nbsp;<\/p>\n<p><a class=\"btn btn-style\" href=\"https:\/\/portalcatolico.net\/portal\/o-papa-no-angelus-nao-devemos-julgar-os-outros-mas-ajuda-los\/\">Continue Reading<\/a><\/p>\n","protected":false},"author":2,"featured_media":80064,"comment_status":"open","ping_status":"open","sticky":false,"template":"","format":"standard","meta":{"footnotes":""},"categories":[5],"tags":[],"class_list":["post-80063","post","type-post","status-publish","format-standard","has-post-thumbnail","hentry","category-igreja_no_mundo"],"_links":{"self":[{"href":"https:\/\/portalcatolico.net\/portal\/wp-json\/wp\/v2\/posts\/80063","targetHints":{"allow":["GET"]}}],"collection":[{"href":"https:\/\/portalcatolico.net\/portal\/wp-json\/wp\/v2\/posts"}],"about":[{"href":"https:\/\/portalcatolico.net\/portal\/wp-json\/wp\/v2\/types\/post"}],"author":[{"embeddable":true,"href":"https:\/\/portalcatolico.net\/portal\/wp-json\/wp\/v2\/users\/2"}],"replies":[{"embeddable":true,"href":"https:\/\/portalcatolico.net\/portal\/wp-json\/wp\/v2\/comments?post=80063"}],"version-history":[{"count":1,"href":"https:\/\/portalcatolico.net\/portal\/wp-json\/wp\/v2\/posts\/80063\/revisions"}],"predecessor-version":[{"id":80065,"href":"https:\/\/portalcatolico.net\/portal\/wp-json\/wp\/v2\/posts\/80063\/revisions\/80065"}],"wp:featuredmedia":[{"embeddable":true,"href":"https:\/\/portalcatolico.net\/portal\/wp-json\/wp\/v2\/media\/80064"}],"wp:attachment":[{"href":"https:\/\/portalcatolico.net\/portal\/wp-json\/wp\/v2\/media?parent=80063"}],"wp:term":[{"taxonomy":"category","embeddable":true,"href":"https:\/\/portalcatolico.net\/portal\/wp-json\/wp\/v2\/categories?post=80063"},{"taxonomy":"post_tag","embeddable":true,"href":"https:\/\/portalcatolico.net\/portal\/wp-json\/wp\/v2\/tags?post=80063"}],"curies":[{"name":"wp","href":"https:\/\/api.w.org\/{rel}","templated":true}]}}