{"id":80021,"date":"2024-02-29T00:03:39","date_gmt":"2024-02-29T03:03:39","guid":{"rendered":"http:\/\/portalcatolico.net\/portal\/?p=80021"},"modified":"2024-02-28T20:06:11","modified_gmt":"2024-02-28T23:06:11","slug":"milhares-de-pessoas-participarao-da-caminhada-penitencial-no-3o-domingo-da-quaresma","status":"publish","type":"post","link":"https:\/\/portalcatolico.net\/portal\/milhares-de-pessoas-participarao-da-caminhada-penitencial-no-3o-domingo-da-quaresma\/","title":{"rendered":"Milhares de pessoas participar\u00e3o da Caminhada Penitencial no 3\u00ba Domingo da Quaresma"},"content":{"rendered":"<p>Em um gesto de profunda penit\u00eancia, cerca de 200 mil cat\u00f3licos percorrer\u00e3o 8km da Bas\u00edlica Santu\u00e1rio Nossa Senhora da Concei\u00e7\u00e3o da Praia at\u00e9 a Bas\u00edlica Santu\u00e1rio Senhor Bom Jesus do Bonfim, durante a Caminhada Penitencial, que acontecer\u00e1 no pr\u00f3ximo dia 3 de mar\u00e7o. Neste mesmo dia, milhares de fi\u00e9is tamb\u00e9m caminhar\u00e3o at\u00e9 a Colina Sagrada, saindo da Matriz da Par\u00f3quia Nossa Senhora das Dores, no Lobato.<\/p>\n<p>Realizada sempre no terceiro domingo da Quaresma, a Caminhada Penitencial tem in\u00edcio em tr\u00eas locais diferentes: para quem estiver no bairro do Com\u00e9rcio, Bas\u00edlica Nossa Senhora da Concei\u00e7\u00e3o da Praia, a recita\u00e7\u00e3o do Ter\u00e7o acontecer\u00e1 \u00e0s 6h, seguida da Santa Missa, \u00e0s 6h30, presidida pelo Arcebispo de Salvador e Primaz do Brasil, Cardeal Dom Sergio da Rocha. Em outro ponto da cidade, na Matriz da Par\u00f3quia Nossa Senhora das Dores, a ora\u00e7\u00e3o do Ter\u00e7o acontecer\u00e1 \u00e0s 6h30 e a Santa Missa \u00e0s 7h. J\u00e1 aqueles que estiverem na Matriz da Par\u00f3quia Nossa Senhora dos Mares (Largo dos Mares), o Ter\u00e7o ocorrer\u00e1 \u00e0s 7h e a Santa Missa ser\u00e1 \u00e0s 7h30.<\/p>\n<p>Ap\u00f3s cada Celebra\u00e7\u00e3o Eucar\u00edstica, em cada uma dessas Igrejas, os fi\u00e9is iniciar\u00e3o a longa caminhada. Ao chegarem no Largo dos Mares, os fi\u00e9is que sa\u00edram da Concei\u00e7\u00e3o da Praia e do Lobato se encontrar\u00e3o e, juntos, seguir\u00e3o at\u00e9 a Bas\u00edlica Santu\u00e1rio Senhor Bom Jesus do Bonfim. Todo o trajeto ser\u00e1 conduzido por padres, em quatro trios el\u00e9tricos.<\/p>\n<p><strong>Gesto concreto<\/strong><\/p>\n<p>Para quem vai participar da Caminhada Penitencial, a Arquidiocese de Salvador faz um pedido: a doa\u00e7\u00e3o de alimentos n\u00e3o perec\u00edveis. Para isso, tr\u00eas caminh\u00f5es do Ex\u00e9rcito estar\u00e3o em pontos estrat\u00e9gicos: pr\u00f3ximo \u00e0 Bas\u00edlica Nossa Senhora da Concei\u00e7\u00e3o da Praia, no Largo dos Mares e no Largo de Roma. Quem estiver na Par\u00f3quia Nossa Senhora das Dores tamb\u00e9m poder\u00e1 entregar os alimentos para os di\u00e1conos que, em todos os locais, ser\u00e3o os respons\u00e1veis pela coleta.<\/p>\n<p>Realizada h\u00e1 quase 40 anos, a Caminhada Penitencial re\u00fane cerca de 200 mil pessoas em uma demonstra\u00e7\u00e3o de f\u00e9 e de penit\u00eancia neste tempo forte da Quaresma. In\u00fameros fi\u00e9is aproveitam a oportunidade para realizar algum sacrif\u00edcio como, por exemplo, completar os 8 km descal\u00e7os. Os jovens tamb\u00e9m s\u00e3o presen\u00e7a viva durante a Caminhada Penitencial, que com faixas e cartazes, cantam, louvam e rezam.<\/p>\n<p><strong>#EstouNaCaminhadaPenitencial<\/strong><\/p>\n<p>Durante a Caminhada Penitencial, o Setor de Comunica\u00e7\u00e3o da Arquidiocese de Salvador estar\u00e1 realizando a cobertura, e voc\u00ea \u00e9 convidado a contribuir com estes registros hist\u00f3ricos: ao tirar uma fotografia e publicar no Instagram, marque o @arquisalvador para que a imagem seja compartilhada no perfil oficial da S\u00e9 Primacial do Brasil<\/p>\n<p><strong>Nas Ilhas<\/strong><\/p>\n<p>Os fi\u00e9is que moram na regi\u00e3o da Forania 10 \u2013 Ilhas \u2013 tamb\u00e9m participar\u00e3o da Caminhada Penitencial. \u00c0s 8h ter\u00e1 in\u00edcio a Santa Missa, na Comunidade Nossa Senhora das Candeias, em Barra Grande. Logo ap\u00f3s a Celebra\u00e7\u00e3o Eucar\u00edstica, acontecer\u00e1 a caminhada at\u00e9 as ru\u00ednas da Igreja S\u00e3o Paulo, na Concei\u00e7\u00e3o, encerrando com a b\u00ean\u00e7\u00e3o do Sant\u00edssimo Sacramento.(Arquidiocese de Salvador-BA)<\/p>\n","protected":false},"excerpt":{"rendered":"<p>Em um gesto de profunda penit\u00eancia, cerca de 200 mil cat\u00f3licos percorrer\u00e3o 8km da Bas\u00edlica Santu\u00e1rio Nossa Senhora da Concei\u00e7\u00e3o da Praia at\u00e9 a Bas\u00edlica Santu\u00e1rio Senhor Bom Jesus do Bonfim, durante a Caminhada Penitencial, que acontecer\u00e1 no pr\u00f3ximo dia 3 de mar\u00e7o. Neste mesmo dia, milhares de fi\u00e9is tamb\u00e9m caminhar\u00e3o at\u00e9 a Colina Sagrada,&nbsp;<\/p>\n<p><a class=\"btn btn-style\" href=\"https:\/\/portalcatolico.net\/portal\/milhares-de-pessoas-participarao-da-caminhada-penitencial-no-3o-domingo-da-quaresma\/\">Continue Reading<\/a><\/p>\n","protected":false},"author":2,"featured_media":80022,"comment_status":"open","ping_status":"open","sticky":false,"template":"","format":"standard","meta":{"footnotes":""},"categories":[4],"tags":[],"class_list":["post-80021","post","type-post","status-publish","format-standard","has-post-thumbnail","hentry","category-destaques"],"_links":{"self":[{"href":"https:\/\/portalcatolico.net\/portal\/wp-json\/wp\/v2\/posts\/80021","targetHints":{"allow":["GET"]}}],"collection":[{"href":"https:\/\/portalcatolico.net\/portal\/wp-json\/wp\/v2\/posts"}],"about":[{"href":"https:\/\/portalcatolico.net\/portal\/wp-json\/wp\/v2\/types\/post"}],"author":[{"embeddable":true,"href":"https:\/\/portalcatolico.net\/portal\/wp-json\/wp\/v2\/users\/2"}],"replies":[{"embeddable":true,"href":"https:\/\/portalcatolico.net\/portal\/wp-json\/wp\/v2\/comments?post=80021"}],"version-history":[{"count":1,"href":"https:\/\/portalcatolico.net\/portal\/wp-json\/wp\/v2\/posts\/80021\/revisions"}],"predecessor-version":[{"id":80023,"href":"https:\/\/portalcatolico.net\/portal\/wp-json\/wp\/v2\/posts\/80021\/revisions\/80023"}],"wp:featuredmedia":[{"embeddable":true,"href":"https:\/\/portalcatolico.net\/portal\/wp-json\/wp\/v2\/media\/80022"}],"wp:attachment":[{"href":"https:\/\/portalcatolico.net\/portal\/wp-json\/wp\/v2\/media?parent=80021"}],"wp:term":[{"taxonomy":"category","embeddable":true,"href":"https:\/\/portalcatolico.net\/portal\/wp-json\/wp\/v2\/categories?post=80021"},{"taxonomy":"post_tag","embeddable":true,"href":"https:\/\/portalcatolico.net\/portal\/wp-json\/wp\/v2\/tags?post=80021"}],"curies":[{"name":"wp","href":"https:\/\/api.w.org\/{rel}","templated":true}]}}