{"id":80018,"date":"2024-02-28T19:58:18","date_gmt":"2024-02-28T22:58:18","guid":{"rendered":"http:\/\/portalcatolico.net\/portal\/?p=80018"},"modified":"2024-02-28T20:05:03","modified_gmt":"2024-02-28T23:05:03","slug":"bispo-da-diocese-de-eunapolis-recebera-comenda-dois-de-julho","status":"publish","type":"post","link":"https:\/\/portalcatolico.net\/portal\/bispo-da-diocese-de-eunapolis-recebera-comenda-dois-de-julho\/","title":{"rendered":"Bispo da Diocese de Eun\u00e1polis receber\u00e1 Comenda Dois de Julho!"},"content":{"rendered":"<div dir=\"auto\">Na pr\u00f3xima sexta-feira, 01 de mar\u00e7o, o Bispo Diocesano de Eun\u00e1polis, Dom Jos\u00e9 Edson Santana Oliveira, receber\u00e1 a maior honraria do Estado da Bahia, a Comenda Dois de Julho, pelos relevantes servi\u00e7os prestados \u00e0 sociedade baiana.<\/div>\n<div dir=\"auto\">\n<div dir=\"auto\">A cerim\u00f4nia acontecer\u00e1 \u00e0s 10h, na ALBA (Assembleia Legislativa do Estado da Bahia), no Pal\u00e1cio Deputado Luis Eduardo Magalh\u00e3es, na cidade de &nbsp;Salvador (BA) e ser\u00e1 transmitida pela <a href=\"https:\/\/www.youtube.com\/c\/TVALBA\"><strong>TV Alba<\/strong><\/a> em seu canal do Youtube.<\/div>\n<div dir=\"auto\">&nbsp;<\/div>\n<p>Participe desse momento importante para a&nbsp; Diocese!<\/p>\n<\/div>\n","protected":false},"excerpt":{"rendered":"<p>Na pr\u00f3xima sexta-feira, 01 de mar\u00e7o, o Bispo Diocesano de Eun\u00e1polis, Dom Jos\u00e9 Edson Santana Oliveira, receber\u00e1 a maior honraria do Estado da Bahia, a Comenda Dois de Julho, pelos relevantes servi\u00e7os prestados \u00e0 sociedade baiana. A cerim\u00f4nia acontecer\u00e1 \u00e0s 10h, na ALBA (Assembleia Legislativa do Estado da Bahia), no Pal\u00e1cio Deputado Luis Eduardo Magalh\u00e3es,&nbsp;<\/p>\n<p><a class=\"btn btn-style\" href=\"https:\/\/portalcatolico.net\/portal\/bispo-da-diocese-de-eunapolis-recebera-comenda-dois-de-julho\/\">Continue Reading<\/a><\/p>\n","protected":false},"author":2,"featured_media":80019,"comment_status":"open","ping_status":"open","sticky":false,"template":"","format":"standard","meta":{"footnotes":""},"categories":[4],"tags":[],"class_list":["post-80018","post","type-post","status-publish","format-standard","has-post-thumbnail","hentry","category-destaques"],"_links":{"self":[{"href":"https:\/\/portalcatolico.net\/portal\/wp-json\/wp\/v2\/posts\/80018","targetHints":{"allow":["GET"]}}],"collection":[{"href":"https:\/\/portalcatolico.net\/portal\/wp-json\/wp\/v2\/posts"}],"about":[{"href":"https:\/\/portalcatolico.net\/portal\/wp-json\/wp\/v2\/types\/post"}],"author":[{"embeddable":true,"href":"https:\/\/portalcatolico.net\/portal\/wp-json\/wp\/v2\/users\/2"}],"replies":[{"embeddable":true,"href":"https:\/\/portalcatolico.net\/portal\/wp-json\/wp\/v2\/comments?post=80018"}],"version-history":[{"count":2,"href":"https:\/\/portalcatolico.net\/portal\/wp-json\/wp\/v2\/posts\/80018\/revisions"}],"predecessor-version":[{"id":80024,"href":"https:\/\/portalcatolico.net\/portal\/wp-json\/wp\/v2\/posts\/80018\/revisions\/80024"}],"wp:featuredmedia":[{"embeddable":true,"href":"https:\/\/portalcatolico.net\/portal\/wp-json\/wp\/v2\/media\/80019"}],"wp:attachment":[{"href":"https:\/\/portalcatolico.net\/portal\/wp-json\/wp\/v2\/media?parent=80018"}],"wp:term":[{"taxonomy":"category","embeddable":true,"href":"https:\/\/portalcatolico.net\/portal\/wp-json\/wp\/v2\/categories?post=80018"},{"taxonomy":"post_tag","embeddable":true,"href":"https:\/\/portalcatolico.net\/portal\/wp-json\/wp\/v2\/tags?post=80018"}],"curies":[{"name":"wp","href":"https:\/\/api.w.org\/{rel}","templated":true}]}}