{"id":79957,"date":"2024-02-18T21:51:35","date_gmt":"2024-02-19T00:51:35","guid":{"rendered":"http:\/\/portalcatolico.net\/portal\/?p=79957"},"modified":"2024-02-19T22:10:15","modified_gmt":"2024-02-20T01:10:15","slug":"nota-de-pesar-pelo-falecimento-do-querido-koco-do-lordao","status":"publish","type":"post","link":"https:\/\/portalcatolico.net\/portal\/nota-de-pesar-pelo-falecimento-do-querido-koco-do-lordao\/","title":{"rendered":"Nota de pesar pelo falecimento do querido &#8220;Koc\u00f3 do Lord\u00e3o&#8221;"},"content":{"rendered":"<div class=\"v1PlainText\" dir=\"auto\">Com imenso e profundo pesar que a equipe deste Portal Cat\u00f3lico de Not\u00edcias juntamente com a PASCOM (Pastoral da Comunica\u00e7\u00e3o) da par\u00f3quia Santa Rita de C\u00e1ssia em Itabuna (BA), lamentam o falecimento do m\u00fasico Cl\u00f3vis de Figueiredo Leite, o Koc\u00f3, da Banda Lord\u00e3o. Ele morreu&nbsp;na tarde desta segunda-feira, dia 19, em um hospital em Salvador (BA).<\/div>\n<div dir=\"auto\">&nbsp;<\/div>\n<div class=\"v1PlainText\" dir=\"auto\">O querido &#8220;Koc\u00f3 do Lord\u00e3o&#8221;, em 1972, adotou Itabuna como seu segundo lar, atuou profissionalmente e<br \/>\nconstituiu fam\u00edlia e uma legi\u00e3o de amigos e admiradores, na cidade grapi\u00fana.<br \/>\nNa par\u00f3quia Santa Rita de C\u00e1ssia, padroeira do bairro S\u00e3o Caetano em Itabuna, Koc\u00f3 e sua banda participaram por v\u00e1rios anos das novenas de Santa Rita com suas can\u00e7\u00f5es, alegrando as quermesses e os fieis.&nbsp;<br \/>\nNascido no Rio de Janeiro, na d\u00e9cada de 60, Koc\u00f3 iniciou sua bela carreira musical na Bahia. No ano passado, completou seu Jubileu de Ouro, 50 anos dedicados \u00e0 m\u00fasica, sempre liderando a Banda Lord\u00e3o, onde era uma das principais estrelas.&nbsp;<\/div>\n<div dir=\"auto\">&nbsp;<\/div>\n<div class=\"v1PlainText\" dir=\"auto\">A cidade que ele tanto amou, lhe concedeu o t\u00edtulo de Cidad\u00e3o Itabunense e&nbsp; Comenda Firmino Alves em reconhecimento ao seu inestim\u00e1vel legado.<br \/>\nNa noite desta segunda-feira (19), familiares do cantor e compositor Koc\u00f3 divulgaram informa\u00e7\u00f5es acerca dos eventos f\u00fanebres de despedida do artista. De acordo com as informa\u00e7\u00f5es, n\u00e3o haver\u00e1 translado do corpo para Itabuna.<\/div>\n<div class=\"v1PlainText\" dir=\"auto\">O corpo de Koc\u00f3 ser\u00e1 velado em Salvador, nesta ter\u00e7a-feira (20), a partir das 11h, no Cemit\u00e9rio Parque Bosque da Paz, na Av. Aliomar Baleeiro, n\u00b0 7370, bairro Nova Bras\u00edlia. O corpo do m\u00fasico ser\u00e1 cremado \u00e0s 15h desta ter\u00e7a-feira. Koc\u00f3 tinha 72 anos, e deixa esposa, dois filhos e cinco netos.<\/div>\n","protected":false},"excerpt":{"rendered":"<p>Com imenso e profundo pesar que a equipe deste Portal Cat\u00f3lico de Not\u00edcias juntamente com a PASCOM (Pastoral da Comunica\u00e7\u00e3o) da par\u00f3quia Santa Rita de C\u00e1ssia em Itabuna (BA), lamentam o falecimento do m\u00fasico Cl\u00f3vis de Figueiredo Leite, o Koc\u00f3, da Banda Lord\u00e3o. Ele morreu&nbsp;na tarde desta segunda-feira, dia 19, em um hospital em Salvador&nbsp;<\/p>\n<p><a class=\"btn btn-style\" href=\"https:\/\/portalcatolico.net\/portal\/nota-de-pesar-pelo-falecimento-do-querido-koco-do-lordao\/\">Continue Reading<\/a><\/p>\n","protected":false},"author":2,"featured_media":79972,"comment_status":"open","ping_status":"open","sticky":false,"template":"","format":"standard","meta":{"footnotes":""},"categories":[3],"tags":[],"class_list":["post-79957","post","type-post","status-publish","format-standard","has-post-thumbnail","hentry","category-noticias_regionais"],"_links":{"self":[{"href":"https:\/\/portalcatolico.net\/portal\/wp-json\/wp\/v2\/posts\/79957","targetHints":{"allow":["GET"]}}],"collection":[{"href":"https:\/\/portalcatolico.net\/portal\/wp-json\/wp\/v2\/posts"}],"about":[{"href":"https:\/\/portalcatolico.net\/portal\/wp-json\/wp\/v2\/types\/post"}],"author":[{"embeddable":true,"href":"https:\/\/portalcatolico.net\/portal\/wp-json\/wp\/v2\/users\/2"}],"replies":[{"embeddable":true,"href":"https:\/\/portalcatolico.net\/portal\/wp-json\/wp\/v2\/comments?post=79957"}],"version-history":[{"count":1,"href":"https:\/\/portalcatolico.net\/portal\/wp-json\/wp\/v2\/posts\/79957\/revisions"}],"predecessor-version":[{"id":79961,"href":"https:\/\/portalcatolico.net\/portal\/wp-json\/wp\/v2\/posts\/79957\/revisions\/79961"}],"wp:featuredmedia":[{"embeddable":true,"href":"https:\/\/portalcatolico.net\/portal\/wp-json\/wp\/v2\/media\/79972"}],"wp:attachment":[{"href":"https:\/\/portalcatolico.net\/portal\/wp-json\/wp\/v2\/media?parent=79957"}],"wp:term":[{"taxonomy":"category","embeddable":true,"href":"https:\/\/portalcatolico.net\/portal\/wp-json\/wp\/v2\/categories?post=79957"},{"taxonomy":"post_tag","embeddable":true,"href":"https:\/\/portalcatolico.net\/portal\/wp-json\/wp\/v2\/tags?post=79957"}],"curies":[{"name":"wp","href":"https:\/\/api.w.org\/{rel}","templated":true}]}}