{"id":79953,"date":"2024-02-17T17:33:58","date_gmt":"2024-02-17T20:33:58","guid":{"rendered":"http:\/\/portalcatolico.net\/portal\/?p=79953"},"modified":"2024-02-17T17:37:46","modified_gmt":"2024-02-17T20:37:46","slug":"pastoral-da-saude-paulista-celebra-romaria-em-aparecida","status":"publish","type":"post","link":"https:\/\/portalcatolico.net\/portal\/pastoral-da-saude-paulista-celebra-romaria-em-aparecida\/","title":{"rendered":"Pastoral da Sa\u00fade paulista celebra romaria em Aparecida"},"content":{"rendered":"<p>Agentes da pastoral em todo o Estado se reuniram pedindo a intercess\u00e3o de Nossa Senhora para a miss\u00e3o de cuidar dos doentes e seus familiares<\/p>\n<p>Na manh\u00e3 deste s\u00e1bado (17)&nbsp;<b>, membros da Pastoral da Sa\u00fade da regional 1 da Confer\u00eancia Nacional dos Bispos do Brasil (CNBB)<\/b>&nbsp;, que compreende o Estado de S\u00e3o Paulo,&nbsp;<b>realizaram a 19\u00aa edi\u00e7\u00e3o de sua Romaria \u00e0 Casa da M\u00e3e Aparecida.<\/b><\/p>\n<p>A celebra\u00e7\u00e3o eucar\u00edstica foi presidida por&nbsp;<b>Dom Pedro Cipolini, bispo de Santo Andr\u00e9 (SP) e referencial da CNBB Sul 1 da Pastoral da Sa\u00fade<\/b>&nbsp;.&nbsp;A iniciativa foi uma oportunidade para a&nbsp;<b>confraterniza\u00e7\u00e3o entre os agentes das dioceses, para o servi\u00e7o dos irm\u00e3os doentes.<\/b><\/p>\n<p>Dom Pedro, em sua homilia,&nbsp;<b>iniciou enfatizando o tempo de Quaresma,<\/b>&nbsp;um grande chamado de Deus para nossa convers\u00e3o.<\/p>\n<p><i>\u201cPrecisamos ser mais fraternos, como nos orientamos a Campanha da Fraternidade,&nbsp;<b>que nos prop\u00f5e a convers\u00e3o para a Amizade Social, somos todos irm\u00e3os e um s\u00f3 \u00e9 nosso Pai no C\u00e9u<\/b>&nbsp;.&nbsp;A convers\u00e3o precisa ser aplicada&nbsp;<b>no cora\u00e7\u00e3o de uma forma eficaz, estamos numa sociedade com muitas divis\u00f5es, at\u00e9 mesmo nas fam\u00edlias, o ego\u00edsmo dita as formas!&nbsp;<\/b>Quando Deus \u00e9 o Senhor,&nbsp;<b>existir\u00e1 o amor e a fraternidade!&nbsp;Jesus vem unir a todos no amor de Deus<\/b>&nbsp;, que nos seja um como irm\u00e3os e irm\u00e3s!\u201d<\/i><\/p>\n<p>O bispo tamb\u00e9m motivou aos&nbsp;<b>representantes da pastoral em continuar a cuidar dos mais necessitados de cuidados de sa\u00fade<\/b>&nbsp;, assim sendo seguidores de Cristo.<\/p>\n<p><i>\u201cEst\u00e1 aqui a Pastoral da Sa\u00fade,&nbsp;<b>agentes aqui presentes e aqueles que nos acompanham<\/b>&nbsp;, que se debru\u00e7am sobre nossos pacientes.&nbsp;<b>Doentes, idosos, crian\u00e7as sofrem muito porque a nossa sociedade os esquece<\/b>&nbsp;, n\u00e3o h\u00e1 um cora\u00e7\u00e3o convertido de todos, principalmente das autoridades.&nbsp;<b>O Brasil \u00e9 uma popula\u00e7\u00e3o cada vez mais idosa, mas n\u00e3o estamos preparados para cuidar de idosos e principalmente de enfermos.<\/b><\/i><\/p>\n<p><i>Vamos pedir a M\u00e3e Aparecida que suscitem mais agentes da pastoral&nbsp;<b>que tenham coragem e o cora\u00e7\u00e3o amoroso de Jesus para ir ao encontro daqueles para os quais Ele veio!&nbsp;<\/b>N\u00e3o existe uma igreja que n\u00e3o se dirija&nbsp;<b>prioritariamente aos pecadores, pobres e enfermos.&nbsp;<\/b>Renovemos diante de Nossa Senhora o compromisso que nos une, o olhar misericordioso aos enfermos\u201d.<\/i><\/p>\n<div class=\"image\" contenteditable=\"false\"><img decoding=\"async\" title=\"A12\" src=\"https:\/\/www.a12.com\/source\/files\/originals\/Agentes_da_Pastoral_da_Saude-730140.jpg\" alt=\"A12\" data-id=\"325778\"><\/div>\n<p><b>Miss\u00e3o da Pastoral da Sa\u00fade<\/b><\/p>\n<p>A Pastoral da Sa\u00fade \u00e9 um setor da Igreja Cat\u00f3lica que se dedica ao cuidado integral da sa\u00fade das pessoas,&nbsp;<b>promovendo a\u00e7\u00f5es de assist\u00eancia, preven\u00e7\u00e3o, promo\u00e7\u00e3o da sa\u00fade e apoio espiritual.&nbsp;<\/b>Ela busca levar a presen\u00e7a e o amor de Cristo aos doentes,&nbsp;<b>aos seus familiares e aos profissionais de sa\u00fade.<\/b><\/p>\n<p>Nas atividades da Pastoral est\u00e3o inclu\u00eddas visitas a hospitais e domic\u00edlios,&nbsp;<b>celebra\u00e7\u00f5es de sacramentos como a Un\u00e7\u00e3o dos Enfermos, momentos de ora\u00e7\u00e3o, acompanhamento espiritual, orienta\u00e7\u00f5es sobre cuidados com a sa\u00fade,<\/b>&nbsp;a\u00e7\u00f5es de preven\u00e7\u00e3o de doen\u00e7as e promo\u00e7\u00e3o da sa\u00fade, entre outros.&nbsp;<b>Ela busca promover a valoriza\u00e7\u00e3o da vida, a solidariedade e o cuidado com os mais vulner\u00e1veis.<\/b><\/p>\n<p>O movimento tem papel importante na conscientiza\u00e7\u00e3o sobre quest\u00f5es de sa\u00fade p\u00fablica&nbsp;<b>e na defesa dos direitos dos pacientes, especialmente dos mais vulner\u00e1veis \u200b\u200be marginalizados<\/b>&nbsp;.&nbsp;Ela busca contribuir para a constru\u00e7\u00e3o de uma sociedade mais justa e solid\u00e1ria,&nbsp;<b>onde o acesso \u00e0 sa\u00fade seja garantido a todos.<\/b><\/p>\n<p><b>Saiba mais sobre o trabalho da Pastoral da Sa\u00fade<\/b><\/p>\n<p><iframe loading=\"lazy\" id=\"285618621\" class=\"note-video-clip\" title=\"Conhe\u00e7a o trabalho prestado pela Pastoral da Sa\u00fade de forma solid\u00e1ria e humana!\" src=\"https:\/\/www.youtube.com\/embed\/UxESuy6smFs?enablejsapi=1&amp;origin=https%3A%2F%2Fwww.a12.com\" width=\"640\" height=\"360\" frameborder=\"0\" data-gtm-yt-inspected-9=\"true\" data-gtm-yt-inspected-14=\"true\" data-gtm-yt-inspected-31764011_501=\"true\" data-mce-fragment=\"1\"><\/iframe><\/p>\n<p>Fonte:<a href=\"https:\/\/www.a12.com\/santuario\/noticias\/pastoral-da-saude-paulista-celebra-romaria-em-aparecida\"><strong>A12<\/strong><\/a><\/p>\n","protected":false},"excerpt":{"rendered":"<p>Agentes da pastoral em todo o Estado se reuniram pedindo a intercess\u00e3o de Nossa Senhora para a miss\u00e3o de cuidar dos doentes e seus familiares Na manh\u00e3 deste s\u00e1bado (17)&nbsp;, membros da Pastoral da Sa\u00fade da regional 1 da Confer\u00eancia Nacional dos Bispos do Brasil (CNBB)&nbsp;, que compreende o Estado de S\u00e3o Paulo,&nbsp;realizaram a 19\u00aa&nbsp;<\/p>\n<p><a class=\"btn btn-style\" href=\"https:\/\/portalcatolico.net\/portal\/pastoral-da-saude-paulista-celebra-romaria-em-aparecida\/\">Continue Reading<\/a><\/p>\n","protected":false},"author":2,"featured_media":79955,"comment_status":"open","ping_status":"open","sticky":false,"template":"","format":"standard","meta":{"footnotes":""},"categories":[3],"tags":[],"class_list":["post-79953","post","type-post","status-publish","format-standard","has-post-thumbnail","hentry","category-noticias_regionais"],"_links":{"self":[{"href":"https:\/\/portalcatolico.net\/portal\/wp-json\/wp\/v2\/posts\/79953","targetHints":{"allow":["GET"]}}],"collection":[{"href":"https:\/\/portalcatolico.net\/portal\/wp-json\/wp\/v2\/posts"}],"about":[{"href":"https:\/\/portalcatolico.net\/portal\/wp-json\/wp\/v2\/types\/post"}],"author":[{"embeddable":true,"href":"https:\/\/portalcatolico.net\/portal\/wp-json\/wp\/v2\/users\/2"}],"replies":[{"embeddable":true,"href":"https:\/\/portalcatolico.net\/portal\/wp-json\/wp\/v2\/comments?post=79953"}],"version-history":[{"count":2,"href":"https:\/\/portalcatolico.net\/portal\/wp-json\/wp\/v2\/posts\/79953\/revisions"}],"predecessor-version":[{"id":79956,"href":"https:\/\/portalcatolico.net\/portal\/wp-json\/wp\/v2\/posts\/79953\/revisions\/79956"}],"wp:featuredmedia":[{"embeddable":true,"href":"https:\/\/portalcatolico.net\/portal\/wp-json\/wp\/v2\/media\/79955"}],"wp:attachment":[{"href":"https:\/\/portalcatolico.net\/portal\/wp-json\/wp\/v2\/media?parent=79953"}],"wp:term":[{"taxonomy":"category","embeddable":true,"href":"https:\/\/portalcatolico.net\/portal\/wp-json\/wp\/v2\/categories?post=79953"},{"taxonomy":"post_tag","embeddable":true,"href":"https:\/\/portalcatolico.net\/portal\/wp-json\/wp\/v2\/tags?post=79953"}],"curies":[{"name":"wp","href":"https:\/\/api.w.org\/{rel}","templated":true}]}}