{"id":79719,"date":"2024-01-04T20:22:39","date_gmt":"2024-01-04T23:22:39","guid":{"rendered":"http:\/\/portalcatolico.net\/portal\/?p=79719"},"modified":"2024-01-04T20:23:22","modified_gmt":"2024-01-04T23:23:22","slug":"participe-dos-festejos-em-homenagem-a-senhor-do-bonfim-em-itabuna","status":"publish","type":"post","link":"https:\/\/portalcatolico.net\/portal\/participe-dos-festejos-em-homenagem-a-senhor-do-bonfim-em-itabuna\/","title":{"rendered":"Participe dos festejos em homenagem a Senhor do Bonfim em Itabuna!"},"content":{"rendered":"<div class=\"v1PlainText\" dir=\"auto\">O Pe. Manoel Carlos de Jesus Cruz, p\u00e1roco da par\u00f3quia Senhor do Bonfim, situada no bairro Jardim Primavera em Itabuna (BA) e o Conselho Pastoral da Par\u00f3quia convidam toda comunidade cat\u00f3lica para participar do Noven\u00e1rio e Festa do padroeiro Senhor do Bonfim.<br \/>\nOs festejos come\u00e7am dia 19 e seguem at\u00e9 o dia 28\/01, com missas todos os dias, entre outros momentos de evangeliza\u00e7\u00e3o.<\/div>\n<div class=\"v1PlainText\" dir=\"auto\">O tema \u00e9: &#8220;Com a prote\u00e7\u00e3o do Senhor do Bonfim, somos todos irm\u00e3os a servi\u00e7o da igreja em miss\u00e3o.&#8221;<br \/>\nConfira toda a program\u00e3o e outras informa\u00e7\u00f5es, no link da par\u00f3quia:<br \/>\n<a href=\"https:\/\/www.instagram.com\/srdobonfimitb\/\" target=\"_blank\" rel=\"noopener noreferrer\">https:\/\/www.instagram.com\/srdobonfimitb\/<\/a><\/div>\n","protected":false},"excerpt":{"rendered":"<p>O Pe. Manoel Carlos de Jesus Cruz, p\u00e1roco da par\u00f3quia Senhor do Bonfim, situada no bairro Jardim Primavera em Itabuna (BA) e o Conselho Pastoral da Par\u00f3quia convidam toda comunidade cat\u00f3lica para participar do Noven\u00e1rio e Festa do padroeiro Senhor do Bonfim. Os festejos come\u00e7am dia 19 e seguem at\u00e9 o dia 28\/01, com missas&nbsp;<\/p>\n<p><a class=\"btn btn-style\" href=\"https:\/\/portalcatolico.net\/portal\/participe-dos-festejos-em-homenagem-a-senhor-do-bonfim-em-itabuna\/\">Continue Reading<\/a><\/p>\n","protected":false},"author":2,"featured_media":79720,"comment_status":"open","ping_status":"open","sticky":false,"template":"","format":"standard","meta":{"footnotes":""},"categories":[1],"tags":[],"class_list":["post-79719","post","type-post","status-publish","format-standard","has-post-thumbnail","hentry","category-agenda"],"_links":{"self":[{"href":"https:\/\/portalcatolico.net\/portal\/wp-json\/wp\/v2\/posts\/79719","targetHints":{"allow":["GET"]}}],"collection":[{"href":"https:\/\/portalcatolico.net\/portal\/wp-json\/wp\/v2\/posts"}],"about":[{"href":"https:\/\/portalcatolico.net\/portal\/wp-json\/wp\/v2\/types\/post"}],"author":[{"embeddable":true,"href":"https:\/\/portalcatolico.net\/portal\/wp-json\/wp\/v2\/users\/2"}],"replies":[{"embeddable":true,"href":"https:\/\/portalcatolico.net\/portal\/wp-json\/wp\/v2\/comments?post=79719"}],"version-history":[{"count":1,"href":"https:\/\/portalcatolico.net\/portal\/wp-json\/wp\/v2\/posts\/79719\/revisions"}],"predecessor-version":[{"id":79721,"href":"https:\/\/portalcatolico.net\/portal\/wp-json\/wp\/v2\/posts\/79719\/revisions\/79721"}],"wp:featuredmedia":[{"embeddable":true,"href":"https:\/\/portalcatolico.net\/portal\/wp-json\/wp\/v2\/media\/79720"}],"wp:attachment":[{"href":"https:\/\/portalcatolico.net\/portal\/wp-json\/wp\/v2\/media?parent=79719"}],"wp:term":[{"taxonomy":"category","embeddable":true,"href":"https:\/\/portalcatolico.net\/portal\/wp-json\/wp\/v2\/categories?post=79719"},{"taxonomy":"post_tag","embeddable":true,"href":"https:\/\/portalcatolico.net\/portal\/wp-json\/wp\/v2\/tags?post=79719"}],"curies":[{"name":"wp","href":"https:\/\/api.w.org\/{rel}","templated":true}]}}