{"id":79102,"date":"2023-10-14T21:54:13","date_gmt":"2023-10-15T00:54:13","guid":{"rendered":"http:\/\/portalcatolico.net\/portal\/?p=79102"},"modified":"2023-10-14T21:54:13","modified_gmt":"2023-10-15T00:54:13","slug":"festa-de-sao-paulo-da-cruz-em-itabunaba","status":"publish","type":"post","link":"https:\/\/portalcatolico.net\/portal\/festa-de-sao-paulo-da-cruz-em-itabunaba\/","title":{"rendered":"Festa de S\u00e3o Paulo da Cruz em Itabuna(BA)"},"content":{"rendered":"<p><img loading=\"lazy\" decoding=\"async\" class=\"alignnone  wp-image-79103\" src=\"http:\/\/portalcatolico.net\/portal\/wp-content\/uploads\/2023\/10\/95e90858-a37c-4e46-bbad-067589d48b2f-212x300.jpg\" alt=\"\" width=\"828\" height=\"1172\" srcset=\"https:\/\/portalcatolico.net\/portal\/wp-content\/uploads\/2023\/10\/95e90858-a37c-4e46-bbad-067589d48b2f-212x300.jpg 212w, https:\/\/portalcatolico.net\/portal\/wp-content\/uploads\/2023\/10\/95e90858-a37c-4e46-bbad-067589d48b2f-768x1086.jpg 768w, https:\/\/portalcatolico.net\/portal\/wp-content\/uploads\/2023\/10\/95e90858-a37c-4e46-bbad-067589d48b2f-724x1024.jpg 724w, https:\/\/portalcatolico.net\/portal\/wp-content\/uploads\/2023\/10\/95e90858-a37c-4e46-bbad-067589d48b2f.jpg 1131w\" sizes=\"auto, (max-width: 828px) 100vw, 828px\" \/><\/p>\n<p><strong>Confira um pouco a hist\u00f3ria de S\u00e3o Paulo da Cruz<\/strong><\/p>\n<p>Nasceu em Ovada (It\u00e1lia) em 1694, de piedosos pais, que muito educaram o filho no Cristianismo. Foi o segundo de 16 filhos. Quando jovem de ora\u00e7\u00e3o e contemplativo, fez uma alian\u00e7a com colegas, a fim de meditarem a Paix\u00e3o e morte de Jesus.<\/p>\n<p>De in\u00edcio, trabalhou com o pai e n\u00e3o sentia o chamado ao sacerd\u00f3cio, mas, ao apostolado. Aos 19 anos, ouvido uma exorta\u00e7\u00e3o do p\u00e1roco, sentiu-se profundamente comovido e resolveu entregar-se inteiramente ao servi\u00e7o de Deus. Assim, partilhou com um Bispo, o impulso de propagar a devo\u00e7\u00e3o \u00e0 Paix\u00e3o e morte daquele que morreu por amor \u00e0 humanidade e salva\u00e7\u00e3o de cada um.<\/p>\n<p>Enviado pelo Bispo, tornou-se instrumento de convers\u00e3o para milhares, at\u00e9 que o Bispo ordenou-o sacerdote e, mais tarde, o Papa deu a licen\u00e7a para aceitar candidatos em seu Noviciado.<\/p>\n<p>Nasceu desta maneira a Congrega\u00e7\u00e3o dos Padres Passionistas, com a finalidade de firmar nos cora\u00e7\u00f5es dos fi\u00e9is um grande amor \u00e0 Paix\u00e3o e morte de Nosso Senhor, atrav\u00e9s das miss\u00f5es populares. Al\u00e9m da Congrega\u00e7\u00e3o dos Passionistas, fundou tamb\u00e9m um instituto feminino de estrita clausura: as Irm\u00e3s Passionistas.<\/p>\n<p>Profundo devoto da Sagrada Paix\u00e3o, o fundador S\u00e3o Paulo da Cruz desde que come\u00e7ou o apostolado sozinho n\u00e3o abandonou o h\u00e1bito preto, a cruz branca e as duras penit\u00eancias, como se alimentar de p\u00e3o e \u00e1gua e dormir no ch\u00e3o. Depois de muito evangelizar (tamb\u00e9m atrav\u00e9s de seus muitos escritos) e alcan\u00e7ar milagres para o povo, associou-se \u00e0 Cruz e \u00e0 Nossa Senhora das Dores, para entrar como vitorioso no C\u00e9u em 1775, somando 81 anos de idade. O Papa Pio IX canonizou-o em 1867. O seu corpo venera-se na bas\u00edlica dos santos Jo\u00e3o e Paulo.<\/p>\n<p><em><strong>Via Can\u00e7\u00e3o Nova<\/strong><\/em><\/p>\n","protected":false},"excerpt":{"rendered":"<p>Confira um pouco a hist\u00f3ria de S\u00e3o Paulo da Cruz Nasceu em Ovada (It\u00e1lia) em 1694, de piedosos pais, que muito educaram o filho no Cristianismo. Foi o segundo de 16 filhos. Quando jovem de ora\u00e7\u00e3o e contemplativo, fez uma alian\u00e7a com colegas, a fim de meditarem a Paix\u00e3o e morte de Jesus. De in\u00edcio,&nbsp;<\/p>\n<p><a class=\"btn btn-style\" href=\"https:\/\/portalcatolico.net\/portal\/festa-de-sao-paulo-da-cruz-em-itabunaba\/\">Continue Reading<\/a><\/p>\n","protected":false},"author":2,"featured_media":79104,"comment_status":"open","ping_status":"open","sticky":false,"template":"","format":"standard","meta":{"footnotes":""},"categories":[4],"tags":[],"class_list":["post-79102","post","type-post","status-publish","format-standard","has-post-thumbnail","hentry","category-destaques"],"_links":{"self":[{"href":"https:\/\/portalcatolico.net\/portal\/wp-json\/wp\/v2\/posts\/79102","targetHints":{"allow":["GET"]}}],"collection":[{"href":"https:\/\/portalcatolico.net\/portal\/wp-json\/wp\/v2\/posts"}],"about":[{"href":"https:\/\/portalcatolico.net\/portal\/wp-json\/wp\/v2\/types\/post"}],"author":[{"embeddable":true,"href":"https:\/\/portalcatolico.net\/portal\/wp-json\/wp\/v2\/users\/2"}],"replies":[{"embeddable":true,"href":"https:\/\/portalcatolico.net\/portal\/wp-json\/wp\/v2\/comments?post=79102"}],"version-history":[{"count":1,"href":"https:\/\/portalcatolico.net\/portal\/wp-json\/wp\/v2\/posts\/79102\/revisions"}],"predecessor-version":[{"id":79105,"href":"https:\/\/portalcatolico.net\/portal\/wp-json\/wp\/v2\/posts\/79102\/revisions\/79105"}],"wp:featuredmedia":[{"embeddable":true,"href":"https:\/\/portalcatolico.net\/portal\/wp-json\/wp\/v2\/media\/79104"}],"wp:attachment":[{"href":"https:\/\/portalcatolico.net\/portal\/wp-json\/wp\/v2\/media?parent=79102"}],"wp:term":[{"taxonomy":"category","embeddable":true,"href":"https:\/\/portalcatolico.net\/portal\/wp-json\/wp\/v2\/categories?post=79102"},{"taxonomy":"post_tag","embeddable":true,"href":"https:\/\/portalcatolico.net\/portal\/wp-json\/wp\/v2\/tags?post=79102"}],"curies":[{"name":"wp","href":"https:\/\/api.w.org\/{rel}","templated":true}]}}