{"id":79097,"date":"2023-10-13T20:21:10","date_gmt":"2023-10-13T23:21:10","guid":{"rendered":"http:\/\/portalcatolico.net\/portal\/?p=79097"},"modified":"2023-10-13T20:21:10","modified_gmt":"2023-10-13T23:21:10","slug":"o-papa-aos-jovens-descubram-o-fascinio-inexaurivel-da-pessoa-de-jesus","status":"publish","type":"post","link":"https:\/\/portalcatolico.net\/portal\/o-papa-aos-jovens-descubram-o-fascinio-inexaurivel-da-pessoa-de-jesus\/","title":{"rendered":"O Papa aos jovens: descubram o fasc\u00ednio inexaur\u00edvel da pessoa de Jesus"},"content":{"rendered":"<div class=\"article__subTitle\">Em seu discurso aos jovens que participam da C\u00fapula de Lideran\u00e7a Estudantil promovida pelo Col\u00e9gio S\u00e3o Carlos de Mil\u00e3o, Francisco os convidou a aproveitarem &#8220;ao m\u00e1ximo as oportunidades que a escola lhes oferece, pois muitos jovens no mundo n\u00e3o t\u00eam a oportunidade de estudar&#8221;.<\/div>\n<div>&nbsp;<\/div>\n<div class=\"title__separator\">O Papa Francisco enviou uma mensagem aos jovens que participam da C\u00fapula de Lideran\u00e7a Estudantil promovida pelo Col\u00e9gio S\u00e3o Carlos de Mil\u00e3o, It\u00e1lia. O encontro teve in\u00edcio nesta sexta-feira (13\/10) e se conclui no s\u00e1bado, 14.<\/div>\n<div>\n<p>&#8220;Neste tempo marcado por graves crises sociais e clim\u00e1ticas, junto com os seus professores e educadores, voc\u00eas refletem sobre como contribuir para mudar o mundo. Isto \u00e9 muito positivo. Na verdade, \u00e9 importante que voc\u00eas tenham grandes sonhos: Deus tamb\u00e9m tem! Por isso, \u00e9 importante encontrar adultos que n\u00e3o apaguem os seus sonhos, mas que os ajudem a interpret\u00e1-los e realiz\u00e1-los. Compare sempre os seus sonhos com os de Deus&#8221;, escreve Francisco aos jovens.<\/p>\n<p>Segundo o Papa, se os jovens querem viver &#8220;a mudan\u00e7a como protagonistas&#8221;, eles devem &#8220;descobrir o fasc\u00ednio inexaur\u00edvel da pessoa de Jesus: Ele faz novas todas as coisas. Ele revela uma autoridade diferente daquela exibida pelos poderosos de ontem e de hoje&#8221;.<\/p>\n<p>De acordo com o Pont\u00edfice, &#8220;a sua maneira de transformar as situa\u00e7\u00f5es n\u00e3o sobrecarrega, mas eleva, n\u00e3o for\u00e7a, mas liberta. Jesus transforma o homem por dentro, incluindo cada um de voc\u00eas, para que possam expressar suas melhores energias e os talentos que possuem. Sigam Jesus com total confian\u00e7a, pensando no seu crescimento e n\u00e3o como se elevar acima dos outros, mas como se abaixar a servi\u00e7o dos outros. O maior \u00e9 aquele que sabe inclinar-se sobre quem caiu e assumir alguns dos seus fardos, com uma ternura que \u00e9 a verdadeira for\u00e7a&#8221;.<\/p>\n<p>Portanto, ter uma atitude de abertura, pois ser \u201ccat\u00f3lico\u201d &#8220;significa ter uma vis\u00e3o aberta e integral da pessoa humana, em todas as suas dimens\u00f5es, aquela que a Sagrada Escritura nos revela e que Jesus Cristo realizou em plenitude&#8221;.<\/p>\n<p>O Papa convida os jovens a aproveitarem &#8220;ao m\u00e1ximo as oportunidades que a escola lhes oferece, pois muitos jovens no mundo n\u00e3o t\u00eam a oportunidade de estudar. Comprometam-se por eles e seus direitos&#8221;.<\/p>\n<\/div>\n<div class=\"article__text\">\n<p><b>Por: Mariangela Jaguraba &#8211; <\/b><\/p>\n<p><b>Fonte e foto: <a href=\"https:\/\/www.vaticannews.va\/pt\/papa\/news\/2023-10\/papa-francisco-jovens-cupula-lideranca-estudantil-milao.html\">Vatican News<\/a><\/b><\/p>\n<\/div>\n","protected":false},"excerpt":{"rendered":"<p>Em seu discurso aos jovens que participam da C\u00fapula de Lideran\u00e7a Estudantil promovida pelo Col\u00e9gio S\u00e3o Carlos de Mil\u00e3o, Francisco os convidou a aproveitarem &#8220;ao m\u00e1ximo as oportunidades que a escola lhes oferece, pois muitos jovens no mundo n\u00e3o t\u00eam a oportunidade de estudar&#8221;. &nbsp; O Papa Francisco enviou uma mensagem aos jovens que participam&nbsp;<\/p>\n<p><a class=\"btn btn-style\" href=\"https:\/\/portalcatolico.net\/portal\/o-papa-aos-jovens-descubram-o-fascinio-inexaurivel-da-pessoa-de-jesus\/\">Continue Reading<\/a><\/p>\n","protected":false},"author":2,"featured_media":0,"comment_status":"open","ping_status":"open","sticky":false,"template":"","format":"standard","meta":{"footnotes":""},"categories":[5],"tags":[],"class_list":["post-79097","post","type-post","status-publish","format-standard","hentry","category-igreja_no_mundo"],"_links":{"self":[{"href":"https:\/\/portalcatolico.net\/portal\/wp-json\/wp\/v2\/posts\/79097","targetHints":{"allow":["GET"]}}],"collection":[{"href":"https:\/\/portalcatolico.net\/portal\/wp-json\/wp\/v2\/posts"}],"about":[{"href":"https:\/\/portalcatolico.net\/portal\/wp-json\/wp\/v2\/types\/post"}],"author":[{"embeddable":true,"href":"https:\/\/portalcatolico.net\/portal\/wp-json\/wp\/v2\/users\/2"}],"replies":[{"embeddable":true,"href":"https:\/\/portalcatolico.net\/portal\/wp-json\/wp\/v2\/comments?post=79097"}],"version-history":[{"count":1,"href":"https:\/\/portalcatolico.net\/portal\/wp-json\/wp\/v2\/posts\/79097\/revisions"}],"predecessor-version":[{"id":79098,"href":"https:\/\/portalcatolico.net\/portal\/wp-json\/wp\/v2\/posts\/79097\/revisions\/79098"}],"wp:attachment":[{"href":"https:\/\/portalcatolico.net\/portal\/wp-json\/wp\/v2\/media?parent=79097"}],"wp:term":[{"taxonomy":"category","embeddable":true,"href":"https:\/\/portalcatolico.net\/portal\/wp-json\/wp\/v2\/categories?post=79097"},{"taxonomy":"post_tag","embeddable":true,"href":"https:\/\/portalcatolico.net\/portal\/wp-json\/wp\/v2\/tags?post=79097"}],"curies":[{"name":"wp","href":"https:\/\/api.w.org\/{rel}","templated":true}]}}