{"id":79089,"date":"2023-10-14T00:50:12","date_gmt":"2023-10-14T03:50:12","guid":{"rendered":"http:\/\/portalcatolico.net\/portal\/?p=79089"},"modified":"2023-10-13T19:56:45","modified_gmt":"2023-10-13T22:56:45","slug":"inscreva-se-para-participacao-no-dia-nacional-da-juventude-em-itabuna","status":"publish","type":"post","link":"https:\/\/portalcatolico.net\/portal\/inscreva-se-para-participacao-no-dia-nacional-da-juventude-em-itabuna\/","title":{"rendered":"Inscreva-se para participa\u00e7\u00e3o no Dia Nacional da Juventude em Itabuna!"},"content":{"rendered":"<div class=\"v1ContentPasted0\">A diocese de Itabuna, no Sul da Bahia, realizar\u00e1 o Dia Nacional da Juventude, no dia 28\/10, a partir das 13h30, na Par\u00f3quia Santa Maria Goretti, em Itabuna (BA).<\/div>\n<div class=\"v1ContentPasted0\">O tema do evento este ano \u00e9: &#8220;E todos ficaram saciados.&#8221; (Lc, 9,17) .<\/div>\n<div class=\"v1ContentPasted0\">Para participar do DNJ \u00e9 necess\u00e1rio fazer uma inscri\u00e7\u00e3o.<\/div>\n<div class=\"v1ContentPasted0\">Clicando no link a seguir, voc\u00ea \u00e9 direcionado para a p\u00e1gina de inscri\u00e7\u00e3o do evento: <a href=\"https:\/\/forms.gle\/6cBfWfi83Aeeh6zZA\">https:\/\/forms.gle\/6cBfWfi83Aeeh6zZA<\/a>. &nbsp;<\/div>\n<div class=\"v1ContentPasted0\">Vale lembrar que a par\u00f3quia anfitri\u00e3 fica localizada no bairro Mangabinha, em Itabuna.<\/div>\n<div>&nbsp;<\/div>\n<div class=\"v1ContentPasted0\"><strong>Hist\u00f3ria do DNJ:<\/strong><\/div>\n<div>&nbsp;<\/div>\n<div class=\"v1ContentPasted0\">O Dia Nacional da Juventude foi celebrado pela primeira vez por ocasi\u00e3o do Ano Internacional da Juventude, proclamado pela Organiza\u00e7\u00e3o das Na\u00e7\u00f5es Unidas &#8211; ONU em 1985. Surgiu, portanto, em sintonia com as discuss\u00f5es mundiais sobre a realidade dos jovens, mas com o objetivo de tornar essas discuss\u00f5es mais pr\u00f3ximas da realidade da juventude brasileira.<\/div>\n<div class=\"v1ContentPasted0\">Todos os anos organiza-se um dia de festa da juventude, sempre com um tema importante a ser debatido e trabalhado com grupos. &nbsp;<\/div>\n<div class=\"v1ContentPasted0\">O per\u00edodo de exist\u00eancia do DNJ tem sido um tempo de discuss\u00f5es f\u00e9rteis entre os grupos de todo o Brasil, na inten\u00e7\u00e3o de promover o protagonismo juvenil, defender a vida da juventude, anunciar sinais de vida e denunciar sinais de morte.<\/div>\n<div class=\"v1ContentPasted0\">A realiza\u00e7\u00e3o do DNJ acontece todos os anos no \u00faltimo domingo do m\u00eas de outubro, exceto em ano eleitoral, quando se antecipa ou a celebra\u00e7\u00e3o \u00e9 adiada para o domingo posterior.<\/div>\n<div>&nbsp;<\/div>\n<div class=\"v1ContentPasted0\">FONTE SOBRE A HIST\u00d3RIA DO EVENTO: <a href=\"http:\/\/www.maedajuda.com.br\/site\/multimidia\/13-noticias\/44-conheca-um-pouco-da-historia-do-dnj\">http:\/\/www.maedajuda.com.br\/site\/multimidia\/13-noticias\/44-conheca-um-pouco-da-historia-do-dnj&nbsp;<\/a><\/div>\n","protected":false},"excerpt":{"rendered":"<p>A diocese de Itabuna, no Sul da Bahia, realizar\u00e1 o Dia Nacional da Juventude, no dia 28\/10, a partir das 13h30, na Par\u00f3quia Santa Maria Goretti, em Itabuna (BA). O tema do evento este ano \u00e9: &#8220;E todos ficaram saciados.&#8221; (Lc, 9,17) . Para participar do DNJ \u00e9 necess\u00e1rio fazer uma inscri\u00e7\u00e3o. Clicando no link&nbsp;<\/p>\n<p><a class=\"btn btn-style\" href=\"https:\/\/portalcatolico.net\/portal\/inscreva-se-para-participacao-no-dia-nacional-da-juventude-em-itabuna\/\">Continue Reading<\/a><\/p>\n","protected":false},"author":2,"featured_media":79091,"comment_status":"open","ping_status":"open","sticky":false,"template":"","format":"standard","meta":{"footnotes":""},"categories":[4],"tags":[],"class_list":["post-79089","post","type-post","status-publish","format-standard","has-post-thumbnail","hentry","category-destaques"],"_links":{"self":[{"href":"https:\/\/portalcatolico.net\/portal\/wp-json\/wp\/v2\/posts\/79089","targetHints":{"allow":["GET"]}}],"collection":[{"href":"https:\/\/portalcatolico.net\/portal\/wp-json\/wp\/v2\/posts"}],"about":[{"href":"https:\/\/portalcatolico.net\/portal\/wp-json\/wp\/v2\/types\/post"}],"author":[{"embeddable":true,"href":"https:\/\/portalcatolico.net\/portal\/wp-json\/wp\/v2\/users\/2"}],"replies":[{"embeddable":true,"href":"https:\/\/portalcatolico.net\/portal\/wp-json\/wp\/v2\/comments?post=79089"}],"version-history":[{"count":3,"href":"https:\/\/portalcatolico.net\/portal\/wp-json\/wp\/v2\/posts\/79089\/revisions"}],"predecessor-version":[{"id":79093,"href":"https:\/\/portalcatolico.net\/portal\/wp-json\/wp\/v2\/posts\/79089\/revisions\/79093"}],"wp:featuredmedia":[{"embeddable":true,"href":"https:\/\/portalcatolico.net\/portal\/wp-json\/wp\/v2\/media\/79091"}],"wp:attachment":[{"href":"https:\/\/portalcatolico.net\/portal\/wp-json\/wp\/v2\/media?parent=79089"}],"wp:term":[{"taxonomy":"category","embeddable":true,"href":"https:\/\/portalcatolico.net\/portal\/wp-json\/wp\/v2\/categories?post=79089"},{"taxonomy":"post_tag","embeddable":true,"href":"https:\/\/portalcatolico.net\/portal\/wp-json\/wp\/v2\/tags?post=79089"}],"curies":[{"name":"wp","href":"https:\/\/api.w.org\/{rel}","templated":true}]}}