{"id":79085,"date":"2023-10-12T10:08:16","date_gmt":"2023-10-12T13:08:16","guid":{"rendered":"http:\/\/portalcatolico.net\/portal\/?p=79085"},"modified":"2023-10-12T10:08:56","modified_gmt":"2023-10-12T13:08:56","slug":"confira-a-programacao-especial-em-homenagem-a-nossa-senhora-aparecida-hoje-em-itabuna","status":"publish","type":"post","link":"https:\/\/portalcatolico.net\/portal\/confira-a-programacao-especial-em-homenagem-a-nossa-senhora-aparecida-hoje-em-itabuna\/","title":{"rendered":"Confira a programa\u00e7\u00e3o especial em homenagem a Nossa Senhora Aparecida, hoje,  em Itabuna."},"content":{"rendered":"<div dir=\"auto\">Nesta quinta-feira, dia 12 de outubro \u00e9 dia de festa em todo territ\u00f3rio nacional, pois \u00e9 o dia da Padroeira do Brasil: Nossa Senhora Aparecida! E \u00e9 claro que a Par\u00f3quia que tem o nome da santa em Itabuna (BA), j\u00e1 est\u00e1 comemorando este dia especial, com uma bonita e extensa festa, do jeito que a santa merece!<\/div>\n<div dir=\"auto\">&nbsp;<\/div>\n<div dir=\"auto\">A programa\u00e7\u00e3o come\u00e7ou cedinho, \u00e0s 6h, com o movimento devocional, santo ter\u00e7o, santo of\u00edcio e ladainha de Nossa Senhora.<\/div>\n<div dir=\"auto\">\u00c0s 7h, teve a tradicional santa missa dos devotos de Nossa Senhora Aparecida.<\/div>\n<div dir=\"auto\">\u00c0s 9h, acontecer\u00e1 a santa missa com as crian\u00e7as (pois nesta data, tamb\u00e9m comemora-se o Dia das crian\u00e7as).<\/div>\n<div dir=\"auto\">\u00c0s 12h, tem a queima de fogos.<\/div>\n<div dir=\"auto\">\u00c0s 15h, acontecem os batizados.<\/div>\n<div dir=\"auto\">\u00c0s 17h, acontecer\u00e1 a missa solene presidida pelo Bispo de Itabuna, Dom Carlos Alberto dos Santos, com a participa\u00e7\u00e3o do padre Ezequias Gon\u00e7alves (p\u00e1roco da par\u00f3quia celebrante) &nbsp;al\u00e9m de outros religiosos da diocese de Itabuna.<\/div>\n<div dir=\"auto\">Participe dessa festa linda!<\/div>\n<div dir=\"auto\">&nbsp;<\/div>\n<div dir=\"auto\">&nbsp;<\/div>\n<div dir=\"auto\"><strong>Confira um pouco da hist\u00f3ria da santa:<\/strong><\/div>\n<div dir=\"auto\">&nbsp;<\/div>\n<div dir=\"auto\">No ano de 1894, chegou a Aparecida um grupo de irm\u00e3os e padres, da congrega\u00e7\u00e3o dos mission\u00e1rios Redentoristas, que trabalham at\u00e9 hoje no Santu\u00e1rio Nacional. Eles chegaram para trabalhar no atendimento aos romeiros, celebra\u00e7\u00e3o de missas, confiss\u00e3o e visita as fam\u00edlias. &nbsp;<\/div>\n<div dir=\"auto\">&nbsp;<\/div>\n<div dir=\"auto\">Em 1904, o Papa Pio X deu ordem para coroar a imagem de modo solene. No dia 29 de abril de 1908, a Igreja recebeu o t\u00edtulo de Bas\u00edlica Menor. Um momento hist\u00f3rico e um marco na devo\u00e7\u00e3o a Nossa Senhora Aparecida. Foi quando em 1929, o Papa Pio XI declarou Nossa Senhora Aparecida como padroeira do Brasil. Ele fez isso com os seguintes objetivos: o bem espiritual do povo e o aumento cada vez maior de devotos \u00e0 Imaculada M\u00e3e de Deus. &nbsp;<\/div>\n<div dir=\"auto\">&nbsp;<\/div>\n<div dir=\"auto\">Em 1967, completando 250 anos do encontro da imagem no rio Para\u00edba, o Papa Paulo VI ofereceu ao Santu\u00e1rio de Aparecida uma rosa de ouro, reconhecendo a import\u00e2ncia da devo\u00e7\u00e3o a M\u00e3e de Deus e do Santu\u00e1rio. &nbsp;<\/div>\n<div dir=\"auto\">&nbsp;<\/div>\n<div dir=\"auto\">Com o passar dos anos, a devo\u00e7\u00e3o a Nossa Senhora Aparecida foi crescendo mais e mais e o n\u00famero de romeiros que acorriam ao Santu\u00e1rio, aumentando. A Bas\u00edlica Velha foi ficando pequena. Era necess\u00e1ria a constru\u00e7\u00e3o de uma igreja maior, que acolhesse todos os romeiros. Os mission\u00e1rios redentoristas se reuniram e, junto com os bispos, decidiram pela constru\u00e7\u00e3o da b\u00e1sica nova. A constru\u00e7\u00e3o iniciou-se em 11 de novembro de 1955. Em 1980, ainda em constru\u00e7\u00e3o, a Bas\u00edlica foi consagrada pelo Papa Jo\u00e3o Paulo II e recebeu o t\u00edtulo de Bas\u00edlica Menor. &nbsp;<\/div>\n<div dir=\"auto\">&nbsp;<\/div>\n<div dir=\"auto\">Em 1984, a CNBB (Confer\u00eancia Nacional dos Bispos do Brasil), declarou oficialmente a Bas\u00edlica de Aparecida como Santu\u00e1rio Nacional. Depois, ao longo dos anos, melhoria foram feitas no santu\u00e1rio, gra\u00e7as ao trabalho incans\u00e1vel dos Redentoristas. O Santu\u00e1rio recebeu ainda a visita de outros Papas, como Bento XVI, em 2007, e Francisco, em 2013. &nbsp;<\/div>\n<div dir=\"auto\">&nbsp;<\/div>\n<div dir=\"auto\">Aparecida, que pertencia ao mun\u00edcipio de Guaratinguet\u00e1, se tornou independente e, recebendo o nome de Aparecida, devido ao grande n\u00famero de fi\u00e9is que acorriam a cidade em peregrina\u00e7\u00e3o e por Nossa Senhora ter aparecido nas \u00e1guas. A cidade de Aparecida se tornou a capital Mariana da f\u00e9 e ficou marcada por, no ano de 2013, acolher o Papa Francisco na cidade devido a Jornada Mundial da Juventude Rio, em 2013.(Fonte: CNBB)<\/div>\n","protected":false},"excerpt":{"rendered":"<p>Nesta quinta-feira, dia 12 de outubro \u00e9 dia de festa em todo territ\u00f3rio nacional, pois \u00e9 o dia da Padroeira do Brasil: Nossa Senhora Aparecida! E \u00e9 claro que a Par\u00f3quia que tem o nome da santa em Itabuna (BA), j\u00e1 est\u00e1 comemorando este dia especial, com uma bonita e extensa festa, do jeito que&nbsp;<\/p>\n<p><a class=\"btn btn-style\" href=\"https:\/\/portalcatolico.net\/portal\/confira-a-programacao-especial-em-homenagem-a-nossa-senhora-aparecida-hoje-em-itabuna\/\">Continue Reading<\/a><\/p>\n","protected":false},"author":2,"featured_media":79086,"comment_status":"open","ping_status":"open","sticky":false,"template":"","format":"standard","meta":{"footnotes":""},"categories":[4],"tags":[],"class_list":["post-79085","post","type-post","status-publish","format-standard","has-post-thumbnail","hentry","category-destaques"],"_links":{"self":[{"href":"https:\/\/portalcatolico.net\/portal\/wp-json\/wp\/v2\/posts\/79085","targetHints":{"allow":["GET"]}}],"collection":[{"href":"https:\/\/portalcatolico.net\/portal\/wp-json\/wp\/v2\/posts"}],"about":[{"href":"https:\/\/portalcatolico.net\/portal\/wp-json\/wp\/v2\/types\/post"}],"author":[{"embeddable":true,"href":"https:\/\/portalcatolico.net\/portal\/wp-json\/wp\/v2\/users\/2"}],"replies":[{"embeddable":true,"href":"https:\/\/portalcatolico.net\/portal\/wp-json\/wp\/v2\/comments?post=79085"}],"version-history":[{"count":2,"href":"https:\/\/portalcatolico.net\/portal\/wp-json\/wp\/v2\/posts\/79085\/revisions"}],"predecessor-version":[{"id":79088,"href":"https:\/\/portalcatolico.net\/portal\/wp-json\/wp\/v2\/posts\/79085\/revisions\/79088"}],"wp:featuredmedia":[{"embeddable":true,"href":"https:\/\/portalcatolico.net\/portal\/wp-json\/wp\/v2\/media\/79086"}],"wp:attachment":[{"href":"https:\/\/portalcatolico.net\/portal\/wp-json\/wp\/v2\/media?parent=79085"}],"wp:term":[{"taxonomy":"category","embeddable":true,"href":"https:\/\/portalcatolico.net\/portal\/wp-json\/wp\/v2\/categories?post=79085"},{"taxonomy":"post_tag","embeddable":true,"href":"https:\/\/portalcatolico.net\/portal\/wp-json\/wp\/v2\/tags?post=79085"}],"curies":[{"name":"wp","href":"https:\/\/api.w.org\/{rel}","templated":true}]}}