{"id":79082,"date":"2023-10-11T20:15:28","date_gmt":"2023-10-11T23:15:28","guid":{"rendered":"http:\/\/portalcatolico.net\/portal\/?p=79082"},"modified":"2023-10-11T20:15:28","modified_gmt":"2023-10-11T23:15:28","slug":"nomeacao-do-papa-dom-gregorio-paixao-e-o-novo-arcebispo-de-fortaleza","status":"publish","type":"post","link":"https:\/\/portalcatolico.net\/portal\/nomeacao-do-papa-dom-gregorio-paixao-e-o-novo-arcebispo-de-fortaleza\/","title":{"rendered":"Nomea\u00e7\u00e3o do Papa: dom Greg\u00f3rio Paix\u00e3o \u00e9 o novo arcebispo de Fortaleza"},"content":{"rendered":"<div class=\"article__subTitle\">Nesta quarta-feira (11), Francisco aceitou a ren\u00fancia apresentada por dom Jos\u00e9 Ant\u00f4nio Aparecido Tosi Marques, da Arquidiocese Metropolitana de Fortaleza (CE), nomeando dom Greg\u00f3rio Ben L\u00e2med Paix\u00e3o como novo arcebispo do governo pastoral local.<\/div>\n<div>&nbsp;<\/div>\n<div class=\"title__separator\">\n<p>O Papa Francisco aceitou a ren\u00fancia&nbsp;ao governo pastoral da Arquidiocese Metropolitana de Fortaleza, no Cear\u00e1, apresentada por dom Jos\u00e9 Ant\u00f4nio Aparecido Tosi Marques, por ter completado 75 anos, conforme previsto no Direito Can\u00f4nico. Nesta quarta-feira (11), o Pont\u00edfice tamb\u00e9m nomeou o novo arcebispo metropolitano local, dom Greg\u00f3rio Ben L\u00e2med Paix\u00e3o, transferindo-o da diocese de Petr\u00f3polis, no Rio de Janeiro.<\/p>\n<p><strong>A biografia de dom Greg\u00f3rio<\/strong><\/p>\n<p>Dom Greg\u00f3rio Ben L\u00e2med Paix\u00e3o nasceu em 3 de novembro de 1964 em Aracaju, no Estado de Sergipe. Estudou Filosofia e Teologia na Escola da Congrega\u00e7\u00e3o Beneditina do Brasil no Rio de Janeiro (1987 a 1992) e obteve o doutorado em Antropologia Cultural pela&nbsp;<i>Open Universiteit van Amsterdam<\/i>, nos Pa\u00edses Baixos.<\/p>\n<p>Em 7 de dezembro de 1986, fez sua profiss\u00e3o religiosa na Ordem Beneditina e foi ordenado sacerdote em Salvador (BA) em 21 de mar\u00e7o de 1993.<\/p>\n<p>Desempenhou os seguintes cargos: ec\u00f4nomo, mestre de novi\u00e7os e prior do Mosteiro Beneditino da Bahia; diretor do Col\u00e9gio S\u00e3o Bento em Salvador (BA); professor e diretor da Faculdade S\u00e3o Bento em Salvador (BA); e membro do Conselho Econ\u00f4mico da Arquidiocese de S\u00e3o Salvador da Bahia.<\/p>\n<p>Em 7 de junho de 2006 foi nomeado bispo titular de Fico e bispo auxiliar de Salvador, na Bahia, pelo Papa Bento XVI. A ordena\u00e7\u00e3o episcopal aconteceu em em 29 de julho de 2006. Em 10 de outubro de 2012, foi transferido para o governo pastoral de Petr\u00f3polis.<\/p>\n<p><strong>A atua\u00e7\u00e3o junto \u00e0 CNBB<\/strong><\/p>\n<p>Na Confer\u00eancia Nacional dos Bispos do Brasil (CNBB) ocupou os seguintes cargos: secret\u00e1rio do Regional Nordeste 3 (2007-2012), chefe da Pastoral da Cultura (2011-2022), presidente da Comiss\u00e3o Episcopal da Campanha para a Evangeliza\u00e7\u00e3o (2020-2021), membro da Comiss\u00e3o Episcopal para o Patrim\u00f4nio Cultural da Igreja (2010-2022) e membro da Comiss\u00e3o para o Tratado Brasil-Santa S\u00e9 (desde 2011). Atualmente \u00e9 vice-presidente do Regional Leste 1 e presidente da Comiss\u00e3o Episcopal para a Cultura e a Educa\u00e7\u00e3o da CNBB.<\/p>\n<p>A presid\u00eancia da Confer\u00eancia j\u00e1 enviou mensagem ao novo arcebispo pela miss\u00e3o que lhe foi conferida em Fortaleza, naquele que \u00e9 um &#8220;retorno \u00e0 regi\u00e3o de origem, o Nordeste&#8221;. A sauda\u00e7\u00e3o tamb\u00e9m continha palavras expressas pelo Papa Francisco, ao motivar o arcebispo a promover &#8220;o &#8216;apostolado do ouvido&#8217;, ou seja, escutar com&nbsp;os ouvidos de Deus para poder falar com a palavra de Deus. E assim nos aproximarmos do cora\u00e7\u00e3o de Cristo, do qual brota nossa miss\u00e3o, e da voz que atrai para Ele. Uma voz que nos revela o centro da miss\u00e3o, que \u00e9 chegar a todos, buscar a todos, acolher a todos, envolver a todos, sem excluir ningu\u00e9m&#8221;. Enfim, a presid\u00eancia da CNBB pediu a intercess\u00e3o de&nbsp;Nossa Senhora da Assun\u00e7\u00e3o, padroeira de Fortaleza, para interceder por aquela Igreja para que &#8220;seja um sinal fecundo da presen\u00e7a de Deus no meio de n\u00f3s&#8221;.<\/p>\n<\/div>\n<div class=\"article__text\">\n<p><b>Por: Andressa Collet &#8211; <\/b><\/p>\n<p><b>Fonte e foto: Vatican News<\/b><\/p>\n<\/div>\n","protected":false},"excerpt":{"rendered":"<p>Nesta quarta-feira (11), Francisco aceitou a ren\u00fancia apresentada por dom Jos\u00e9 Ant\u00f4nio Aparecido Tosi Marques, da Arquidiocese Metropolitana de Fortaleza (CE), nomeando dom Greg\u00f3rio Ben L\u00e2med Paix\u00e3o como novo arcebispo do governo pastoral local. &nbsp; O Papa Francisco aceitou a ren\u00fancia&nbsp;ao governo pastoral da Arquidiocese Metropolitana de Fortaleza, no Cear\u00e1, apresentada por dom Jos\u00e9 Ant\u00f4nio&nbsp;<\/p>\n<p><a class=\"btn btn-style\" href=\"https:\/\/portalcatolico.net\/portal\/nomeacao-do-papa-dom-gregorio-paixao-e-o-novo-arcebispo-de-fortaleza\/\">Continue Reading<\/a><\/p>\n","protected":false},"author":2,"featured_media":79083,"comment_status":"open","ping_status":"open","sticky":false,"template":"","format":"standard","meta":{"footnotes":""},"categories":[5],"tags":[],"class_list":["post-79082","post","type-post","status-publish","format-standard","has-post-thumbnail","hentry","category-igreja_no_mundo"],"_links":{"self":[{"href":"https:\/\/portalcatolico.net\/portal\/wp-json\/wp\/v2\/posts\/79082","targetHints":{"allow":["GET"]}}],"collection":[{"href":"https:\/\/portalcatolico.net\/portal\/wp-json\/wp\/v2\/posts"}],"about":[{"href":"https:\/\/portalcatolico.net\/portal\/wp-json\/wp\/v2\/types\/post"}],"author":[{"embeddable":true,"href":"https:\/\/portalcatolico.net\/portal\/wp-json\/wp\/v2\/users\/2"}],"replies":[{"embeddable":true,"href":"https:\/\/portalcatolico.net\/portal\/wp-json\/wp\/v2\/comments?post=79082"}],"version-history":[{"count":1,"href":"https:\/\/portalcatolico.net\/portal\/wp-json\/wp\/v2\/posts\/79082\/revisions"}],"predecessor-version":[{"id":79084,"href":"https:\/\/portalcatolico.net\/portal\/wp-json\/wp\/v2\/posts\/79082\/revisions\/79084"}],"wp:featuredmedia":[{"embeddable":true,"href":"https:\/\/portalcatolico.net\/portal\/wp-json\/wp\/v2\/media\/79083"}],"wp:attachment":[{"href":"https:\/\/portalcatolico.net\/portal\/wp-json\/wp\/v2\/media?parent=79082"}],"wp:term":[{"taxonomy":"category","embeddable":true,"href":"https:\/\/portalcatolico.net\/portal\/wp-json\/wp\/v2\/categories?post=79082"},{"taxonomy":"post_tag","embeddable":true,"href":"https:\/\/portalcatolico.net\/portal\/wp-json\/wp\/v2\/tags?post=79082"}],"curies":[{"name":"wp","href":"https:\/\/api.w.org\/{rel}","templated":true}]}}