{"id":79079,"date":"2023-10-11T19:14:16","date_gmt":"2023-10-11T22:14:16","guid":{"rendered":"http:\/\/portalcatolico.net\/portal\/?p=79079"},"modified":"2023-10-11T19:14:16","modified_gmt":"2023-10-11T22:14:16","slug":"igrapiuna-homens-do-terco-tratam-as-coisas-de-deus-com-amor-sem-medida-diz-dom-giovanni","status":"publish","type":"post","link":"https:\/\/portalcatolico.net\/portal\/igrapiuna-homens-do-terco-tratam-as-coisas-de-deus-com-amor-sem-medida-diz-dom-giovanni\/","title":{"rendered":"Igrapi\u00fana: \u201cHomens do Ter\u00e7o tratam as coisas de Deus com amor sem medida\u201d, diz Dom Giovanni"},"content":{"rendered":"<p style=\"font-weight: 400;\">Ao parabenizar e destacar a atua\u00e7\u00e3o dos membros do Ter\u00e7o dos Homens no sul da Bahia, Dom Giovanni Crippa afirmou que tem apre\u00e7o, admira\u00e7\u00e3o e respeito pelos integrantes do movimento, porque eles \u201ctratam as coisas de Deus com amor sem medida\u201d. O bispo de Ilh\u00e9us fez a declara\u00e7\u00e3o na tarde do \u00faltimo domingo, dia 08, em Igrapi\u00fana, durante o enceramento do Terceiro Encontro Diocesano dos Homens do Ter\u00e7o, evento promovido anualmente pela Diocese de Ilh\u00e9us.<\/p>\n<p style=\"font-weight: 400;\">Durante a celebra\u00e7\u00e3o da missa em a\u00e7\u00e3o de gra\u00e7as,&nbsp;no Gin\u00e1sio de Esportes de Igrapi\u00fana,&nbsp;Dom Giovanni afirmou que h\u00e1 uma rela\u00e7\u00e3o profunda e linda de amor entre Deus Pai e o Filho. \u00c9 um Pai que ama sem limites Seu Filho e um Filho que n\u00e3o se cansa de amar Seu Pai e leva adiante a miss\u00e3o em meio \u00e0s lutas, \u00e0s dores, aos sofrimentos, \u00e0s dificuldades e n\u00e3o corta o elo de amor com o Pai.&nbsp;\u201cO amor de Deus para com a humanidade \u00e9 um \u2018amor louco\u2019, mesmo quando estamos distantes do seu projeto\u201d, acrescentou.<\/p>\n<p style=\"font-weight: 400;\">Organizado pela Regional Nordeste-3 e pela Sub-Regional Pastoral-6 do \u201cTer\u00e7o dos Homens\u201d, o encontro teve como tema&nbsp;\u201cTer\u00e7o dos Homens: voca\u00e7\u00e3o evangelizadora na Igreja\u201d. O evento que contou com a participa\u00e7\u00e3o da Par\u00f3quia Nossa Senhora das Dores, em Igrapi\u00fana, teve a presen\u00e7a de mais oitocentos&nbsp;homens cat\u00f3licos, acompanhados de mulheres e filhos, representando os movimentos pastorais das setenta e quatro Par\u00f3quias das Dioceses de Ilh\u00e9us, Itabuna e Jequi\u00e9.(Blogdobene)<\/p>\n","protected":false},"excerpt":{"rendered":"<p>Ao parabenizar e destacar a atua\u00e7\u00e3o dos membros do Ter\u00e7o dos Homens no sul da Bahia, Dom Giovanni Crippa afirmou que tem apre\u00e7o, admira\u00e7\u00e3o e respeito pelos integrantes do movimento, porque eles \u201ctratam as coisas de Deus com amor sem medida\u201d. O bispo de Ilh\u00e9us fez a declara\u00e7\u00e3o na tarde do \u00faltimo domingo, dia 08,&nbsp;<\/p>\n<p><a class=\"btn btn-style\" href=\"https:\/\/portalcatolico.net\/portal\/igrapiuna-homens-do-terco-tratam-as-coisas-de-deus-com-amor-sem-medida-diz-dom-giovanni\/\">Continue Reading<\/a><\/p>\n","protected":false},"author":2,"featured_media":79080,"comment_status":"open","ping_status":"open","sticky":false,"template":"","format":"standard","meta":{"footnotes":""},"categories":[4],"tags":[],"class_list":["post-79079","post","type-post","status-publish","format-standard","has-post-thumbnail","hentry","category-destaques"],"_links":{"self":[{"href":"https:\/\/portalcatolico.net\/portal\/wp-json\/wp\/v2\/posts\/79079","targetHints":{"allow":["GET"]}}],"collection":[{"href":"https:\/\/portalcatolico.net\/portal\/wp-json\/wp\/v2\/posts"}],"about":[{"href":"https:\/\/portalcatolico.net\/portal\/wp-json\/wp\/v2\/types\/post"}],"author":[{"embeddable":true,"href":"https:\/\/portalcatolico.net\/portal\/wp-json\/wp\/v2\/users\/2"}],"replies":[{"embeddable":true,"href":"https:\/\/portalcatolico.net\/portal\/wp-json\/wp\/v2\/comments?post=79079"}],"version-history":[{"count":1,"href":"https:\/\/portalcatolico.net\/portal\/wp-json\/wp\/v2\/posts\/79079\/revisions"}],"predecessor-version":[{"id":79081,"href":"https:\/\/portalcatolico.net\/portal\/wp-json\/wp\/v2\/posts\/79079\/revisions\/79081"}],"wp:featuredmedia":[{"embeddable":true,"href":"https:\/\/portalcatolico.net\/portal\/wp-json\/wp\/v2\/media\/79080"}],"wp:attachment":[{"href":"https:\/\/portalcatolico.net\/portal\/wp-json\/wp\/v2\/media?parent=79079"}],"wp:term":[{"taxonomy":"category","embeddable":true,"href":"https:\/\/portalcatolico.net\/portal\/wp-json\/wp\/v2\/categories?post=79079"},{"taxonomy":"post_tag","embeddable":true,"href":"https:\/\/portalcatolico.net\/portal\/wp-json\/wp\/v2\/tags?post=79079"}],"curies":[{"name":"wp","href":"https:\/\/api.w.org\/{rel}","templated":true}]}}