{"id":78939,"date":"2023-09-27T21:13:58","date_gmt":"2023-09-28T00:13:58","guid":{"rendered":"http:\/\/portalcatolico.net\/portal\/?p=78939"},"modified":"2023-09-27T21:14:35","modified_gmt":"2023-09-28T00:14:35","slug":"hoje-e-celebrado-sao-vicente-de-paulo-padroeiro-das-obras-de-caridade","status":"publish","type":"post","link":"https:\/\/portalcatolico.net\/portal\/hoje-e-celebrado-sao-vicente-de-paulo-padroeiro-das-obras-de-caridade\/","title":{"rendered":"Santo do dia: S\u00e3o Vicente de Paulo, padroeiro das obras de caridade"},"content":{"rendered":"<p>\u201cSendo a M\u00e3e de Deus invocada e tomada por padroeira das coisas de import\u00e2ncia, n\u00e3o pode acontecer que tudo n\u00e3o v\u00e1 bem e n\u00e3o redunde para a maior gl\u00f3ria do bom Jesus, seu Filho\u201d, dizia o grande s\u00e3o Vicente de Paulo, padroeiro das obras de caridade e fundador da Congrega\u00e7\u00e3o da Miss\u00e3o (Vicentinos) e das Filhas da Caridade.<\/p>\n<p>S\u00e3o Vicente nasceu na Fran\u00e7a em 1581, em uma fam\u00edlia de camponeses. Quando era adolescente, foi enviado para o col\u00e9gio dos franciscanos na pr\u00f3spera cidade de Dax. L\u00e1, entregou-se por completo aos estudos, mas come\u00e7ou a sentir vergonha de suas origens.<\/p>\n<p>Recebeu a tonsura e as ordens menores para, em seguida, entrar na Universidade de Toulouse, onde estudou teologia. Seu pai morreu e lhe deixou parte da heran\u00e7a para que pudesse pagar seus estudos, mas o jovem Vicente recusou a ajuda e decidiu cuidar de si mesmo. Por isso, trabalhou como educador em um col\u00e9gio.<\/p>\n<p>Foi ordenado em 1600 com apenas dezenove anos e preferiu continuar seus estudos, desejando ser bispo. Uma anci\u00e3, dama de Toulouse, deixou para ele uma heran\u00e7a econ\u00f4mica que ele teve que ir receber em Marselha. Quando retornava, o navio foi atacado pelos turcos e Vicente foi feito prisioneiro.<\/p>\n<p>Diz-se que foi vendido como escravo e esteve a servi\u00e7o de um pescador, de um m\u00e9dico e de um crist\u00e3o renegado. A este \u00faltimo conseguiu converter e, assim, p\u00f4de empreender sua viagem de retorno at\u00e9 que chegou a Paris.<\/p>\n<p>Mais tarde, serviu como p\u00e1roco, mas teve que deixar a fun\u00e7\u00e3o para ser preceptor de uma ilustre fam\u00edlia. No entanto, nessa vida de riqueza, come\u00e7ou a se dar conta de que o Evangelho exige uma caridade radical.<\/p>\n<p>Assim, ao atender um moribundo, aprofundou no amor de Deus e come\u00e7ou a querer ir a todas as regi\u00f5es remotas para expressar que existe um Deus de ternura que n\u00e3o os tinha esquecido.<\/p>\n<p>Com o tempo, fundou a Congrega\u00e7\u00e3o da Miss\u00e3o para dar miss\u00f5es populares e trabalhar na forma\u00e7\u00e3o do clero. Do mesmo modo, foi cofundador com santa Luiza de Marilac da Companhia das Filhas da Caridade.<\/p>\n<p>Durante sua vida, s\u00e3o Vicente conheceu o bispo s\u00e3o Francisco de Sales, que logo pediu que assumisse a capelania de suas Visitandinas de Paris e a dire\u00e7\u00e3o espiritual de santa Joana de Chantal.<\/p>\n<p>Para s\u00e3o Vicente, a ora\u00e7\u00e3o era o principal e apresentou a humildade como a primeira qualidade dos sacerdotes mission\u00e1rios. Sempre buscou a paz e a aten\u00e7\u00e3o aos necessitados, mesmo em meio \u00e0s guerras de seu tempo, tornando-se conselheiro de governantes e verdadeiro amigo dos necessitados.<\/p>\n<p>Morreu em 27 de setembro de 1660, pouco antes das quatro da manh\u00e3, a hora que costumava se levantar para servir a Deus e aos pobres.(ACI)<\/p>\n","protected":false},"excerpt":{"rendered":"<p>\u201cSendo a M\u00e3e de Deus invocada e tomada por padroeira das coisas de import\u00e2ncia, n\u00e3o pode acontecer que tudo n\u00e3o v\u00e1 bem e n\u00e3o redunde para a maior gl\u00f3ria do bom Jesus, seu Filho\u201d, dizia o grande s\u00e3o Vicente de Paulo, padroeiro das obras de caridade e fundador da Congrega\u00e7\u00e3o da Miss\u00e3o (Vicentinos) e das&nbsp;<\/p>\n<p><a class=\"btn btn-style\" href=\"https:\/\/portalcatolico.net\/portal\/hoje-e-celebrado-sao-vicente-de-paulo-padroeiro-das-obras-de-caridade\/\">Continue Reading<\/a><\/p>\n","protected":false},"author":2,"featured_media":73654,"comment_status":"open","ping_status":"open","sticky":false,"template":"","format":"standard","meta":{"footnotes":""},"categories":[69],"tags":[],"class_list":["post-78939","post","type-post","status-publish","format-standard","has-post-thumbnail","hentry","category-artigos"],"_links":{"self":[{"href":"https:\/\/portalcatolico.net\/portal\/wp-json\/wp\/v2\/posts\/78939","targetHints":{"allow":["GET"]}}],"collection":[{"href":"https:\/\/portalcatolico.net\/portal\/wp-json\/wp\/v2\/posts"}],"about":[{"href":"https:\/\/portalcatolico.net\/portal\/wp-json\/wp\/v2\/types\/post"}],"author":[{"embeddable":true,"href":"https:\/\/portalcatolico.net\/portal\/wp-json\/wp\/v2\/users\/2"}],"replies":[{"embeddable":true,"href":"https:\/\/portalcatolico.net\/portal\/wp-json\/wp\/v2\/comments?post=78939"}],"version-history":[{"count":2,"href":"https:\/\/portalcatolico.net\/portal\/wp-json\/wp\/v2\/posts\/78939\/revisions"}],"predecessor-version":[{"id":78941,"href":"https:\/\/portalcatolico.net\/portal\/wp-json\/wp\/v2\/posts\/78939\/revisions\/78941"}],"wp:featuredmedia":[{"embeddable":true,"href":"https:\/\/portalcatolico.net\/portal\/wp-json\/wp\/v2\/media\/73654"}],"wp:attachment":[{"href":"https:\/\/portalcatolico.net\/portal\/wp-json\/wp\/v2\/media?parent=78939"}],"wp:term":[{"taxonomy":"category","embeddable":true,"href":"https:\/\/portalcatolico.net\/portal\/wp-json\/wp\/v2\/categories?post=78939"},{"taxonomy":"post_tag","embeddable":true,"href":"https:\/\/portalcatolico.net\/portal\/wp-json\/wp\/v2\/tags?post=78939"}],"curies":[{"name":"wp","href":"https:\/\/api.w.org\/{rel}","templated":true}]}}