{"id":78749,"date":"2023-09-04T21:41:22","date_gmt":"2023-09-05T00:41:22","guid":{"rendered":"http:\/\/portalcatolico.net\/portal\/?p=78749"},"modified":"2023-09-04T21:41:22","modified_gmt":"2023-09-05T00:41:22","slug":"o-mes-da-biblia-vestir-se-da-nova-humanidade","status":"publish","type":"post","link":"https:\/\/portalcatolico.net\/portal\/o-mes-da-biblia-vestir-se-da-nova-humanidade\/","title":{"rendered":"O M\u00eas da B\u00edblia: vestir-se da Nova Humanidade"},"content":{"rendered":"<div class=\"article__subTitle\">O lema do M\u00eas da B\u00edblia de 2023, \u201cVestir-se da nova humanidade\u201d, \u00e9 extra\u00eddo de Ef 4,24 e est\u00e1 inserido numa exorta\u00e7\u00e3o da carta, na qual o autor apresenta aos batizados e batizadas, no que consiste assumir a vida nova, ap\u00f3s a ades\u00e3o a Cristo pelo batismo.<\/div>\n<div class=\"title__separator\">&nbsp;<\/div>\n<div>\n<p>O M\u00eas da B\u00edblia, comemorado pela Igreja do Brasil em setembro, objetiva aprofundar o conhecimento de um determinado livro b\u00edblico e \u00e9 motivado pela celebra\u00e7\u00e3o da mem\u00f3ria de S. Jer\u00f4nimo, tradutor da B\u00edblia das l\u00ednguas originais (hebraico, aramaico e grego) para o latim, junto com Paula e Eust\u00f3quia. O livro, o tema e o lema do estudo reflexivo s\u00e3o escolhidos pela Comiss\u00e3o B\u00edblico-Catequ\u00e9tica da Confer\u00eancia Nacional dos Bispos do Brasil (CNBB) e outras institui\u00e7\u00f5es b\u00edblicas, entre as quais o Servi\u00e7o de Anima\u00e7\u00e3o B\u00edblica-Paulinas (SAB). Em 2023, ser\u00e1 trabalhada a Carta aos Ef\u00e9sios (Ef). Essa carta foi escolhida por tratar da Igreja, e estar em sintonia com o S\u00ednodo convocado pelo papa Francisco, que ser\u00e1 ser desenvolvido de outubro de 2023 a outubro de 2024, com o tema: \u201cPor uma Igreja sinodal: comunh\u00e3o, participa\u00e7\u00e3o e miss\u00e3o\u201d. Outro motivo da escolha \u00e9 a \u00eanfase dada ao batismo, por ser um aspecto fundamental da Inicia\u00e7\u00e3o \u00e0 Vida Crist\u00e3, tem\u00e1tica esta, vinculada \u00e0 voca\u00e7\u00e3o batismal a ser disc\u00edpulo(a) mission\u00e1rio(a), como sublinha o documento da Confer\u00eancia Episcopal dos bispos da Am\u00e9rica Latina e do Caribe que ocorreu na cidade de Aparecida (SP), em 1985.<\/p>\n<p>O lema do M\u00eas da B\u00edblia de 2023, \u201cVestir-se da nova humanidade\u201d, \u00e9 extra\u00eddo de Ef 4,24 e est\u00e1 inserido numa exorta\u00e7\u00e3o da carta, na qual o autor apresenta aos batizados e batizadas, no que consiste assumir a vida nova, ap\u00f3s a ades\u00e3o a Cristo pelo batismo, sobretudo, o seguimento a Jesus e o testemunho no contexto t\u00e3o diversificado como era o da \u00c1sia no in\u00edcio da Igreja.<\/p>\n<p>A Carta aos Ef\u00e9sios \u00e9 um dos livros do Novo Testamento pertencente \u00e0 tradi\u00e7\u00e3o paulina, mas n\u00e3o est\u00e1 entre os escritos aut\u00eanticos do Ap\u00f3stolo, sendo, portanto, uma carta deuteropaulina. N\u00e3o h\u00e1 consenso quanto a sua data\u00e7\u00e3o, a mais prov\u00e1vel seria entre os anos 80 e 90 d.C., e, provavelmente, foi escrita para as comunidades seguidoras de Jesus localizadas na \u00c1sia. A Carta estrutura-se em seis cap\u00edtulos que formam dois grandes blocos. O primeiro cont\u00e9m um conte\u00fado teol\u00f3gico, sobressaindo os aspectos cristol\u00f3gico e eclesiol\u00f3gico (Ef 1\u20133), sendo a Igreja o Corpo de Cristo, e Cristo a \u201ccabe\u00e7a\u201d do corpo eclesial. A segunda parte \u00e9 exortativa, e dirige-se \u00e0 comunidade, formada por pessoas batizadas, oriundas da religi\u00e3o judaica e por outras da cultura gent\u00edlica, exortando-as a manterem a unidade na diversidade; a agirem eticamente, tendo Cristo como o princ\u00edpio normativo; a comportarem-se como filhos e filhas da luz; a revestirem-se da \u201cnova humanidade\u201d em Cristo; a mudarem as rela\u00e7\u00f5es familiares e sociais; a serem imitadores de Deus, deixando-se guiar pelo Esp\u00edrito (Ef 4\u20136). A carta conclui-se com um convite a prepararem-se para um \u201ccombate espiritual\u201d a todas as pot\u00eancias do mal, contra o antirreino.<\/p>\n<p>A Carta aos Ef\u00e9sios destaca-se pela sua densidade teol\u00f3gica, cristol\u00f3gica e pneumatol\u00f3gica, e, de forma especial, pela concep\u00e7\u00e3o de Igreja (eclesiologia). Para o autor de Ef, Deus, o criador de todas as coisas (vis\u00edveis e invis\u00edveis), e seu filho Jesus Cristo, reinam sobre as esferas terrestre e celeste. Nessa vis\u00e3o, o autor desenvolve uma cristologia do senhorio de Jesus Cristo Ressuscitado, aquele que est\u00e1 sentado \u00e0 direita de Deus (Ef 1,20; 4,8.10), e enfatiza a autoridade c\u00f3smica de Cristo. Deus colocou tudo sob seus p\u00e9s e Cristo enche o cosmo com sua plenitude de vida (Ef 1,22-23). A cruz \u00e9 compreendida como um ato de reconcilia\u00e7\u00e3o entre judeus e gentios, constituindo um s\u00f3 corpo, a Igreja (Ef 2,13.16). O autor emprega o termo \u201cmist\u00e9rio\u201d para designar o segredo de Deus, preestabelecido antes da Cria\u00e7\u00e3o e revelado \u00e0 humanidade por iniciativa divina, por meio de Jesus Cristo. Esse mist\u00e9rio \u00e9 desvelado a toda a humanidade, de forma especial aos gentios, integrando-os ao corpo eclesial. Apesar de uma \u00eanfase cristol\u00f3gica, a carta traz v\u00e1rios elementos sobre Deus-Pai e o Esp\u00edrito Santo, e as fun\u00e7\u00f5es de cada uma das tr\u00eas pessoas divinas no plano salv\u00edfico.<\/p>\n<p>O tema central de Ef\u00e9sios \u00e9 o eclesiol\u00f3gico, sendo a Igreja uma realidade universal. A Igreja \u00e9 entendida como um ser em Cristo, por isso sua vis\u00e3o universal n\u00e3o consiste na soma de todas as comunidades locais situadas nas mais diversas partes do mundo, mas no fato de ter como fundamento, Cristo. A Igreja se torna mediadora entre o mundo terrestre e o celeste. Desse modo, tem uma fun\u00e7\u00e3o soteriol\u00f3gica, isto \u00e9: baseada nos profetas e ap\u00f3stolos, ela \u00e9 o espa\u00e7o no qual a salva\u00e7\u00e3o \u00e9 oferecida ao mundo. No entanto, o autor de Ef defende a primazia cristol\u00f3gica em rela\u00e7\u00e3o \u00e0 eclesiol\u00f3gica. De fato, Cristo reconciliou os dois grupos da humanidade, judeus e gentios, e fez deles um s\u00f3 povo, um s\u00f3 ser humano novo: a Igreja (2,11-22), que tem como fundamento os ap\u00f3stolos e os profetas (2,20a); por\u00e9m Cristo \u00e9 a pedra angular (2,20b).<\/p>\n<p><b>&nbsp;<\/b>Outro tema teol\u00f3gico importante \u00e9 sobre a vida ap\u00f3s a morte e a ressurrei\u00e7\u00e3o, ou seja, sobre a esperan\u00e7a e a escatologia. Para o autor de Ef, se aderimos a Cristo, acreditamos que Jesus ressuscitou e carregamos a certeza de que j\u00e1 experimentamos com o batismo, o mist\u00e9rio pascal (morte e ressurrei\u00e7\u00e3o), assim, ap\u00f3s o batismo j\u00e1 vivemos como ressuscitados, sendo marcados pela comunh\u00e3o com Deus e com as pessoas. Por\u00e9m, mesmo j\u00e1 experimentando a ressurrei\u00e7\u00e3o, \u00e9 necess\u00e1rio comprometer-se com o Reino de Deus aqui na terra, mantendo-se no seguimento de Jesus, por meio da unidade (4,1-16), do empenho em viver como pessoas novas (4,17\u20135,20), com novas rela\u00e7\u00f5es familiares (5,21\u20136,9) e a luta constante contra tudo aquilo que seja contr\u00e1rio ao Reino de Deus, isto \u00e9, o pecado (6,10-20).<\/p>\n<p>Assim, ao mergulharmos no estudo de Ef, nos deparamos com um escrito perpassado pela presen\u00e7a amorosa de Deus, que se revela no decorrer de toda a Hist\u00f3ria da Salva\u00e7\u00e3o. O Deus Criador que desvela seu amor no Filho Cristo Jesus, e nos garante a presen\u00e7a constante do Esp\u00edrito Santo.<\/p>\n<p><b>Zuleica Silvano: <\/b>\u00e9&nbsp;irm\u00e3 Paulina, \u00e9 mestre em Ci\u00eancias B\u00edblicas (Exegese) pelo Pontif\u00edcio Instituto B\u00edblico de Roma e \u00e9 doutora em Teologia pela Faculdade Jesu\u00edta de Filosofia e Teologia (FAJE), em Belo Horizonte. Assessora do Servi\u00e7o de Anima\u00e7\u00e3o B\u00edblica (SAB\/Paulinas) e Professora no Departamento de Teologia na Faculdade Jesu\u00edta de Filosofia e Teologia (FAJE) em Belo Horizonte. Co-autora do Livro: Carta aos Ef\u00e9sios: \u2018\u00c9 pela gra\u00e7a que fostes salvos\u201d (lan\u00e7amento Paulinas). (Vatican News)<\/p>\n<\/div>\n<div class=\"article__text\">\n<p><b>Zuleica Silvano \u2013 Religiosa Paulina<\/b><\/p>\n<\/div>\n","protected":false},"excerpt":{"rendered":"<p>O lema do M\u00eas da B\u00edblia de 2023, \u201cVestir-se da nova humanidade\u201d, \u00e9 extra\u00eddo de Ef 4,24 e est\u00e1 inserido numa exorta\u00e7\u00e3o da carta, na qual o autor apresenta aos batizados e batizadas, no que consiste assumir a vida nova, ap\u00f3s a ades\u00e3o a Cristo pelo batismo. &nbsp; O M\u00eas da B\u00edblia, comemorado pela Igreja&nbsp;<\/p>\n<p><a class=\"btn btn-style\" href=\"https:\/\/portalcatolico.net\/portal\/o-mes-da-biblia-vestir-se-da-nova-humanidade\/\">Continue Reading<\/a><\/p>\n","protected":false},"author":2,"featured_media":78750,"comment_status":"open","ping_status":"open","sticky":false,"template":"","format":"standard","meta":{"footnotes":""},"categories":[4],"tags":[],"class_list":["post-78749","post","type-post","status-publish","format-standard","has-post-thumbnail","hentry","category-destaques"],"_links":{"self":[{"href":"https:\/\/portalcatolico.net\/portal\/wp-json\/wp\/v2\/posts\/78749","targetHints":{"allow":["GET"]}}],"collection":[{"href":"https:\/\/portalcatolico.net\/portal\/wp-json\/wp\/v2\/posts"}],"about":[{"href":"https:\/\/portalcatolico.net\/portal\/wp-json\/wp\/v2\/types\/post"}],"author":[{"embeddable":true,"href":"https:\/\/portalcatolico.net\/portal\/wp-json\/wp\/v2\/users\/2"}],"replies":[{"embeddable":true,"href":"https:\/\/portalcatolico.net\/portal\/wp-json\/wp\/v2\/comments?post=78749"}],"version-history":[{"count":1,"href":"https:\/\/portalcatolico.net\/portal\/wp-json\/wp\/v2\/posts\/78749\/revisions"}],"predecessor-version":[{"id":78751,"href":"https:\/\/portalcatolico.net\/portal\/wp-json\/wp\/v2\/posts\/78749\/revisions\/78751"}],"wp:featuredmedia":[{"embeddable":true,"href":"https:\/\/portalcatolico.net\/portal\/wp-json\/wp\/v2\/media\/78750"}],"wp:attachment":[{"href":"https:\/\/portalcatolico.net\/portal\/wp-json\/wp\/v2\/media?parent=78749"}],"wp:term":[{"taxonomy":"category","embeddable":true,"href":"https:\/\/portalcatolico.net\/portal\/wp-json\/wp\/v2\/categories?post=78749"},{"taxonomy":"post_tag","embeddable":true,"href":"https:\/\/portalcatolico.net\/portal\/wp-json\/wp\/v2\/tags?post=78749"}],"curies":[{"name":"wp","href":"https:\/\/api.w.org\/{rel}","templated":true}]}}