{"id":78744,"date":"2023-08-28T20:00:52","date_gmt":"2023-08-28T23:00:52","guid":{"rendered":"http:\/\/portalcatolico.net\/portal\/?p=78744"},"modified":"2023-08-28T20:00:52","modified_gmt":"2023-08-28T23:00:52","slug":"o-papa-ainda-ha-resistencias-na-igreja-mas-a-porta-esta-sempre-aberta-a-todos","status":"publish","type":"post","link":"https:\/\/portalcatolico.net\/portal\/o-papa-ainda-ha-resistencias-na-igreja-mas-a-porta-esta-sempre-aberta-a-todos\/","title":{"rendered":"O Papa: ainda h\u00e1 resist\u00eancias na Igreja, mas a porta est\u00e1 sempre aberta a todos"},"content":{"rendered":"<div class=\"article__subTitle\">Foi publicada pela La Civilt\u00e0 Cattolica a conversa\u00e7\u00e3o completa de Francisco com os jesu\u00edtas de Lisboa, durante sua viagem a Portugal para a JMJ. Uma conversa espont\u00e2nea, intercalada com perguntas, na qual o Pont\u00edfice expressa preocupa\u00e7\u00e3o com as guerras, reitera o apelo para dar a &#8220;todos&#8221; um lugar na Igreja, incluindo homossexuais e pessoas trans, e reitera que o S\u00ednodo n\u00e3o \u00e9 uma &#8220;inven\u00e7\u00e3o&#8221; sua nem uma &#8220;busca de votos&#8221;.<\/div>\n<div>&nbsp;<\/div>\n<div>\n<p>&#8220;Todos, todos, todos&#8221;. O apelo lan\u00e7ado e relan\u00e7ado ao longo da JMJ de Lisboa por uma Igreja acolhedora, onde haja espa\u00e7o para &#8220;todos, todos, todos&#8221;, incluindo pessoas homossexuais e transexuais, o Papa Francisco reiterou e aprofundou em sua conversa com os jesu\u00edtas de Portugal. O Papa se reuniu com seus confrades em 5 de agosto no Col\u00e9gio de S\u00e3o Jo\u00e3o de Brito, uma escola dirigida pela Companhia de Jesus, durante sua viagem \u00e0 capital lusitana para a Jornada Mundial da Juventude.<\/p>\n<p><strong>Preocupa\u00e7\u00e3o com as guerras<\/strong><\/p>\n<p>A conversa &#8211;&nbsp;<a href=\"https:\/\/www.laciviltacattolica.it\/articolo\/qui-lacqua-e-stata-smossa-per-bene\/\" target=\"_blank\" rel=\"external nofollow noopener\">publicada na \u00edntegra pela prestigiosa revista jesu\u00edta&nbsp;<i>La Civilt\u00e0 Cattolica<\/i><\/a>&nbsp;&#8211; foi direta e espont\u00e2nea, incitada pelo pr\u00f3prio Papa, que disse: &#8220;Perguntem o que quiserem. N\u00e3o tenham medo de ser imprudentes ao perguntar&#8221;. V\u00e1rios t\u00f3picos foram abordados: dos desafios geracionais ao testemunho dos religiosos, das quest\u00f5es sobre a sexualidade humana ao desenvolvimento da doutrina, \u00e0s preocupa\u00e7\u00f5es com as guerras: &#8220;Desde o fim da Segunda Guerra Mundial, as guerras t\u00eam sido incessantes em todo o mundo. E hoje vemos o que est\u00e1 acontecendo no mundo&#8221;.<\/p>\n<p><strong>Resist\u00eancias e atitudes reacion\u00e1rias<\/strong><\/p>\n<p>As tens\u00f5es intra-eclesiais foram outro tema principal da conversa. Portanto, o &#8220;indietrismo&#8221; (voltar-se para o passado, ndr), a &#8220;atitude reacion\u00e1ria&#8221; em algumas realidades eclesiais e a resist\u00eancia ao Conc\u00edlio Vaticano II. &#8220;Muitos colocam em discuss\u00e3o o Vaticano II sem nome\u00e1-lo. Questionam os ensinamentos do Vaticano II&#8221;, diz o Papa. Em seguida, ele responde a um religioso que conta ter estado nos Estados Unidos por um ano e ter ficado impressionado por ter visto &#8220;tantos, at\u00e9 mesmo bispos, criticando sua maneira de conduzir a Igreja&#8221;. &#8220;O senhor verificou que nos Estados Unidos a situa\u00e7\u00e3o n\u00e3o \u00e9 f\u00e1cil: h\u00e1 uma atitude reacion\u00e1ria muito forte, organizada, que estrutura uma ades\u00e3o at\u00e9 mesmo afetiva&#8221;, diz o Pont\u00edfice. E &#8220;a essas pessoas&#8221; ele lembra &#8220;que o indietrismo \u00e9 in\u00fatil&#8221; e que h\u00e1 &#8220;uma justa evolu\u00e7\u00e3o&#8221; na compreens\u00e3o das quest\u00f5es de f\u00e9 e moral: &#8220;Tamb\u00e9m a doutrina progride, se consolida com o tempo, se expande e se torna mais firme, mas sempre progredindo&#8221;. Os exemplos da hist\u00f3ria s\u00e3o concretos: &#8220;Hoje \u00e9 pecado possuir bombas at\u00f4micas; a pena de morte \u00e9 um pecado, n\u00e3o pode ser praticada, e antes n\u00e3o era assim; quanto \u00e0 escravid\u00e3o, alguns Pont\u00edfices antes de mim a toleravam, mas hoje as coisas s\u00e3o diferentes. Ent\u00e3o se muda, se muda, mas com esses crit\u00e9rios&#8221;.<\/p>\n<p><strong>Uma doutrina em evolu\u00e7\u00e3o<\/strong><\/p>\n<p>&#8220;Para cima&#8221;, \u00e9 a imagem que o Papa usa em seguida. &#8220;A mudan\u00e7a \u00e9 necess\u00e1ria&#8221;, repete ele; depois acrescenta: &#8220;A vis\u00e3o da doutrina da Igreja como um mon\u00f3lito est\u00e1 errada. Mas alguns saem fora, voltam para tr\u00e1s, s\u00e3o o que eu chamo de &#8216;indietristas&#8217;. Quando se retrocede, forma-se algo fechado, desconectado das ra\u00edzes da Igreja e perde-se a seiva da revela\u00e7\u00e3o&#8221;.<\/p>\n<p>A advert\u00eancia do Papa \u00e9 clara: &#8220;Se voc\u00ea n\u00e3o muda para cima, voc\u00ea retrocede, e ent\u00e3o assume crit\u00e9rios de mudan\u00e7a diferentes daqueles que a pr\u00f3pria f\u00e9 lhe d\u00e1 para crescer e mudar. E os efeitos sobre a moral s\u00e3o devastadores&#8221;. Os problemas que os &#8220;moralistas&#8221; devem examinar hoje s\u00e3o, para o Pont\u00edfice, &#8220;muito s\u00e9rios&#8221;; o risco \u00e9 ver a ideologia suplantar a f\u00e9: &#8220;Pertencer a um setor da Igreja substitui a perten\u00e7a \u00e0 Igreja&#8230; E quando na vida voc\u00ea abandona a doutrina para substitu\u00ed-la por uma ideologia, voc\u00ea perdeu, perdeu como na guerra&#8221;.<\/p>\n<p><strong>O mundanismo, o pior mal<\/strong><\/p>\n<p>Na conversa\u00e7\u00e3o, o Papa amplia seu olhar para a sociedade atual, que ele v\u00ea como excessivamente &#8220;mundanizada&#8221;, algo que o preocupa muito, sobretudo &#8220;quando a mundanidade entra na vida consagrada&#8221;. Jorge Mario Bergoglio se refere \u00e0 sua recente carta aos sacerdotes de Roma, na qual adverte contra o clericalismo e o mundanismo espiritual como armadilhas nas quais se deve evitar cair. &#8220;Uma coisa \u00e9 se preparar para dialogar com o mundo&#8230; outra coisa \u00e9 se comprometer com as coisas do mundo, com a mundanidade&#8221;, enfatiza, exortando mais uma vez para ler as quatro p\u00e1ginas finais da&nbsp;<i>Medita\u00e7\u00e3o sobre a Igreja<\/i>, na qual de Lubac afirma que a mundanidade espiritual &#8220;\u00e9 o pior mal que pode penetrar na Igreja, pior at\u00e9 do que a \u00e9poca dos Papas &#8216;libertinos'&#8221;.<\/p>\n<p><strong>Sociedade erotizada<\/strong><\/p>\n<p>N\u00e3o ceder ao mundanismo, entretanto, n\u00e3o significa n\u00e3o dialogar com o mundo: &#8220;N\u00e3o se pode viver em conserva&#8221;, recomenda o Papa. &#8220;Voc\u00eas n\u00e3o devem ser religiosos introvertidos, sorrindo para dentro, falando para dentro, protegendo seu ambiente sem convocar ningu\u00e9m&#8221;. Pelo contr\u00e1rio, \u00e9 preciso &#8220;sair para este mundo&#8221;, com os valores e desvalores que ele tem. Entre eles, o de uma vida demasiadamente &#8220;erotizada&#8221;. A esse respeito, Francisco reitera o problema da pornografia e seu f\u00e1cil acesso por meio de celulares, convidando os sacerdotes a pedir ajuda e a falar sobre esses problemas, porque, ao contr\u00e1rio do passado, quando essas quest\u00f5es n\u00e3o eram t\u00e3o agudas e eram at\u00e9 mesmo escondidas, &#8220;hoje a porta est\u00e1 escancarada, e n\u00e3o h\u00e1 raz\u00e3o para que os problemas permane\u00e7am escondidos&#8221;. &#8220;Se voc\u00ea esconde seus problemas, \u00e9 porque escolhe fazer assim, mas n\u00e3o \u00e9 culpa da sociedade, e nem mesmo de sua comunidade religiosa&#8221;, afirma.<\/p>\n<p><strong>Acolhimento a &#8220;todos&#8221;<\/strong><\/p>\n<p>Ainda sobre a quest\u00e3o da sexualidade, o Papa reitera o apelo para acolher as pessoas homossexuais na Igreja. &#8220;\u00c9 evidente que hoje a quest\u00e3o da homossexualidade \u00e9 muito forte, e a sensibilidade a esse respeito muda de acordo com as circunst\u00e2ncias hist\u00f3ricas&#8221;, esclarece. &#8220;Mas o que n\u00e3o me agrada nem um pouco, em geral, \u00e9 que olhemos para o chamado &#8216;pecado da carne&#8217; com uma lupa, assim como se fez por tanto tempo com rela\u00e7\u00e3o ao sexto mandamento. Se se explorava os trabalhadores, se mentia ou trapaceava, isso n\u00e3o importava e, em vez disso, os pecados abaixo da cintura eram relevantes.&#8221;<\/p>\n<p>&#8220;Todos s\u00e3o convidados&#8221; na Igreja, repete Francisco, &#8220;a atitude pastoral mais apropriada deve ser aplicada a cada um. N\u00e3o se deve ser superficial e ing\u00eanuo, for\u00e7ando as pessoas a fazer coisas e adotar comportamentos para os quais elas ainda n\u00e3o est\u00e3o maduras ou n\u00e3o s\u00e3o capazes. Acompanhar as pessoas espiritualmente e pastoralmente requer muita sensibilidade e criatividade. Mas todos, todos, s\u00e3o chamados a viver na Igreja: nunca se esque\u00e7am disso&#8221;.<\/p>\n<p><strong>O encontro com um grupo de pessoas transg\u00eanero<\/strong><\/p>\n<p>Em uma entrevista recente a uma revista espanhola, o Papa Francisco tamb\u00e9m relembra seu encontro com um grupo de pessoas transg\u00eanero, trazido pela primeira vez e depois v\u00e1rias outras vezes \u00e0 audi\u00eancia geral de quarta-feira pela irm\u00e3 Genevi\u00e8ve, de 80 anos, &#8220;capel\u00e3&#8221; do Circo de Roma com outras duas irm\u00e3s. &#8220;A primeira vez que vieram, estavam chorando. Eu lhes perguntei o motivo. Uma das mulheres me disse: &#8216;Eu achava que o Papa n\u00e3o poderia me receber! Ent\u00e3o, depois da primeira surpresa, adquiriram o h\u00e1bito de vir. Algumas me escrevem, e eu as respondo por e-mail. Todos s\u00e3o convidados! Percebi que essas pessoas se sentem rejeitadas, e isso \u00e9 muito dif\u00edcil&#8221;.<\/p>\n<p><strong>A &#8220;alegria&#8221; pelo S\u00ednodo<\/strong><\/p>\n<p>N\u00e3o faltam perguntas mais pessoais na conversa\u00e7\u00e3o, como: &#8220;Santo Padre&#8230; o que est\u00e1 pesando em seu cora\u00e7\u00e3o e que alegrias o senhor est\u00e1 experimentando neste per\u00edodo?&#8221; Francisco responde de imediato: &#8220;A alegria que mais tenho em mente \u00e9 a prepara\u00e7\u00e3o para o S\u00ednodo, mesmo que \u00e0s vezes eu veja, em algumas partes, que h\u00e1 falhas na maneira como est\u00e1 sendo conduzida. A alegria de ver como, a partir dos pequenos grupos paroquiais, dos pequenos grupos de igrejas, surgem reflex\u00f5es muito bonitas e h\u00e1 um grande fermento. \u00c9 uma alegria&#8221;.<\/p>\n<p>&#8220;O S\u00ednodo n\u00e3o \u00e9 uma inven\u00e7\u00e3o minha&#8221;, o Papa Francisco faz quest\u00e3o de dizer, lembrando que foi Paulo VI, no final do Conc\u00edlio, &#8220;que percebeu que a Igreja cat\u00f3lica havia perdido a sinodalidade&#8221;. Desde ent\u00e3o, houve um &#8220;progresso lento&#8221; e, \u00e0s vezes, &#8220;de maneira muito imperfeita&#8221;. Hoje, portanto, h\u00e1 uma tentativa de dar novo vigor \u00e0 sinodalidade, que, esclarece o Pont\u00edfice, &#8220;n\u00e3o est\u00e1 indo em busca de votos, como faria um partido pol\u00edtico, n\u00e3o \u00e9 uma quest\u00e3o de prefer\u00eancias, de pertencer a este ou \u00e0quele partido&#8221;. Em um S\u00ednodo \u2013 insiste &#8211; o protagonista \u00e9 o Esp\u00edrito Santo. Ele \u00e9 o protagonista. Portanto, devemos nos assegurar de que \u00e9 o Esp\u00edrito que guia as coisas&#8221;.<\/p>\n<\/div>\n<div class=\"title__separator\"><b>Por:Salvatore Cernuzio \u2013 Vatican News<\/b><\/div>\n","protected":false},"excerpt":{"rendered":"<p>Foi publicada pela La Civilt\u00e0 Cattolica a conversa\u00e7\u00e3o completa de Francisco com os jesu\u00edtas de Lisboa, durante sua viagem a Portugal para a JMJ. Uma conversa espont\u00e2nea, intercalada com perguntas, na qual o Pont\u00edfice expressa preocupa\u00e7\u00e3o com as guerras, reitera o apelo para dar a &#8220;todos&#8221; um lugar na Igreja, incluindo homossexuais e pessoas trans,&nbsp;<\/p>\n<p><a class=\"btn btn-style\" href=\"https:\/\/portalcatolico.net\/portal\/o-papa-ainda-ha-resistencias-na-igreja-mas-a-porta-esta-sempre-aberta-a-todos\/\">Continue Reading<\/a><\/p>\n","protected":false},"author":2,"featured_media":78745,"comment_status":"open","ping_status":"open","sticky":false,"template":"","format":"standard","meta":{"footnotes":""},"categories":[5],"tags":[],"class_list":["post-78744","post","type-post","status-publish","format-standard","has-post-thumbnail","hentry","category-igreja_no_mundo"],"_links":{"self":[{"href":"https:\/\/portalcatolico.net\/portal\/wp-json\/wp\/v2\/posts\/78744","targetHints":{"allow":["GET"]}}],"collection":[{"href":"https:\/\/portalcatolico.net\/portal\/wp-json\/wp\/v2\/posts"}],"about":[{"href":"https:\/\/portalcatolico.net\/portal\/wp-json\/wp\/v2\/types\/post"}],"author":[{"embeddable":true,"href":"https:\/\/portalcatolico.net\/portal\/wp-json\/wp\/v2\/users\/2"}],"replies":[{"embeddable":true,"href":"https:\/\/portalcatolico.net\/portal\/wp-json\/wp\/v2\/comments?post=78744"}],"version-history":[{"count":1,"href":"https:\/\/portalcatolico.net\/portal\/wp-json\/wp\/v2\/posts\/78744\/revisions"}],"predecessor-version":[{"id":78746,"href":"https:\/\/portalcatolico.net\/portal\/wp-json\/wp\/v2\/posts\/78744\/revisions\/78746"}],"wp:featuredmedia":[{"embeddable":true,"href":"https:\/\/portalcatolico.net\/portal\/wp-json\/wp\/v2\/media\/78745"}],"wp:attachment":[{"href":"https:\/\/portalcatolico.net\/portal\/wp-json\/wp\/v2\/media?parent=78744"}],"wp:term":[{"taxonomy":"category","embeddable":true,"href":"https:\/\/portalcatolico.net\/portal\/wp-json\/wp\/v2\/categories?post=78744"},{"taxonomy":"post_tag","embeddable":true,"href":"https:\/\/portalcatolico.net\/portal\/wp-json\/wp\/v2\/tags?post=78744"}],"curies":[{"name":"wp","href":"https:\/\/api.w.org\/{rel}","templated":true}]}}