{"id":78741,"date":"2023-08-26T20:21:07","date_gmt":"2023-08-26T23:21:07","guid":{"rendered":"http:\/\/portalcatolico.net\/portal\/?p=78741"},"modified":"2023-08-26T20:21:07","modified_gmt":"2023-08-26T23:21:07","slug":"o-papa-a-jornalistas-desinformacao-e-um-dos-pecados-do-jornalismo","status":"publish","type":"post","link":"https:\/\/portalcatolico.net\/portal\/o-papa-a-jornalistas-desinformacao-e-um-dos-pecados-do-jornalismo\/","title":{"rendered":"O Papa a jornalistas: desinforma\u00e7\u00e3o \u00e9 um dos pecados do jornalismo"},"content":{"rendered":"<div class=\"article__subTitle\">No encontro com a Delega\u00e7\u00e3o do Pr\u00eamio &#8220;\u00c9 jornalismo&#8221;, o Papa fez um pedido: \u201cA esperan\u00e7a \u00e9 que, hoje &#8211; um tempo em que todos parecem comentar tudo, prescindindo dos fatos e, muitas vezes, at\u00e9 antes de se informar, &#8211; o \u2018princ\u00edpio da realidade\u2019 seja cada vez mais redescoberto e cultivado: a realidade e o dinamismo dos fatos, que nunca s\u00e3o im\u00f3veis, mas evoluem sempre para o bem ou para o mal, apara n\u00e3o correr o risco de a sociedade da informa\u00e7\u00e3o se transformar em uma sociedade da desinforma\u00e7\u00e3o\u201d<\/div>\n<div>&nbsp;<\/div>\n<div class=\"title__separator\">\n<p>O Santo Padre recebeu no Vaticano, na manh\u00e3 deste s\u00e1bado, 26, uma delega\u00e7\u00e3o que lhe conferiu o Pr\u00eamio &#8220;Jornalismo&#8221;. Em sua sauda\u00e7\u00e3o, o Papa confessou aos presentes que \u201cantes de se tornar Bispo de Roma, recusava o oferecimento de pr\u00eamios, que continuou a faz\u00ea-lo tamb\u00e9m como Papa\u201d. No entanto, explicou o motivo que o levou a aceitar este pr\u00eamio: \u201cA urg\u00eancia de uma comunica\u00e7\u00e3o construtiva que favore\u00e7a a cultura do encontro e n\u00e3o do desencontro, da paz e n\u00e3o da guerra, da abertura aos outros e n\u00e3o do preconceito\u201d.<\/p>\n<p><strong>&#8220;Princ\u00edpio da realidade&#8221; seja cada vez mais redescoberto<\/strong><\/p>\n<p>Aos ilustres expoentes do jornalismo italiano, Francisco confiou sua esperan\u00e7a e, ao mesmo tempo, fez-lhes um pedido de ajuda. Sobre a esperan\u00e7a, disse:<\/p>\n<p><i>\u201cA esperan\u00e7a \u00e9 que, hoje &#8211; um tempo em que todos parecem comentar tudo, prescindindo dos fatos e, muitas vezes, at\u00e9 antes de se informar, &#8211; o \u2018<\/i>princ\u00edpio da realidade<i>\u2019 seja cada vez mais redescoberto e cultivado: a realidade e o dinamismo dos fatos, que nunca s\u00e3o im\u00f3veis, mas evoluem sempre para o bem ou para o mal, para n\u00e3o correr o risco de a sociedade da informa\u00e7\u00e3o se transformar em uma sociedade da desinforma\u00e7\u00e3o<\/i>\u201d.<\/p>\n<p><strong>Desinforma\u00e7\u00e3o, cal\u00fania, difama\u00e7\u00e3o e coprofilia<\/strong><\/p>\n<p>A desinforma\u00e7\u00e3o \u00e9 um dos pecados do jornalismo, que s\u00e3o quatro, acrescentou o Santo Padre: a desinforma\u00e7\u00e3o, quando o jornalismo n\u00e3o informa ou informa mal; a cal\u00fania &#8211; tantas vezes usada; a difama\u00e7\u00e3o, que \u00e9 diferente da cal\u00fania, mas destr\u00f3i; e o quarto \u00e9 a coprofilia, ou seja, o amor pelo esc\u00e2ndalo, pela sujeira. O esc\u00e2ndalo vende. E a desinforma\u00e7\u00e3o \u00e9 o primeiro dos pecados, os erros &#8211; digamos assim &#8211; do jornalismo.<\/p>\n<p>\u00c9 preciso difundir uma cultura do encontro, do di\u00e1logo, da escuta do outro e das suas raz\u00f5es. A cultura digital oferece-nos tantas novas possibilidades de interc\u00e2mbio, mas tamb\u00e9m corre o risco de transformar a comunica\u00e7\u00e3o em slogans. Aqui, Francisco expressou sua preocupa\u00e7\u00e3o, por exemplo, pelas manipula\u00e7\u00f5es dos que propagam, de modo ego\u00edstico, falsas not\u00edcias para orientar a opini\u00e3o p\u00fablica. Por isso, pediu, encarecidamente, o favor de n\u00e3o ceder \u00e0 l\u00f3gica da contraposi\u00e7\u00e3o e n\u00e3o se deixar condicionar pelas linguagens do \u00f3dio. E acrescentou:<\/p>\n<p>\u201c<i>Na atual conjuntura dram\u00e1tica, atravessada pela Europa, devido \u00e0 continua\u00e7\u00e3o da guerra na Ucr\u00e2nia, somos chamados a um salto de responsabilidade. A minha esperan\u00e7a \u00e9 que seja dado mais espa\u00e7o aos que defendem a paz; aos que est\u00e3o comprometidos em p\u00f4r um ponto final neste, mas tamb\u00e9m em tantos outros conflitos; aos que n\u00e3o se rendem \u00e0 l\u00f3gica perversa da guerra, mas continuam a acreditar, apesar de tudo, na paz, no di\u00e1logo e na diplomacia<\/i>\u201d.<\/p>\n<p>&nbsp;<strong>Sinodalidade que possa se tornar um costume di\u00e1rio<\/strong><\/p>\n<p>Ap\u00f3s expressar a sua \u201cesperan\u00e7a\u201d aos l\u00edderes do jornalismo italiano, Francisco referiu-se ao seu \u201cpedido de ajuda\u201d, sobretudo, neste tempo, em que se fala muito e se escuta pouco, em que o sentido do bem comum corre o risco de enfraquecer. E o Papa explicou:<\/p>\n<p>\u201c<i>Toda a Igreja empreendeu um caminho para redescobrir a palavra \u2018juntos: caminhar juntos, interrogar-se juntos, assumir juntos um discernimento comunit\u00e1rio, que, para n\u00f3s, \u00e9 ora\u00e7\u00e3o, como fizeram os primeiros Ap\u00f3stolos:&nbsp;<\/i>sinodalidade<i>, que pudesse se tornar um costume di\u00e1rio, em todas as suas express\u00f5es. Por isso, em um pouco mais de um m\u00eas, Bispos e leigos do mundo inteiro v\u00e3o se reunir aqui em Roma para a realiza\u00e7\u00e3o de um S\u00ednodo sobre a&nbsp;<\/i>sinodalidade<i>\u201d<\/i>.<\/p>\n<p><strong>Contar o S\u00ednodo deixando de lado a l\u00f3gica dos slogans<\/strong><\/p>\n<p>Falar de um \u201c<i>S\u00ednodo sobre a sinodalidade<\/i>\u201d, disse o Papa, pode parecer algo complicado, autorreferencial, excessivamente t\u00e9cnico e pouco interessante para o p\u00fablico em geral. Mas, o que aconteceu no ano passado, que continuar\u00e1 com a Assembleia sinodal no pr\u00f3ximo m\u00eas de outubro e, depois, com a segunda etapa do S\u00ednodo em 2024, \u00e9 algo muito importante para a Igreja. A Igreja prop\u00f5e este evento ao mundo, por vezes, incapaz de tomar decis\u00f5es, mesmo quando a nossa sobreviv\u00eancia est\u00e1 em jogo. E Francisco acrescentou:<\/p>\n<p>\u201c<i>Estamos tentando aprender um novo modo de nos relacionar, ouvir uns aos outros para ouvir e seguir a voz do Esp\u00edrito. Por isso, abrimos as portas, oferecendo a todos a oportunidade de participar, levando em conta as diversas necessidades e sugest\u00f5es de todos. Queremos contribuir juntos para a constru\u00e7\u00e3o de uma Igreja, onde todos se sintam em casa, onde ningu\u00e9m esteja exclu\u00eddo<\/i>\u201d.<\/p>\n<p>Para que isso seja poss\u00edvel, o Santo Padre pediu a ajuda dos mestres do jornalismo: ajud\u00e1-lo a falar deste processo como ele realmente \u00e9, deixando de lado a l\u00f3gica dos slogans e das hist\u00f3rias pr\u00e9-confeccionadas. Todos trar\u00e3o benef\u00edcio disso; isso tamb\u00e9m \u201c\u00e9 jornalismo\u201d!<\/p>\n<\/div>\n<div class=\"article__text\">\n<p><b>Manuel Tavares\/Raimundo de Lima &#8211; Vatican News<\/b><\/p>\n<\/div>\n","protected":false},"excerpt":{"rendered":"<p>No encontro com a Delega\u00e7\u00e3o do Pr\u00eamio &#8220;\u00c9 jornalismo&#8221;, o Papa fez um pedido: \u201cA esperan\u00e7a \u00e9 que, hoje &#8211; um tempo em que todos parecem comentar tudo, prescindindo dos fatos e, muitas vezes, at\u00e9 antes de se informar, &#8211; o \u2018princ\u00edpio da realidade\u2019 seja cada vez mais redescoberto e cultivado: a realidade e o&nbsp;<\/p>\n<p><a class=\"btn btn-style\" href=\"https:\/\/portalcatolico.net\/portal\/o-papa-a-jornalistas-desinformacao-e-um-dos-pecados-do-jornalismo\/\">Continue Reading<\/a><\/p>\n","protected":false},"author":2,"featured_media":78742,"comment_status":"open","ping_status":"open","sticky":false,"template":"","format":"standard","meta":{"footnotes":""},"categories":[5],"tags":[],"class_list":["post-78741","post","type-post","status-publish","format-standard","has-post-thumbnail","hentry","category-igreja_no_mundo"],"_links":{"self":[{"href":"https:\/\/portalcatolico.net\/portal\/wp-json\/wp\/v2\/posts\/78741","targetHints":{"allow":["GET"]}}],"collection":[{"href":"https:\/\/portalcatolico.net\/portal\/wp-json\/wp\/v2\/posts"}],"about":[{"href":"https:\/\/portalcatolico.net\/portal\/wp-json\/wp\/v2\/types\/post"}],"author":[{"embeddable":true,"href":"https:\/\/portalcatolico.net\/portal\/wp-json\/wp\/v2\/users\/2"}],"replies":[{"embeddable":true,"href":"https:\/\/portalcatolico.net\/portal\/wp-json\/wp\/v2\/comments?post=78741"}],"version-history":[{"count":1,"href":"https:\/\/portalcatolico.net\/portal\/wp-json\/wp\/v2\/posts\/78741\/revisions"}],"predecessor-version":[{"id":78743,"href":"https:\/\/portalcatolico.net\/portal\/wp-json\/wp\/v2\/posts\/78741\/revisions\/78743"}],"wp:featuredmedia":[{"embeddable":true,"href":"https:\/\/portalcatolico.net\/portal\/wp-json\/wp\/v2\/media\/78742"}],"wp:attachment":[{"href":"https:\/\/portalcatolico.net\/portal\/wp-json\/wp\/v2\/media?parent=78741"}],"wp:term":[{"taxonomy":"category","embeddable":true,"href":"https:\/\/portalcatolico.net\/portal\/wp-json\/wp\/v2\/categories?post=78741"},{"taxonomy":"post_tag","embeddable":true,"href":"https:\/\/portalcatolico.net\/portal\/wp-json\/wp\/v2\/tags?post=78741"}],"curies":[{"name":"wp","href":"https:\/\/api.w.org\/{rel}","templated":true}]}}