{"id":78686,"date":"2023-08-17T23:48:22","date_gmt":"2023-08-18T02:48:22","guid":{"rendered":"http:\/\/portalcatolico.net\/portal\/?p=78686"},"modified":"2023-08-18T18:51:17","modified_gmt":"2023-08-18T21:51:17","slug":"papa-que-maria-conceda-a-paz-onde-quer-que-se-ouca-o-barulho-de-armas","status":"publish","type":"post","link":"https:\/\/portalcatolico.net\/portal\/papa-que-maria-conceda-a-paz-onde-quer-que-se-ouca-o-barulho-de-armas\/","title":{"rendered":"Papa: \u201cQue Maria conceda a paz, onde quer que se ou\u00e7a o barulho de armas\u201d"},"content":{"rendered":"<p>Neste m\u00eas de agosto, celebram-se os 150 anos do in\u00edcio das peregrina\u00e7\u00f5es ao Santu\u00e1rio de Nossa Senhora de Lourdes, na Fran\u00e7a. A data foi festejada com uma grande peregrina\u00e7\u00e3o nacional no dia 15 de agosto. Durante a Celebra\u00e7\u00e3o Eucar\u00edstica, foi lida uma mensagem de sauda\u00e7\u00e3o do Papa Francisco, que sublinhou a import\u00e2ncia deste tipo de devo\u00e7\u00e3o.<\/p>\n<p>Hoje, mais do que nunca, escreve o Pont\u00edfice, \u201co mundo precisa da prote\u00e7\u00e3o de Maria diante das dificuldades, das inquieta\u00e7\u00f5es e dos desafios do tempo presente\u201d. \u201cVoltemo-nos portanto com firmeza em dire\u00e7\u00e3o a Ela, porque Ela \u00e9 nossa M\u00e3e e n\u00f3s somos os seus filhos!\u201d, exortou o Papa Francisco.<\/p>\n<p>O Papa ent\u00e3o faz uma s\u00e9rie de s\u00faplicas, pedindo de modo especial \u00e0 \u201cRainha da paz\u201d que interceda junto a seu Filho para que esta paz t\u00e3o desejada seja estabelecida onde quer que se ou\u00e7a o barulho de armas.&nbsp;E prosseguiu: \u201cQue ela inspire sentimentos genu\u00ednos de amor fraterno no cora\u00e7\u00e3o de todos, para que as sociedades cres\u00e7am harmoniosamente no respeito pelos outros, salvaguardando sua dignidade e seus direitos, e para que ningu\u00e9m seja deixado de lado\u201d.<\/p>\n<p>\u201cQue a M\u00e3e de Jesus proteja as fam\u00edlias, de maneira especial os pais que carregam o fardo di\u00e1rio de uma grande responsabilidade; os jovens, t\u00e3o ricos em potencial, mas muitas vezes preocupados com o futuro ou, infelizmente, j\u00e1 impedidos por muitas restri\u00e7\u00f5es; os idosos, ricos em sua experi\u00eancia e sabedoria, mas muitas vezes abandonados e negligenciados.\u201d<\/p>\n<p>\u201cQue ela conforte os doentes, os solit\u00e1rios, os marginalizados, os exilados ou refugiados, todos os que sofrem\u2026 E n\u00e3o quero deixar de saudar a todos os doentes e deficientes aqui presentes, que sempre v\u00eam em grande n\u00famero a Lourdes para buscar o consolo de Maria e que, junto com aqueles que os acompanham, d\u00e3o ao mundo um testemunho eloquente de f\u00e9 e caridade.\u201d<\/p>\n<figure id=\"attachment_49220\" class=\"wp-caption aligncenter\" aria-describedby=\"caption-attachment-49220\"><a href=\"https:\/\/cdn.arquidiocesesalvador.org.br\/wp-content\/uploads\/2023\/08\/cq5dam.thumbnail.cropped.750.422.jpeg\"><img loading=\"lazy\" decoding=\"async\" class=\"size-full wp-image-49220\" src=\"https:\/\/cdn.arquidiocesesalvador.org.br\/wp-content\/uploads\/2023\/08\/cq5dam.thumbnail.cropped.750.422.jpeg\" alt=\"\" width=\"750\" height=\"422\"><\/a><figcaption id=\"caption-attachment-49220\" class=\"wp-caption-text\">Prociss\u00e3o luminosa em Lourdes na Solenidade da Assun\u00e7\u00e3o<\/figcaption><\/figure>\n<p>Fonte: Vatican News<\/p>\n","protected":false},"excerpt":{"rendered":"<p>Neste m\u00eas de agosto, celebram-se os 150 anos do in\u00edcio das peregrina\u00e7\u00f5es ao Santu\u00e1rio de Nossa Senhora de Lourdes, na Fran\u00e7a. A data foi festejada com uma grande peregrina\u00e7\u00e3o nacional no dia 15 de agosto. Durante a Celebra\u00e7\u00e3o Eucar\u00edstica, foi lida uma mensagem de sauda\u00e7\u00e3o do Papa Francisco, que sublinhou a import\u00e2ncia deste tipo de&nbsp;<\/p>\n<p><a class=\"btn btn-style\" href=\"https:\/\/portalcatolico.net\/portal\/papa-que-maria-conceda-a-paz-onde-quer-que-se-ouca-o-barulho-de-armas\/\">Continue Reading<\/a><\/p>\n","protected":false},"author":2,"featured_media":78689,"comment_status":"open","ping_status":"open","sticky":false,"template":"","format":"standard","meta":{"footnotes":""},"categories":[5],"tags":[],"class_list":["post-78686","post","type-post","status-publish","format-standard","has-post-thumbnail","hentry","category-igreja_no_mundo"],"_links":{"self":[{"href":"https:\/\/portalcatolico.net\/portal\/wp-json\/wp\/v2\/posts\/78686","targetHints":{"allow":["GET"]}}],"collection":[{"href":"https:\/\/portalcatolico.net\/portal\/wp-json\/wp\/v2\/posts"}],"about":[{"href":"https:\/\/portalcatolico.net\/portal\/wp-json\/wp\/v2\/types\/post"}],"author":[{"embeddable":true,"href":"https:\/\/portalcatolico.net\/portal\/wp-json\/wp\/v2\/users\/2"}],"replies":[{"embeddable":true,"href":"https:\/\/portalcatolico.net\/portal\/wp-json\/wp\/v2\/comments?post=78686"}],"version-history":[{"count":1,"href":"https:\/\/portalcatolico.net\/portal\/wp-json\/wp\/v2\/posts\/78686\/revisions"}],"predecessor-version":[{"id":78688,"href":"https:\/\/portalcatolico.net\/portal\/wp-json\/wp\/v2\/posts\/78686\/revisions\/78688"}],"wp:featuredmedia":[{"embeddable":true,"href":"https:\/\/portalcatolico.net\/portal\/wp-json\/wp\/v2\/media\/78689"}],"wp:attachment":[{"href":"https:\/\/portalcatolico.net\/portal\/wp-json\/wp\/v2\/media?parent=78686"}],"wp:term":[{"taxonomy":"category","embeddable":true,"href":"https:\/\/portalcatolico.net\/portal\/wp-json\/wp\/v2\/categories?post=78686"},{"taxonomy":"post_tag","embeddable":true,"href":"https:\/\/portalcatolico.net\/portal\/wp-json\/wp\/v2\/tags?post=78686"}],"curies":[{"name":"wp","href":"https:\/\/api.w.org\/{rel}","templated":true}]}}