{"id":78684,"date":"2023-08-18T18:41:43","date_gmt":"2023-08-18T21:41:43","guid":{"rendered":"http:\/\/portalcatolico.net\/portal\/?p=78684"},"modified":"2023-08-18T18:41:43","modified_gmt":"2023-08-18T21:41:43","slug":"familia-uma-tenda","status":"publish","type":"post","link":"https:\/\/portalcatolico.net\/portal\/familia-uma-tenda\/","title":{"rendered":"Fam\u00edlia, uma tenda"},"content":{"rendered":"<p>O Povo de Deus na sua peregrina\u00e7\u00e3o se vale da tenda como lugar das mais estruturantes conquistas, tornando qualificado o caminho de cada um. A refer\u00eancia \u00e0 tenda remete, pois, ao sentido b\u00edblico de que a humanidade \u00e9 povo a caminho, em busca de aprendizados, acolhimentos e do cultivo de valores. Por isso mesmo, o imperativo de \u201calargar a tenda\u201d para comportar sempre mais pessoas deve inspirar a vida de todos: \u00e9 preciso alargar o pr\u00f3prio cora\u00e7\u00e3o, tornando-o \u201ctenda interior\u201d que alicer\u00e7a a fraternidade solid\u00e1ria. Ao mesmo tempo, deve-se investir no cuidado de uma tenda essencial \u00e0 vida, que permite o aconchegar-se, a partilha e o aprendizado da escuta: a fam\u00edlia. Neste horizonte, a Igreja Cat\u00f3lica no Brasil mobiliza suas comunidades e inst\u00e2ncias para a celebra\u00e7\u00e3o, a cada m\u00eas de agosto, da Semana Nacional das Fam\u00edlias, iniciada no domingo, Dia dos Pais. &nbsp;Em clima de ora\u00e7\u00e3o, retoma-se o significado da fam\u00edlia, a partir do que ensina a doutrina da Igreja Cat\u00f3lica.&nbsp; Especialmente em agosto, celebrado como M\u00eas das Voca\u00e7\u00f5es \u2013 e no contexto da viv\u00eancia do Ano Vocacional &#8211; a Igreja oferece a sua contribui\u00e7\u00e3o para que a sociedade reconhe\u00e7a e reafirme a centralidade da fam\u00edlia. Uma necessidade neste tempo marcado por profundas transforma\u00e7\u00f5es.&nbsp;<\/p>\n<p>A Igreja compreende que a fam\u00edlia possibilita conhecer e aprender a amar o Senhor da vida, com desdobramentos na configura\u00e7\u00e3o de v\u00ednculos relacionais que geram qualidade ao viver humano. A fam\u00edlia, assim, \u00e9 essencial para construir uma sociedade nos par\u00e2metros da fraternidade universal. Cada contexto familiar, considerados seus limites e vicissitudes, tem potencial para ser escola do amor conjugal, do amor a Deus, desenvolvendo, consequentemente, a compet\u00eancia para amar cada semelhante. Por isso, iluminada pela Palavra de Deus, a Igreja, em di\u00e1logo e coopera\u00e7\u00e3o com outros segmentos da sociedade, considera a fam\u00edlia como a primeira sociedade natural, titular de direitos pr\u00f3prios e origin\u00e1rios, colocando-a no centro da vida social. Essa convic\u00e7\u00e3o sustenta um trabalho incans\u00e1vel para n\u00e3o permitir que seja atribu\u00eddo \u00e0 fam\u00edlia um papel subalterno ou irrelevante.<\/p>\n<p>A sociedade precisa da fam\u00edlia com a sua voca\u00e7\u00e3o \u2013 primeiro lugar para se viver a experi\u00eancia da comunh\u00e3o. Obviamente n\u00e3o se trata de um lugar perfeito, mas constitui alicerce s\u00f3lido e renovador, capaz de inspirar um exerc\u00edcio da cidadania que \u00e9 essencial \u00e0 qualifica\u00e7\u00e3o da sociedade, tornando-a mais justa e solid\u00e1ria. H\u00e1, pois, um protagonismo da institui\u00e7\u00e3o familiar no contexto social e na exist\u00eancia de cada pessoa, pois a fam\u00edlia \u00e9 ber\u00e7o da vida e do amor. Promover a fam\u00edlia \u00e9 gesto em defesa da vida, em todas as suas etapas, desde a concep\u00e7\u00e3o at\u00e9 a morte, com o decl\u00ednio natural, reconhecendo que cada pessoa \u00e9 dom de Deus. Um compromisso que precisa se desdobrar na busca pela supera\u00e7\u00e3o dos vergonhosos cen\u00e1rios de exclus\u00f5es e mis\u00e9rias que amea\u00e7am as fam\u00edlias. E o ser humano precisa da \u201ctenda familiar\u201d para desenvolver suas potencialidades, fecundadas pela for\u00e7a singular da primeira experi\u00eancia do amor, proporcionada no contexto de sua fam\u00edlia. &nbsp;<\/p>\n<p>A experi\u00eancia afetiva da comunidade familiar, apesar de suas idiossincrasias, tem for\u00e7a estruturante. A aus\u00eancia ou o comprometimento dessa experi\u00eancia afetiva podem trazer preju\u00edzos insuper\u00e1veis. A fam\u00edlia \u00e9 o lugar primordial onde se inicia o desenvolvimento de habilidades essenciais \u00e0 sociabilidade. Buscar fortalecer o contexto familiar amplia a possibilidade de se alcan\u00e7ar uma civiliza\u00e7\u00e3o \u00e0 altura da dignidade humana. Por isso mesmo, a Igreja afirma que \u201csem fam\u00edlias fortes na comunh\u00e3o e est\u00e1veis no seu compromisso os povos se debilitam\u201d. Na tenda familiar s\u00e3o estruturados e aprendidos valores morais, a partir da experi\u00eancia da f\u00e9, com a transmiss\u00e3o de importantes patrim\u00f4nios religiosos e culturais. A fam\u00edlia possibilita, assim, a cada ser humano, reconhecer a sua responsabilidade no exerc\u00edcio da solidariedade.<\/p>\n<p>Reflex\u00f5es profundas precisam unir diferentes segmentos da sociedade para proteger e promover a fam\u00edlia. Trata-se de prop\u00f3sito da celebra\u00e7\u00e3o da Semana da Fam\u00edlia, buscando afastar a possibilidade terr\u00edvel de relativiza\u00e7\u00f5es e imposi\u00e7\u00f5es que desconsideram a primeira escola do ser humano. Ecoe, portanto, a convoca\u00e7\u00e3o de se reconhecer a import\u00e2ncia da fam\u00edlia &#8211; preciosa tenda. Assim, cada pessoa, em sua peregrina\u00e7\u00e3o, possa sempre se ancorar e encontrar amparo na indispens\u00e1vel tenda familiar. &nbsp;&nbsp;&nbsp;&nbsp;<\/p>\n<p><strong>&nbsp;<\/strong><strong>Dom Walmor Oliveira de Azevedo<\/strong><\/p>\n<p><strong>Arcebispo metropolitano de Belo Horizonte(MG)<\/strong><\/p>\n","protected":false},"excerpt":{"rendered":"<p>O Povo de Deus na sua peregrina\u00e7\u00e3o se vale da tenda como lugar das mais estruturantes conquistas, tornando qualificado o caminho de cada um. A refer\u00eancia \u00e0 tenda remete, pois, ao sentido b\u00edblico de que a humanidade \u00e9 povo a caminho, em busca de aprendizados, acolhimentos e do cultivo de valores. Por isso mesmo, o&nbsp;<\/p>\n<p><a class=\"btn btn-style\" href=\"https:\/\/portalcatolico.net\/portal\/familia-uma-tenda\/\">Continue Reading<\/a><\/p>\n","protected":false},"author":2,"featured_media":73457,"comment_status":"open","ping_status":"open","sticky":false,"template":"","format":"standard","meta":{"footnotes":""},"categories":[69],"tags":[],"class_list":["post-78684","post","type-post","status-publish","format-standard","has-post-thumbnail","hentry","category-artigos"],"_links":{"self":[{"href":"https:\/\/portalcatolico.net\/portal\/wp-json\/wp\/v2\/posts\/78684","targetHints":{"allow":["GET"]}}],"collection":[{"href":"https:\/\/portalcatolico.net\/portal\/wp-json\/wp\/v2\/posts"}],"about":[{"href":"https:\/\/portalcatolico.net\/portal\/wp-json\/wp\/v2\/types\/post"}],"author":[{"embeddable":true,"href":"https:\/\/portalcatolico.net\/portal\/wp-json\/wp\/v2\/users\/2"}],"replies":[{"embeddable":true,"href":"https:\/\/portalcatolico.net\/portal\/wp-json\/wp\/v2\/comments?post=78684"}],"version-history":[{"count":1,"href":"https:\/\/portalcatolico.net\/portal\/wp-json\/wp\/v2\/posts\/78684\/revisions"}],"predecessor-version":[{"id":78685,"href":"https:\/\/portalcatolico.net\/portal\/wp-json\/wp\/v2\/posts\/78684\/revisions\/78685"}],"wp:featuredmedia":[{"embeddable":true,"href":"https:\/\/portalcatolico.net\/portal\/wp-json\/wp\/v2\/media\/73457"}],"wp:attachment":[{"href":"https:\/\/portalcatolico.net\/portal\/wp-json\/wp\/v2\/media?parent=78684"}],"wp:term":[{"taxonomy":"category","embeddable":true,"href":"https:\/\/portalcatolico.net\/portal\/wp-json\/wp\/v2\/categories?post=78684"},{"taxonomy":"post_tag","embeddable":true,"href":"https:\/\/portalcatolico.net\/portal\/wp-json\/wp\/v2\/tags?post=78684"}],"curies":[{"name":"wp","href":"https:\/\/api.w.org\/{rel}","templated":true}]}}