{"id":78530,"date":"2023-07-27T21:52:24","date_gmt":"2023-07-28T00:52:24","guid":{"rendered":"http:\/\/portalcatolico.net\/portal\/?p=78530"},"modified":"2023-07-27T21:56:47","modified_gmt":"2023-07-28T00:56:47","slug":"nomeado-bispo-pelo-papa-francisco-sacerdote-do-clero-da-arquidiocese-de-salvador-recebera-a-ordenacao-episcopal-neste-sabado-29","status":"publish","type":"post","link":"https:\/\/portalcatolico.net\/portal\/nomeado-bispo-pelo-papa-francisco-sacerdote-do-clero-da-arquidiocese-de-salvador-recebera-a-ordenacao-episcopal-neste-sabado-29\/","title":{"rendered":"Nomeado bispo pelo Papa Francisco, sacerdote do clero da Arquidiocese de Salvador receber\u00e1 a Ordena\u00e7\u00e3o Episcopal neste s\u00e1bado (29)"},"content":{"rendered":"<p><em>A \u00faltima nomea\u00e7\u00e3o de um padre da S\u00e9 Primacial do Brasil como bispo aconteceu h\u00e1 18 anos, o que torna este momento hist\u00f3rico para a Igreja no pa\u00eds<\/em><\/p>\n<p>Neste s\u00e1bado, 29 de julho, a Arquidiocese de S\u00e3o Salvador da Bahia vivenciar\u00e1 um momento hist\u00f3rico durante a Ordena\u00e7\u00e3o Episcopal do monsenhor Juraci Gomes de Oliveira, que pertencia ao clero da S\u00e9 Primacial do Brasil quando foi eleito bispo da Diocese de Amargosa, na Bahia, pelo Papa Francisco. A \u00faltima vez que um padre do clero da Arquidiocese de Salvador recebeu a Ordena\u00e7\u00e3o Episcopal foi em 2005.<\/p>\n<p>A Santa Missa com o rito de Ordena\u00e7\u00e3o Episcopal ter\u00e1 in\u00edcio \u00e0s 9h, nas quadras do Col\u00e9gio Ant\u00f4nio Vieira (Avenida Leovigildo Filgueiras, 683, Garcia). Presidida pelo Arcebispo de S\u00e3o Salvador da Bahia e Primaz do Brasil, Cardeal Dom Sergio da Rocha, a Celebra\u00e7\u00e3o Eucar\u00edstica ser\u00e1 concelebrada por arcebispos, bispos e padres de diversas arquidioceses e dioceses do pa\u00eds, entre eles o Arcebispo Em\u00e9rito da Arquidiocese de Salvador, Dom Murilo Krieger. Tamb\u00e9m presenciar\u00e3o este momento fi\u00e9is que moram nos munic\u00edpios que comp\u00f5em a Arquidiocese de Salvador (Salvador, Lauro de Freitas, Salinas da Margarida, Itaparica e Vera Cruz), de outras cidades da Bahia e de outros estados brasileiros, bem como autoridades civis e militares.<\/p>\n<p>Para uma melhor organiza\u00e7\u00e3o e diante do tamanho das quadras do col\u00e9gio onde acontecer\u00e1 a Santa Missa, foi necess\u00e1ria a limita\u00e7\u00e3o do acesso para 3.500 fi\u00e9is, que aguardam com alegria e ansiedade o momento da Ordena\u00e7\u00e3o Episcopal. As pulseiras que permitir\u00e3o a entrada foram esgotadas em poucos dias.<\/p>\n<p><strong>Quem \u00e9 o monsenhor Juraci, nomeado bispo pelo Papa?<\/strong><\/p>\n<p>Monsenhor Juraci Gomes de Oliveira \u00e9 filho de Vicente Gomes de Oliveira e Rita Maria de Alencar. Nasceu no dia 19 de agosto de 1956, em Catol\u00e9 do Rocha, na Para\u00edba. Ingressou no Semin\u00e1rio dos Capuchinhos em Macei\u00f3 (AL), onde concluiu o Ensino M\u00e9dio. Depois, foi transferido para Natal (RN) e, mais tarde, para Recife (PE), onde cursou Filosofia e Teologia. A forma\u00e7\u00e3o teol\u00f3gica foi conclu\u00edda fora do semin\u00e1rio. Em 1987, retornou ao semin\u00e1rio, ingressando na Sociedade Joseleitos de Cristo, na cidade de Tucano (BA).<\/p>\n<p>A ordena\u00e7\u00e3o diaconal foi em 12 de agosto de 1990, presidida por Dom M\u00e1rio Zanetta, ent\u00e3o bispo de Paulo Afonso (BA). A ordena\u00e7\u00e3o presbiteral foi no mesmo ano, em 3 de novembro, na Igreja Matriz da Par\u00f3quia Senhora Sant\u2019Ana, na cidade de Tucano, pelas m\u00e3os de Dom Jackson Berenguer Prado, bispo em\u00e9rito de Paulo Afonso.<\/p>\n<p>Monsenhor Juraci \u00e9 bacharel em Teologia, licenciado em Filosofia, e tem especializa\u00e7\u00e3o em Espiritualidade B\u00edblica e mestrado em Teologia do Matrim\u00f4nio e Fam\u00edlia.<\/p>\n<p>O minist\u00e9rio sacerdotal foi exercido na Arquidiocese de Salvador, ap\u00f3s a exclaustra\u00e7\u00e3o da Sociedade dos Joseleitos de Cristo, em dezembro de 1991, e a incardina\u00e7\u00e3o na Arquidiocese Primaz do Brasil. Na capital baiana, foi p\u00e1roco, administrador paroquial, capel\u00e3o, orientador espiritual do Semin\u00e1rio Central da Bahia, assistente eclesi\u00e1stico para a Renova\u00e7\u00e3o Carism\u00e1tica e o Grupo de Ora\u00e7\u00e3o Ter\u00e7o dos Homens, vig\u00e1rio for\u00e2neo e vig\u00e1rio episcopal. Antes do sacerd\u00f3cio, atuou na \u00e1rea da educa\u00e7\u00e3o, em Pernambuco. Tamb\u00e9m foi professor de Teologia na Universidade Cat\u00f3lica de Salvador (UCSal) e na Faculdade S\u00e3o Bento, em Salvador.<\/p>\n<p>Quando foi nomeado bispo pelo Papa Francisco no dia 31 de maio deste ano, exercia as fun\u00e7\u00f5es de vig\u00e1rio-geral, moderador da C\u00faria Metropolitana, membro do Cabido Metropolitano e do Col\u00e9gio de Consultores, diretor administrativo da A\u00e7\u00e3o Social Arquidiocesana (ASA), capel\u00e3o da Igreja da Sagrada Fam\u00edlia (Igreja da C\u00faria), orientador espiritual do Semin\u00e1rio Central da Bahia e membro da Equipe Financeira da C\u00faria metropolitana.<\/p>\n<p>Cr\u00e9dito: Divulga\u00e7\u00e3o<\/p>\n<p>Texto: Sara Gomes\/Arquidiocese de Salvador(BA)<\/p>\n","protected":false},"excerpt":{"rendered":"<p>A \u00faltima nomea\u00e7\u00e3o de um padre da S\u00e9 Primacial do Brasil como bispo aconteceu h\u00e1 18 anos, o que torna este momento hist\u00f3rico para a Igreja no pa\u00eds Neste s\u00e1bado, 29 de julho, a Arquidiocese de S\u00e3o Salvador da Bahia vivenciar\u00e1 um momento hist\u00f3rico durante a Ordena\u00e7\u00e3o Episcopal do monsenhor Juraci Gomes de Oliveira, que&nbsp;<\/p>\n<p><a class=\"btn btn-style\" href=\"https:\/\/portalcatolico.net\/portal\/nomeado-bispo-pelo-papa-francisco-sacerdote-do-clero-da-arquidiocese-de-salvador-recebera-a-ordenacao-episcopal-neste-sabado-29\/\">Continue Reading<\/a><\/p>\n","protected":false},"author":2,"featured_media":78532,"comment_status":"open","ping_status":"open","sticky":false,"template":"","format":"standard","meta":{"footnotes":""},"categories":[4],"tags":[],"class_list":["post-78530","post","type-post","status-publish","format-standard","has-post-thumbnail","hentry","category-destaques"],"_links":{"self":[{"href":"https:\/\/portalcatolico.net\/portal\/wp-json\/wp\/v2\/posts\/78530","targetHints":{"allow":["GET"]}}],"collection":[{"href":"https:\/\/portalcatolico.net\/portal\/wp-json\/wp\/v2\/posts"}],"about":[{"href":"https:\/\/portalcatolico.net\/portal\/wp-json\/wp\/v2\/types\/post"}],"author":[{"embeddable":true,"href":"https:\/\/portalcatolico.net\/portal\/wp-json\/wp\/v2\/users\/2"}],"replies":[{"embeddable":true,"href":"https:\/\/portalcatolico.net\/portal\/wp-json\/wp\/v2\/comments?post=78530"}],"version-history":[{"count":3,"href":"https:\/\/portalcatolico.net\/portal\/wp-json\/wp\/v2\/posts\/78530\/revisions"}],"predecessor-version":[{"id":78534,"href":"https:\/\/portalcatolico.net\/portal\/wp-json\/wp\/v2\/posts\/78530\/revisions\/78534"}],"wp:featuredmedia":[{"embeddable":true,"href":"https:\/\/portalcatolico.net\/portal\/wp-json\/wp\/v2\/media\/78532"}],"wp:attachment":[{"href":"https:\/\/portalcatolico.net\/portal\/wp-json\/wp\/v2\/media?parent=78530"}],"wp:term":[{"taxonomy":"category","embeddable":true,"href":"https:\/\/portalcatolico.net\/portal\/wp-json\/wp\/v2\/categories?post=78530"},{"taxonomy":"post_tag","embeddable":true,"href":"https:\/\/portalcatolico.net\/portal\/wp-json\/wp\/v2\/tags?post=78530"}],"curies":[{"name":"wp","href":"https:\/\/api.w.org\/{rel}","templated":true}]}}