{"id":78527,"date":"2023-07-26T21:18:54","date_gmt":"2023-07-27T00:18:54","guid":{"rendered":"http:\/\/portalcatolico.net\/portal\/?p=78527"},"modified":"2023-07-26T21:18:54","modified_gmt":"2023-07-27T00:18:54","slug":"esta-e-a-jmj-do-desconfinamento-diz-patriarca-de-lisboa-em-missa-com-voluntarios","status":"publish","type":"post","link":"https:\/\/portalcatolico.net\/portal\/esta-e-a-jmj-do-desconfinamento-diz-patriarca-de-lisboa-em-missa-com-voluntarios\/","title":{"rendered":"Esta \u00e9 a JMJ do \u201cdesconfinamento\u201d, diz patriarca de Lisboa em missa com volunt\u00e1rios"},"content":{"rendered":"<p>Depois dos anos de pandemia de covid-19, a JMJ Lisboa 2023 \u00e9 a jornada do \u201cdesconfinamento juvenil universal\u201d, disse hoje (26) o patriarca de Lisboa, cardeal Manuel Clemente, em&nbsp;missa&nbsp;com os volunt\u00e1rios. Por causa das medidas restritivas impostas contra a covid, a Jornada Mundial da Juventude, que incialmente estava prevista para 2022, foi adiada para 2023 e acontecer\u00e1 de 1\u00ba a 6 de agosto.<\/p>\n<p>A missa com os volunt\u00e1rios foi o primeiro evento da JMJ Lisboa 2023 a reunir uma multid\u00e3o, dezenas de milhares de pessoas, vindas de 140 pa\u00edses, segundo a Ag\u00eancia Ecclesia, da Confer\u00eancia Episcopal Portuguesa. Ela aconteceu nos Jardins do Casino do Estoril, em Cascais.<\/p>\n<p>O chefe de Departamento do Dicast\u00e9rio para os Leigos, a Fam\u00edlia e a&nbsp;Vida, organismo da Santa S\u00e9 respons\u00e1vel pela JMJ, padre Jo\u00e3o Chagas, participou da celebra\u00e7\u00e3o. Ele destacou \u00e0 Ag\u00eancia Ecclesia o impacto da pandemia e da guerra nesta edi\u00e7\u00e3o da jornada. Segundo o sacerdote, \u201ca humanidade precisa se levantar, se reerguer desse tempo t\u00e3o dif\u00edcil que viveu e ainda vive\u201d. O padre Chagas desafiou os jovens a serem \u201cprotagonistas\u201d dessa mudan\u00e7a.<\/p>\n<p>Para o patriarca de Lisboa, a \u201cgera\u00e7\u00e3o 2023\u201d ser\u00e1 falada em Portugal por \u201cmuitos anos\u201d.<\/p>\n<p>O cardeal Clemente elogiou o papel dos volunt\u00e1rios, tanto os mais jovens quanto os mais velhos, recordando que hoje \u00e9 celebrada a mem\u00f3ria lit\u00fargica dos santos Joaquim e Ana, pais da&nbsp;Virgem Maria&nbsp;e av\u00f3s de Jesus. Para, o n\u00famero de 32 mil volunt\u00e1rios na JMJ \u00e9 um \u201cn\u00famero muito bom\u201d.<\/p>\n<p>Os jornalistas, dom Clemente disse ter \u201ccerteza de que os jovens v\u00e3o gostar\u201d da jornada. \u201cIsto \u00e9 um concentrado de Cristo, de tudo o que Ele representa, de acolhimento, de for\u00e7a, de coragem, de horizontes largos\u201d, disse.(ACI)<\/p>\n","protected":false},"excerpt":{"rendered":"<p>Depois dos anos de pandemia de covid-19, a JMJ Lisboa 2023 \u00e9 a jornada do \u201cdesconfinamento juvenil universal\u201d, disse hoje (26) o patriarca de Lisboa, cardeal Manuel Clemente, em&nbsp;missa&nbsp;com os volunt\u00e1rios. Por causa das medidas restritivas impostas contra a covid, a Jornada Mundial da Juventude, que incialmente estava prevista para 2022, foi adiada para 2023&nbsp;<\/p>\n<p><a class=\"btn btn-style\" href=\"https:\/\/portalcatolico.net\/portal\/esta-e-a-jmj-do-desconfinamento-diz-patriarca-de-lisboa-em-missa-com-voluntarios\/\">Continue Reading<\/a><\/p>\n","protected":false},"author":2,"featured_media":78528,"comment_status":"open","ping_status":"open","sticky":false,"template":"","format":"standard","meta":{"footnotes":""},"categories":[5],"tags":[],"class_list":["post-78527","post","type-post","status-publish","format-standard","has-post-thumbnail","hentry","category-igreja_no_mundo"],"_links":{"self":[{"href":"https:\/\/portalcatolico.net\/portal\/wp-json\/wp\/v2\/posts\/78527","targetHints":{"allow":["GET"]}}],"collection":[{"href":"https:\/\/portalcatolico.net\/portal\/wp-json\/wp\/v2\/posts"}],"about":[{"href":"https:\/\/portalcatolico.net\/portal\/wp-json\/wp\/v2\/types\/post"}],"author":[{"embeddable":true,"href":"https:\/\/portalcatolico.net\/portal\/wp-json\/wp\/v2\/users\/2"}],"replies":[{"embeddable":true,"href":"https:\/\/portalcatolico.net\/portal\/wp-json\/wp\/v2\/comments?post=78527"}],"version-history":[{"count":1,"href":"https:\/\/portalcatolico.net\/portal\/wp-json\/wp\/v2\/posts\/78527\/revisions"}],"predecessor-version":[{"id":78529,"href":"https:\/\/portalcatolico.net\/portal\/wp-json\/wp\/v2\/posts\/78527\/revisions\/78529"}],"wp:featuredmedia":[{"embeddable":true,"href":"https:\/\/portalcatolico.net\/portal\/wp-json\/wp\/v2\/media\/78528"}],"wp:attachment":[{"href":"https:\/\/portalcatolico.net\/portal\/wp-json\/wp\/v2\/media?parent=78527"}],"wp:term":[{"taxonomy":"category","embeddable":true,"href":"https:\/\/portalcatolico.net\/portal\/wp-json\/wp\/v2\/categories?post=78527"},{"taxonomy":"post_tag","embeddable":true,"href":"https:\/\/portalcatolico.net\/portal\/wp-json\/wp\/v2\/tags?post=78527"}],"curies":[{"name":"wp","href":"https:\/\/api.w.org\/{rel}","templated":true}]}}