{"id":78440,"date":"2023-07-15T20:33:48","date_gmt":"2023-07-15T23:33:48","guid":{"rendered":"http:\/\/portalcatolico.net\/portal\/?p=78440"},"modified":"2023-07-15T21:31:04","modified_gmt":"2023-07-16T00:31:04","slug":"imagem-peregrina-da-sagrada-familia-esta-na-diocese-de-ilheus","status":"publish","type":"post","link":"https:\/\/portalcatolico.net\/portal\/imagem-peregrina-da-sagrada-familia-esta-na-diocese-de-ilheus\/","title":{"rendered":"Imagem Peregrina da Sagrada Fam\u00edlia est\u00e1 na Diocese de Ilh\u00e9us"},"content":{"rendered":"<div dir=\"auto\"><img loading=\"lazy\" decoding=\"async\" class=\"alignnone wp-image-78443\" src=\"http:\/\/portalcatolico.net\/portal\/wp-content\/uploads\/2023\/07\/d6421ac4-46bb-4f03-9d3b-11ea0139dd46-300x225.jpg\" alt=\"\" width=\"831\" height=\"623\" srcset=\"https:\/\/portalcatolico.net\/portal\/wp-content\/uploads\/2023\/07\/d6421ac4-46bb-4f03-9d3b-11ea0139dd46-300x225.jpg 300w, https:\/\/portalcatolico.net\/portal\/wp-content\/uploads\/2023\/07\/d6421ac4-46bb-4f03-9d3b-11ea0139dd46-768x576.jpg 768w, https:\/\/portalcatolico.net\/portal\/wp-content\/uploads\/2023\/07\/d6421ac4-46bb-4f03-9d3b-11ea0139dd46-1024x768.jpg 1024w, https:\/\/portalcatolico.net\/portal\/wp-content\/uploads\/2023\/07\/d6421ac4-46bb-4f03-9d3b-11ea0139dd46.jpg 1600w\" sizes=\"auto, (max-width: 831px) 100vw, 831px\" \/>Na \u00faltima quinta-feira, dia 13 de julho de 2023, a imagem &nbsp;da Sagrada Fam\u00edlia &nbsp;Peregrina foi entregue \u00e0 Diocese de Ilh\u00e9us (BA), ap\u00f3s passar pela Diocese de Itabuna (BA). A imagem estava na cidade desde o dia &nbsp;18 de junho de 2023.<\/div>\n<div dir=\"auto\">A passagem da imagem foi feita uma&nbsp; Celebra\u00e7\u00e3o Eucar\u00edstica, \u00e0s12h, na Catedral de S\u00e3o Sebasti\u00e3o em Ilh\u00e9us, presidida pelo Bispo Diocesano, Dom Giovanni Crippa.<\/div>\n<div dir=\"auto\">&nbsp;<\/div>\n<div dir=\"auto\">Na ocasi\u00e3o, foi entregue na Diocese de llh\u00e9us, a imagem da Sagrada Fam\u00edlia Peregrina em prepara\u00e7\u00e3o ao Congresso da Pastoral Familiar do RNE3, que acontecer\u00e1 em Salvador, nos dias 06 a 08 de setembro de 2024.<\/div>\n<div dir=\"auto\">Ap\u00f3s percorrer v\u00e1rias par\u00f3quias da Diocese de Itabuna, a imagem peregrinar\u00e1 na Diocese de Ilh\u00e9us at\u00e9 o dia 06 de agosto.<\/div>\n<div dir=\"auto\">E no dia 07 de agosto, a imagem peregrina ir\u00e1 para a Diocese de Eun\u00e1polis (BA).<\/div>\n<div dir=\"auto\">A missa foi concelebrada por: padre Edson Hagge, p\u00e1roco na Par\u00f3quia S\u00e3o Jorge (Centro); pelo padre Pedro, p\u00e1roco na Par\u00f3quia Sagrado Cora\u00e7\u00e3o de Jesus (lguape); Di\u00e1cono Marcos Magalh\u00e3es, assessor eclesi\u00e1stico da Pasfam de Ilh\u00e9us.<\/div>\n<div dir=\"auto\">Fotos: Pastoral Familiar\/Diocese de itabuna(BA)<\/div>\n","protected":false},"excerpt":{"rendered":"<p>Na \u00faltima quinta-feira, dia 13 de julho de 2023, a imagem &nbsp;da Sagrada Fam\u00edlia &nbsp;Peregrina foi entregue \u00e0 Diocese de Ilh\u00e9us (BA), ap\u00f3s passar pela Diocese de Itabuna (BA). A imagem estava na cidade desde o dia &nbsp;18 de junho de 2023. A passagem da imagem foi feita uma&nbsp; Celebra\u00e7\u00e3o Eucar\u00edstica, \u00e0s12h, na Catedral de&nbsp;<\/p>\n<p><a class=\"btn btn-style\" href=\"https:\/\/portalcatolico.net\/portal\/imagem-peregrina-da-sagrada-familia-esta-na-diocese-de-ilheus\/\">Continue Reading<\/a><\/p>\n","protected":false},"author":2,"featured_media":78442,"comment_status":"open","ping_status":"open","sticky":false,"template":"","format":"standard","meta":{"footnotes":""},"categories":[4],"tags":[],"class_list":["post-78440","post","type-post","status-publish","format-standard","has-post-thumbnail","hentry","category-destaques"],"_links":{"self":[{"href":"https:\/\/portalcatolico.net\/portal\/wp-json\/wp\/v2\/posts\/78440","targetHints":{"allow":["GET"]}}],"collection":[{"href":"https:\/\/portalcatolico.net\/portal\/wp-json\/wp\/v2\/posts"}],"about":[{"href":"https:\/\/portalcatolico.net\/portal\/wp-json\/wp\/v2\/types\/post"}],"author":[{"embeddable":true,"href":"https:\/\/portalcatolico.net\/portal\/wp-json\/wp\/v2\/users\/2"}],"replies":[{"embeddable":true,"href":"https:\/\/portalcatolico.net\/portal\/wp-json\/wp\/v2\/comments?post=78440"}],"version-history":[{"count":4,"href":"https:\/\/portalcatolico.net\/portal\/wp-json\/wp\/v2\/posts\/78440\/revisions"}],"predecessor-version":[{"id":78452,"href":"https:\/\/portalcatolico.net\/portal\/wp-json\/wp\/v2\/posts\/78440\/revisions\/78452"}],"wp:featuredmedia":[{"embeddable":true,"href":"https:\/\/portalcatolico.net\/portal\/wp-json\/wp\/v2\/media\/78442"}],"wp:attachment":[{"href":"https:\/\/portalcatolico.net\/portal\/wp-json\/wp\/v2\/media?parent=78440"}],"wp:term":[{"taxonomy":"category","embeddable":true,"href":"https:\/\/portalcatolico.net\/portal\/wp-json\/wp\/v2\/categories?post=78440"},{"taxonomy":"post_tag","embeddable":true,"href":"https:\/\/portalcatolico.net\/portal\/wp-json\/wp\/v2\/tags?post=78440"}],"curies":[{"name":"wp","href":"https:\/\/api.w.org\/{rel}","templated":true}]}}