{"id":78312,"date":"2023-06-29T14:11:08","date_gmt":"2023-06-29T17:11:08","guid":{"rendered":"http:\/\/portalcatolico.net\/portal\/?p=78312"},"modified":"2023-06-29T14:11:08","modified_gmt":"2023-06-29T17:11:08","slug":"santo-do-diasao-pedro-e-sao-paulo","status":"publish","type":"post","link":"https:\/\/portalcatolico.net\/portal\/santo-do-diasao-pedro-e-sao-paulo\/","title":{"rendered":"Santo do dia:S\u00e3o Pedro e S\u00e3o Paulo"},"content":{"rendered":"<p>\u201cO dia de hoje \u00e9 para n\u00f3s dia sagrado, porque nele celebramos o mart\u00edrio dos ap\u00f3stolos s\u00e3o Pedro e s\u00e3o Paulo&#8230; Na realidade, os dois eram como um s\u00f3; embora tenham sido martirizados em dias diferentes, deram o mesmo testemunho\u201d, disse o bispo santo Agostinho (354-430) em seus serm\u00f5es sobre a solenidade de s\u00e3o Pedro e s\u00e3o Paulo, celebrada hoje (29). No Brasil, por\u00e9m, a celebra\u00e7\u00e3o \u00e9 transferida para o domingo e, neste ano, ser\u00e1 no dia 2 de julho.<\/p>\n<p>Esta celebra\u00e7\u00e3o recorda que s\u00e3o Pedro foi eleito por Cristo: \u201cTu \u00e9s Pedro e sobre esta pedra edificarei a minha&nbsp;Igreja\u201d. Humildemente, ele aceitou a miss\u00e3o de ser \u201ca rocha\u201d da Igreja.<\/p>\n<div class=\"ad_inline\">&nbsp;<\/div>\n<p>O papa por sua parte, como sucessor de Pedro e vig\u00e1rio de Cristo, \u00e9 o princ\u00edpio e fundamento perp\u00e9tuo e vis\u00edvel da unidade, tanto dos&nbsp;bispos&nbsp;como da multid\u00e3o de fi\u00e9is. \u00c9 pastor de toda a Igreja e tem poder pleno, supremo e universal. Por isso, tamb\u00e9m \u00e9 comemorado nesta data o dia do papa.<\/p>\n<p>Do mesmo modo, comemora-se s\u00e3o Paulo, o ap\u00f3stolo dos gentios, que antes de sua convers\u00e3o foi um perseguidor dos crist\u00e3os e passou, com sua&nbsp;vida, a ser um ardoroso evangelizador para todos os cat\u00f3licos, sem reservas no an\u00fancio do Evangelho.<\/p>\n<p>Como o&nbsp;papa Bento XVI&nbsp;disse em 2012, \u201ca tradi\u00e7\u00e3o crist\u00e3 tem considerado s\u00e3o Pedro e s\u00e3o Paulo insepar\u00e1veis: na verdade, juntos, representam todo o Evangelho de Cristo\u201d.<\/p>\n<p>\u201cApesar de ser humanamente bastante diferentes e n\u00e3o obstante os conflitos que n\u00e3o faltaram no seu m\u00fatuo relacionamento, realizaram um modo novo e autenticamente evang\u00e9lico de ser irm\u00e3os, tornado poss\u00edvel precisamente pela gra\u00e7a do Evangelho de Cristo que neles operava. S\u00f3 o seguimento de Cristo conduz a uma nova fraternidade\u201d, afirmou.(ACI)<\/p>\n<p>Foto: Reprodu\u00e7\u00e3o\/Internet<\/p>\n","protected":false},"excerpt":{"rendered":"<p>\u201cO dia de hoje \u00e9 para n\u00f3s dia sagrado, porque nele celebramos o mart\u00edrio dos ap\u00f3stolos s\u00e3o Pedro e s\u00e3o Paulo&#8230; Na realidade, os dois eram como um s\u00f3; embora tenham sido martirizados em dias diferentes, deram o mesmo testemunho\u201d, disse o bispo santo Agostinho (354-430) em seus serm\u00f5es sobre a solenidade de s\u00e3o Pedro&nbsp;<\/p>\n<p><a class=\"btn btn-style\" href=\"https:\/\/portalcatolico.net\/portal\/santo-do-diasao-pedro-e-sao-paulo\/\">Continue Reading<\/a><\/p>\n","protected":false},"author":2,"featured_media":78313,"comment_status":"open","ping_status":"open","sticky":false,"template":"","format":"standard","meta":{"footnotes":""},"categories":[4],"tags":[],"class_list":["post-78312","post","type-post","status-publish","format-standard","has-post-thumbnail","hentry","category-destaques"],"_links":{"self":[{"href":"https:\/\/portalcatolico.net\/portal\/wp-json\/wp\/v2\/posts\/78312","targetHints":{"allow":["GET"]}}],"collection":[{"href":"https:\/\/portalcatolico.net\/portal\/wp-json\/wp\/v2\/posts"}],"about":[{"href":"https:\/\/portalcatolico.net\/portal\/wp-json\/wp\/v2\/types\/post"}],"author":[{"embeddable":true,"href":"https:\/\/portalcatolico.net\/portal\/wp-json\/wp\/v2\/users\/2"}],"replies":[{"embeddable":true,"href":"https:\/\/portalcatolico.net\/portal\/wp-json\/wp\/v2\/comments?post=78312"}],"version-history":[{"count":1,"href":"https:\/\/portalcatolico.net\/portal\/wp-json\/wp\/v2\/posts\/78312\/revisions"}],"predecessor-version":[{"id":78314,"href":"https:\/\/portalcatolico.net\/portal\/wp-json\/wp\/v2\/posts\/78312\/revisions\/78314"}],"wp:featuredmedia":[{"embeddable":true,"href":"https:\/\/portalcatolico.net\/portal\/wp-json\/wp\/v2\/media\/78313"}],"wp:attachment":[{"href":"https:\/\/portalcatolico.net\/portal\/wp-json\/wp\/v2\/media?parent=78312"}],"wp:term":[{"taxonomy":"category","embeddable":true,"href":"https:\/\/portalcatolico.net\/portal\/wp-json\/wp\/v2\/categories?post=78312"},{"taxonomy":"post_tag","embeddable":true,"href":"https:\/\/portalcatolico.net\/portal\/wp-json\/wp\/v2\/tags?post=78312"}],"curies":[{"name":"wp","href":"https:\/\/api.w.org\/{rel}","templated":true}]}}