{"id":78309,"date":"2023-06-29T14:06:11","date_gmt":"2023-06-29T17:06:11","guid":{"rendered":"http:\/\/portalcatolico.net\/portal\/?p=78309"},"modified":"2023-06-29T14:06:11","modified_gmt":"2023-06-29T17:06:11","slug":"papa-inspirar-se-em-pedro-e-paulo-para-uma-igreja-humilde-e-aberta","status":"publish","type":"post","link":"https:\/\/portalcatolico.net\/portal\/papa-inspirar-se-em-pedro-e-paulo-para-uma-igreja-humilde-e-aberta\/","title":{"rendered":"Papa: inspirar-se em Pedro e Paulo para uma Igreja humilde e aberta"},"content":{"rendered":"<div class=\"article__subTitle\">Na Solenidade dos Santos Pedro e Paulo, Francisco exortou os fi\u00e9is a se inspirarem nos Ap\u00f3stolos para crescer como Igreja do seguimento, como Igreja humilde que nunca d\u00e1 por terminada a busca do Senhor, tornando-se simultaneamente uma Igreja aberta, que encontra a sua alegria n\u00e3o nas coisas do mundo, mas no an\u00fancio do Evangelho ao mundo.<\/div>\n<div>&nbsp;<\/div>\n<div class=\"article__subTitle\">Seguimento e an\u00fancio: estas foram as duas palavras ressaltadas pelo Papa na homilia da Solenidade dos Santos Pedro e Paulo, festejada neste 29 de junho. No Brasil, a data foi transferida para o pr\u00f3ximo domingo, 2 de julho.<\/div>\n<div>&nbsp;<\/div>\n<div>\n<p>Na Bas\u00edlica de S\u00e3o Pedro, concelebraram com o Pont\u00edfice os 32 arcebispos nomeados no ano passado. Entre eles, h\u00e1 quatro lus\u00f3fonos: tr\u00eas brasileiros e um mo\u00e7ambicano: Dom Jos\u00e9 Carlos Souza Campos, de Montes Claros (MG); Dom Juarez Sousa da Silva, de Teresina (PI); Dom Paulo Jackson N\u00f3brega de Sousa, de Olinda e Recife (PE); e Dom Jo\u00e3o Carlos Hatoa Nunes, de Maputo. Na celebra\u00e7\u00e3o, o Papa aben\u00e7oou os p\u00e1lios, que depois ser\u00e3o impostos pelo N\u00fancio na arquidiocese, junto \u00e0 comunidade local.<\/p>\n<p>Na Bas\u00edlica, como \u00e9 tradi\u00e7\u00e3o, tamb\u00e9m estava presente uma delega\u00e7\u00e3o do Patriarcado Ecum\u00eanico de Constantinopla. A Santa S\u00e9 retribui o gesto fraterno, enviando um representante na Festa de Santo Andr\u00e9, em 30 de novembro, padroeiro da Igreja local.<\/p>\n<p>J\u00e1 em sua homilia, Francisco se inspirou na pergunta que Jesus dirige aos disc\u00edpulos, contida no Evangelho de Mateus: \u201cV\u00f3s, quem dizeis que Eu sou?\u201d (<i>Mt<\/i>&nbsp;16, 15). Para o Pont\u00edfice, esta \u00e9 a pergunta fundamental, a mais importante: Quem \u00e9 Jesus para mim?<\/p>\n<p><strong>Seguimento<\/strong><\/p>\n<p>Os dois Ap\u00f3stolos responderam a esta pergunta de modo diferente. A resposta de Pedro poderia se resumir em uma palavra:&nbsp;<i>seguimento<\/i>. Pedro largou tudo para ir atr\u00e1s do Senhor. E o Evangelho sublinha que foi \u201cimediatamente\u201d, n\u00e3o disse a Jesus que iria pensar, fazer c\u00e1lculos para ver se lhe convinha, n\u00e3o apresentou desculpas para adiar a decis\u00e3o, mas deixou as redes e O seguiu. Haveria de descobrir tudo&nbsp;<i>dia ap\u00f3s dia<\/i>, no seguimento de Jesus.<\/p>\n<p>Aquela anota\u00e7\u00e3o \u201cimediatamente\u201d, acrescentou o Papa, vale tamb\u00e9m para n\u00f3s: se h\u00e1 tantas coisas na vida que podemos adiar, o seguimento de Jesus n\u00e3o pode ser uma delas. E aten\u00e7\u00e3o! Pois algumas desculpas aparecem disfar\u00e7adas de espiritualidade, como \u201cn\u00e3o sou digno\u201d, \u201cn\u00e3o sou capaz\u201d. Para Francisco, s\u00e3o artimanhas do diabo, que nos rouba a confian\u00e7a na gra\u00e7a de Deus. A li\u00e7\u00e3o de Pedro, portanto, \u00e9: devemos nos desprender de nossas seguran\u00e7as terrenas, imediatamente, e seguir Jesus todos os dias.&nbsp;&nbsp;<\/p>\n<p><strong>An\u00fancio<\/strong><\/p>\n<p>J\u00e1 a resposta de Paulo se resume na palavra&nbsp;<i>an\u00fancio<\/i>. No caminho de Damasco, Jesus foi ao seu encontro e cegou-o com a sua luz, ou melhor, gra\u00e7as \u00e0quela luz, Saulo deu-se conta de quanto era cego. Assim, consagra a sua vida a percorrer terra e mar, cidades e aldeias, para anunciar Jesus Cristo.<\/p>\n<p>Portanto, \u00e0 pergunta \u201cquem \u00e9 Jesus para mim\u201d, Paulo n\u00e3o responde com uma religiosidade intimista, mas com a inquieta\u00e7\u00e3o de levar o Evangelho aos outros. Tamb\u00e9m hoje, observou o Papa, a Igreja tem necessidade de colocar o an\u00fancio no centro, que n\u00e3o se cansa de repetir: \u201cAi de mim se eu n\u00e3o evangelizar\u201d. Uma Igreja que precisa anunciar como necessita de oxig\u00eanio para respirar.<\/p>\n<p>Francisco exortou os fi\u00e9is a se inspirarem nos Ap\u00f3stolos Pedro e Paulo para crescer como Igreja do seguimento, como Igreja humilde que nunca d\u00e1 por terminada a busca do Senhor, tornando-se simultaneamente uma Igreja aberta, que encontra a sua alegria n\u00e3o nas coisas do mundo, mas no an\u00fancio do Evangelho ao mundo.<\/p>\n<p>Dirigindo-se aos Arcebispos que recebem o P\u00e1lio, pede que sejam ap\u00f3stolos como Pedro e Paulo, disc\u00edpulos no seguimento e ap\u00f3stolos no an\u00fancio. Por fim, o Pont\u00edfice saudou a Delega\u00e7\u00e3o do Patriarcado Ecum\u00eanico de Constantinopla, enviada por Bartolomeu. \u201cObrigado pela presen\u00e7a! Caminhemos juntos, no seguimento e no an\u00fancio da Palavra, crescendo na fraternidade. Que Pedro e Paulo nos acompanhem e intercedam por n\u00f3s.\u201d<\/p>\n<p>F0to:Captura de v\u00eddeo<\/p>\n<\/div>\n<div class=\"title__separator\"><b>Bianca Fraccalvieri \u2013 Vatican News<\/b><\/div>\n","protected":false},"excerpt":{"rendered":"<p>Na Solenidade dos Santos Pedro e Paulo, Francisco exortou os fi\u00e9is a se inspirarem nos Ap\u00f3stolos para crescer como Igreja do seguimento, como Igreja humilde que nunca d\u00e1 por terminada a busca do Senhor, tornando-se simultaneamente uma Igreja aberta, que encontra a sua alegria n\u00e3o nas coisas do mundo, mas no an\u00fancio do Evangelho ao&nbsp;<\/p>\n<p><a class=\"btn btn-style\" href=\"https:\/\/portalcatolico.net\/portal\/papa-inspirar-se-em-pedro-e-paulo-para-uma-igreja-humilde-e-aberta\/\">Continue Reading<\/a><\/p>\n","protected":false},"author":2,"featured_media":78310,"comment_status":"open","ping_status":"open","sticky":false,"template":"","format":"standard","meta":{"footnotes":""},"categories":[5],"tags":[],"class_list":["post-78309","post","type-post","status-publish","format-standard","has-post-thumbnail","hentry","category-igreja_no_mundo"],"_links":{"self":[{"href":"https:\/\/portalcatolico.net\/portal\/wp-json\/wp\/v2\/posts\/78309","targetHints":{"allow":["GET"]}}],"collection":[{"href":"https:\/\/portalcatolico.net\/portal\/wp-json\/wp\/v2\/posts"}],"about":[{"href":"https:\/\/portalcatolico.net\/portal\/wp-json\/wp\/v2\/types\/post"}],"author":[{"embeddable":true,"href":"https:\/\/portalcatolico.net\/portal\/wp-json\/wp\/v2\/users\/2"}],"replies":[{"embeddable":true,"href":"https:\/\/portalcatolico.net\/portal\/wp-json\/wp\/v2\/comments?post=78309"}],"version-history":[{"count":1,"href":"https:\/\/portalcatolico.net\/portal\/wp-json\/wp\/v2\/posts\/78309\/revisions"}],"predecessor-version":[{"id":78311,"href":"https:\/\/portalcatolico.net\/portal\/wp-json\/wp\/v2\/posts\/78309\/revisions\/78311"}],"wp:featuredmedia":[{"embeddable":true,"href":"https:\/\/portalcatolico.net\/portal\/wp-json\/wp\/v2\/media\/78310"}],"wp:attachment":[{"href":"https:\/\/portalcatolico.net\/portal\/wp-json\/wp\/v2\/media?parent=78309"}],"wp:term":[{"taxonomy":"category","embeddable":true,"href":"https:\/\/portalcatolico.net\/portal\/wp-json\/wp\/v2\/categories?post=78309"},{"taxonomy":"post_tag","embeddable":true,"href":"https:\/\/portalcatolico.net\/portal\/wp-json\/wp\/v2\/tags?post=78309"}],"curies":[{"name":"wp","href":"https:\/\/api.w.org\/{rel}","templated":true}]}}