{"id":78303,"date":"2023-06-28T13:56:17","date_gmt":"2023-06-28T16:56:17","guid":{"rendered":"http:\/\/portalcatolico.net\/portal\/?p=78303"},"modified":"2023-06-29T13:56:59","modified_gmt":"2023-06-29T16:56:59","slug":"tres-arcebispos-brasileiros-receberam-o-palio","status":"publish","type":"post","link":"https:\/\/portalcatolico.net\/portal\/tres-arcebispos-brasileiros-receberam-o-palio\/","title":{"rendered":"TR\u00caS ARCEBISPOS BRASILEIROS RECEBERAM O P\u00c1LIO"},"content":{"rendered":"<p>Amanh\u00e3, 29 de junho, durante a celebra\u00e7\u00e3o da Solenidade de S\u00e3o Pedro e S\u00e3o Paulo, o Papa Francisco vai aben\u00e7oar, como de costume, o P\u00e1lio entregue aos arcebispos nomeados nos \u00faltimos doze meses. A celebra\u00e7\u00e3o ocorre&nbsp;na bas\u00edlica de S\u00e3o Pedro, a partir de 7h30, no hor\u00e1rio de Roma (2h30 no hor\u00e1rio de Bras\u00edlia).<\/p>\n<p>Trinta e dois arcebispos receber\u00e3o o P\u00e1lio aben\u00e7oado pelo Papa. Do Brasil, recebem a ins\u00edgnia os arcebispos de Montes Claros (MG), dom Jos\u00e9 Carlos Souza Campos; de Teresina (PI), dom Juarez Sousa da Silva; e de Olinda e Recife (PE), dom Paulo Jackson N\u00f3brega de Sousa, segundo vice-presidente da Confer\u00eancia Nacional dos Bispos do Brasil (CNBB). Os dois primeiros est\u00e3o no Vaticano para participar da celebra\u00e7\u00e3o.<\/p>\n<p><img loading=\"lazy\" decoding=\"async\" src=\"https:\/\/www.vatican.va\/content\/dam\/francesco\/images\/omelie2021\/pietroepaolo20giugno2021\/1624957567714.JPG\/_jcr_content\/renditions\/cq5dam.web.800.800.jpeg\" alt=\"\" width=\"800\" height=\"533\">Palio arquiepiscopal \u00e9 entregue aos arcebispos | Foto: Vatican Media<\/p>\n<h3>P\u00e1lio<\/h3>\n<p>O p\u00e1lio \u2013 derivado do latim&nbsp;<i>pallium<\/i>, manto de l\u00e3 \u2013 \u00e9 uma vestimenta lit\u00fargica usada na Igreja Cat\u00f3lica, consistindo de uma faixa de pano de l\u00e3 branca que \u00e9 colocada sobre ombros dos arcebispos.&nbsp;Essa faixa estreita de tecido, com cerca de cinco cent\u00edmetros de largura, \u00e9 curvada no meio para poder repousar sobre os ombros acima da casula e com duas abas pretas penduradas na frente e atr\u00e1s, de modo que \u2013 visto tanto na frente quanto atr\u00e1s \u2013 a vestimenta lembra a letra \u201cY\u201d.<\/p>\n<p>Este pano representa a ovelha que o pastor carrega nos ombros, assim como fez Cristo com a ovelha perdida. Desta forma, o p\u00e1lio \u00e9 considerado o s\u00edmbolo da miss\u00e3o pastoral do bispo. O p\u00e1lio \u00e9 tamb\u00e9m a prerrogativa dos arcebispos metropolitanos, como s\u00edmbolo de jurisdi\u00e7\u00e3o em comunh\u00e3o com a Santa S\u00e9.<\/p>\n<p>Tamb\u00e9m considerado sinal de obedi\u00eancia ao Papa, \u00e9 sinal de comunh\u00e3o com a S\u00e9 romana. Significa a autoridade que o metropolita, em comunh\u00e3o com a igreja de Roma, vem legitimamente investido na sua prov\u00edncia.<\/p>\n<p>O tecido \u00e9 feito da l\u00e3 retirada de dois cordeiros j\u00e1 reservados no ano anterior e criados pelos monges trapistas da Abadia de&nbsp;<i>Tre Fontane<\/i>, em Roma.<\/p>\n<p>\u00c9 decorado com seis cruzes negras de seda (que lembram as feridas de Cristo), uma em cada cauda e quatro na curvatura, e \u00e9 cortado na frente e atr\u00e1s, com tr\u00eas alfinetes de gema aciculada em forma de alfinete.<\/p>\n<pre>Com informa\u00e7\u00f5es de Vatican News<\/pre>\n","protected":false},"excerpt":{"rendered":"<p>Amanh\u00e3, 29 de junho, durante a celebra\u00e7\u00e3o da Solenidade de S\u00e3o Pedro e S\u00e3o Paulo, o Papa Francisco vai aben\u00e7oar, como de costume, o P\u00e1lio entregue aos arcebispos nomeados nos \u00faltimos doze meses. A celebra\u00e7\u00e3o ocorre&nbsp;na bas\u00edlica de S\u00e3o Pedro, a partir de 7h30, no hor\u00e1rio de Roma (2h30 no hor\u00e1rio de Bras\u00edlia). Trinta e&nbsp;<\/p>\n<p><a class=\"btn btn-style\" href=\"https:\/\/portalcatolico.net\/portal\/tres-arcebispos-brasileiros-receberam-o-palio\/\">Continue Reading<\/a><\/p>\n","protected":false},"author":2,"featured_media":78304,"comment_status":"open","ping_status":"open","sticky":false,"template":"","format":"standard","meta":{"footnotes":""},"categories":[5],"tags":[],"class_list":["post-78303","post","type-post","status-publish","format-standard","has-post-thumbnail","hentry","category-igreja_no_mundo"],"_links":{"self":[{"href":"https:\/\/portalcatolico.net\/portal\/wp-json\/wp\/v2\/posts\/78303","targetHints":{"allow":["GET"]}}],"collection":[{"href":"https:\/\/portalcatolico.net\/portal\/wp-json\/wp\/v2\/posts"}],"about":[{"href":"https:\/\/portalcatolico.net\/portal\/wp-json\/wp\/v2\/types\/post"}],"author":[{"embeddable":true,"href":"https:\/\/portalcatolico.net\/portal\/wp-json\/wp\/v2\/users\/2"}],"replies":[{"embeddable":true,"href":"https:\/\/portalcatolico.net\/portal\/wp-json\/wp\/v2\/comments?post=78303"}],"version-history":[{"count":1,"href":"https:\/\/portalcatolico.net\/portal\/wp-json\/wp\/v2\/posts\/78303\/revisions"}],"predecessor-version":[{"id":78305,"href":"https:\/\/portalcatolico.net\/portal\/wp-json\/wp\/v2\/posts\/78303\/revisions\/78305"}],"wp:featuredmedia":[{"embeddable":true,"href":"https:\/\/portalcatolico.net\/portal\/wp-json\/wp\/v2\/media\/78304"}],"wp:attachment":[{"href":"https:\/\/portalcatolico.net\/portal\/wp-json\/wp\/v2\/media?parent=78303"}],"wp:term":[{"taxonomy":"category","embeddable":true,"href":"https:\/\/portalcatolico.net\/portal\/wp-json\/wp\/v2\/categories?post=78303"},{"taxonomy":"post_tag","embeddable":true,"href":"https:\/\/portalcatolico.net\/portal\/wp-json\/wp\/v2\/tags?post=78303"}],"curies":[{"name":"wp","href":"https:\/\/api.w.org\/{rel}","templated":true}]}}