{"id":78298,"date":"2023-06-28T22:45:00","date_gmt":"2023-06-29T01:45:00","guid":{"rendered":"http:\/\/portalcatolico.net\/portal\/?p=78298"},"modified":"2023-06-29T13:41:04","modified_gmt":"2023-06-29T16:41:04","slug":"restos-mortais-de-dom-ceslau-stanula-chegarao-em-itabuna-para-sepultamento-na-catedral","status":"publish","type":"post","link":"https:\/\/portalcatolico.net\/portal\/restos-mortais-de-dom-ceslau-stanula-chegarao-em-itabuna-para-sepultamento-na-catedral\/","title":{"rendered":"Restos mortais de Dom Ceslau Stanula chegar\u00e3o em Itabuna para sepultamento na Catedral"},"content":{"rendered":"<p>A comunidade cat\u00f3lica da Diocese de Itabuna, no Sul da Bahia, est\u00e1 mobilizada e se organizando para acolher na pr\u00f3xima ter\u00e7a-feira, dia 4 de julho, a urna funer\u00e1ria com os restos mortais do bispo em\u00e9rito Dom Ceslau Stanula que ser\u00e3o sepultados em definitivo na Capela Lateral da Catedral Diocesana de S\u00e3o Jos\u00e9. O evento tem a expectativa de reunir milhares de fi\u00e9is das 33 par\u00f3quias e 03 quase-par\u00f3quias da Diocese, incluindo as 19 cidades que integram a Igreja local, al\u00e9m de todo o clero diocesano, religiosos Redentoristas da Bahia, bispos e padres de outras dioceses.<\/p>\n<p>De acordo com a programa\u00e7\u00e3o divulgada pela C\u00faria Diocesana e a Par\u00f3quia Catedral de S\u00e3o Jos\u00e9, a urna funer\u00e1ria que conduzir\u00e1 os restos mortais de Dom Ceslau, chegar\u00e1 \u00e0s 9h em Itabuna, nas imedia\u00e7\u00f5es do Viaduto Paulo Souto, na rodovia BR-101, no Bairro Lomanto J\u00fanior. No local, ser\u00e1 acomodada em viatura do Corpo de Bombeiros,&nbsp; para sair em carreata por algumas ruas e avenidas da cidade. O cortejo ser\u00e1 conclu\u00eddo na Catedral, localizada na Pra\u00e7a Laura Concei\u00e7\u00e3o.<\/p>\n<p>\u00c0s 10 horas, ter\u00e1 in\u00edcio a visita\u00e7\u00e3o p\u00fablica \u00e0 urna funer\u00e1ria. \u00c0s 16 horas, acontecer\u00e3o o vel\u00f3rio e a Solene Concelebra\u00e7\u00e3o Eucar\u00edstica das Ex\u00e9quias de Dom Ceslau, presidida pelo atual bispo diocesano Dom Carlos Alberto dos Santos e concelebrada por bispos e dezenas de padres do clero itabunense.&nbsp; A missa contar\u00e1 com a participa\u00e7\u00e3o do prefeito de Itabuna, Augusto Castro, e autoridades locais. Ap\u00f3s a celebra\u00e7\u00e3o, os restos mortais do bispo Stanula ser\u00e3o sepultados na Capela Lateral, \u00e0 esquerda da nave central da Catedral de S\u00e3o Jos\u00e9.<\/p>\n<p>Residindo em Salvador desde o ano de 2017, ap\u00f3s deixar o governo pastoral da Diocese de Itabuna, Dom Ceslau faleceu tr\u00eas anos depois, no dia 14 de maio de 2020 , em consequ\u00eancia de complica\u00e7\u00f5es causadas pelo v\u00edrus da Chikungunya, sendo sepultado no Cemit\u00e9rio Jardim da Saudade, na capital baiana. Os restos mortais do prelado ser\u00e3o exumados nesta sexta-feira, dia 30 para a prepara\u00e7\u00e3o do traslado.<\/p>\n<p>Segundo explicou o bispo Dom Carlos Alberto dos Santos, em consenso com superiores da Congrega\u00e7\u00e3o do Sant\u00edssimo Redentor (Redentoristas) da Bahia, da qual o bispo era confrade, foi decidido que tais rel\u00edquias seriam entregues \u00e0 Diocese de Itabuna para serem sepultadas em definitivo na Catedral de S\u00e3o Jos\u00e9, onde Ceslau Stanula foi titular como o 4\u00ba bispo diocesano por 20 anos (1997-2017).<\/p>\n","protected":false},"excerpt":{"rendered":"<p>A comunidade cat\u00f3lica da Diocese de Itabuna, no Sul da Bahia, est\u00e1 mobilizada e se organizando para acolher na pr\u00f3xima ter\u00e7a-feira, dia 4 de julho, a urna funer\u00e1ria com os restos mortais do bispo em\u00e9rito Dom Ceslau Stanula que ser\u00e3o sepultados em definitivo na Capela Lateral da Catedral Diocesana de S\u00e3o Jos\u00e9. O evento tem&nbsp;<\/p>\n<p><a class=\"btn btn-style\" href=\"https:\/\/portalcatolico.net\/portal\/restos-mortais-de-dom-ceslau-stanula-chegarao-em-itabuna-para-sepultamento-na-catedral\/\">Continue Reading<\/a><\/p>\n","protected":false},"author":2,"featured_media":69293,"comment_status":"open","ping_status":"open","sticky":false,"template":"","format":"standard","meta":{"footnotes":""},"categories":[4],"tags":[],"class_list":["post-78298","post","type-post","status-publish","format-standard","has-post-thumbnail","hentry","category-destaques"],"_links":{"self":[{"href":"https:\/\/portalcatolico.net\/portal\/wp-json\/wp\/v2\/posts\/78298","targetHints":{"allow":["GET"]}}],"collection":[{"href":"https:\/\/portalcatolico.net\/portal\/wp-json\/wp\/v2\/posts"}],"about":[{"href":"https:\/\/portalcatolico.net\/portal\/wp-json\/wp\/v2\/types\/post"}],"author":[{"embeddable":true,"href":"https:\/\/portalcatolico.net\/portal\/wp-json\/wp\/v2\/users\/2"}],"replies":[{"embeddable":true,"href":"https:\/\/portalcatolico.net\/portal\/wp-json\/wp\/v2\/comments?post=78298"}],"version-history":[{"count":4,"href":"https:\/\/portalcatolico.net\/portal\/wp-json\/wp\/v2\/posts\/78298\/revisions"}],"predecessor-version":[{"id":78302,"href":"https:\/\/portalcatolico.net\/portal\/wp-json\/wp\/v2\/posts\/78298\/revisions\/78302"}],"wp:featuredmedia":[{"embeddable":true,"href":"https:\/\/portalcatolico.net\/portal\/wp-json\/wp\/v2\/media\/69293"}],"wp:attachment":[{"href":"https:\/\/portalcatolico.net\/portal\/wp-json\/wp\/v2\/media?parent=78298"}],"wp:term":[{"taxonomy":"category","embeddable":true,"href":"https:\/\/portalcatolico.net\/portal\/wp-json\/wp\/v2\/categories?post=78298"},{"taxonomy":"post_tag","embeddable":true,"href":"https:\/\/portalcatolico.net\/portal\/wp-json\/wp\/v2\/tags?post=78298"}],"curies":[{"name":"wp","href":"https:\/\/api.w.org\/{rel}","templated":true}]}}