{"id":78295,"date":"2023-06-28T22:41:41","date_gmt":"2023-06-29T01:41:41","guid":{"rendered":"http:\/\/portalcatolico.net\/portal\/?p=78295"},"modified":"2023-06-28T22:42:49","modified_gmt":"2023-06-29T01:42:49","slug":"paroquia-sao-pedro-contara-com-programacao-especial-na-festa-do-padroeiro-dos-pescadores-e-das-viuvas","status":"publish","type":"post","link":"https:\/\/portalcatolico.net\/portal\/paroquia-sao-pedro-contara-com-programacao-especial-na-festa-do-padroeiro-dos-pescadores-e-das-viuvas\/","title":{"rendered":"Par\u00f3quia S\u00e3o Pedro contar\u00e1 com programa\u00e7\u00e3o especial na festa do padroeiro dos pescadores e das vi\u00favas"},"content":{"rendered":"<p>S\u00e3o Pedro, primeiro Papa da Igreja Cat\u00f3lica, que tamb\u00e9m \u00e9 padroeiro das vi\u00favas, dos pescadores e dos comerciantes, recebe homenagens de devotos em Salvador, nesta quinta-feira, 29 de junho. No centro da capital baiana, a par\u00f3quia a ele dedicada preparou uma programa\u00e7\u00e3o especial com Missas que ser\u00e3o celebradas ao longo de todo o dia: \u00e0s 7h, \u00e0s 8h, \u00e0s 9h, \u00e0s 10h, \u00e0s 12h e \u00e0s 14h30. \u00c0s 15h30 acontecer\u00e1 a prociss\u00e3o com a imagem do santo, saindo e retornando para o templo, com o percurso que passar\u00e1 pela Rua Direita da Piedade, Politeama de Cima e Avenida Sete de Setembro. O \u00e1pice das homenagens a S\u00e3o Pedro ser\u00e1 a Missa Solene, \u00e0s 16h30, presidida pelo Arcebispo de S\u00e3o Salvador da Bahia e Primaz do Brasil, Cardeal Dom Sergio da Rocha.<\/p>\n<p><strong>Sobre a Solenidade dos Ap\u00f3stolos Pedro e Paulo<\/strong><\/p>\n<p>Embora a Par\u00f3quia S\u00e3o Pedro, em Salvador, homenageie o padroeiro no dia 29 de junho, liturgicamente, no Brasil, quando uma Solenidade corresponde a um dia entre segunda-feira e s\u00e1bado, a Igreja a transfere para o domingo seguinte, como acontece este ano com a Solenidade dos Ap\u00f3stolos Pedro e Paulo, conhecidos como \u201cColunas da Igreja\u201d. \u00c9 nesta Solenidade que a Igreja celebra o \u201cDia do Papa\u201d e convoca todo o Povo de Deus a rezar, com mais fervor, pelo sucessor de Pedro, bispo de Roma, que ajuda a tornar o Reino de Deus mais conhecido e amado em todo o mundo. Assim, no dia 2 de julho, \u00e0s 8h, na Catedral Bas\u00edlica do Sant\u00edssimo Salvador, o Arcebispo de S\u00e3o Salvador da Bahia e Primaz do Brasil, Cardeal Dom Sergio da Rocha, presidir\u00e1 a Santa Missa Solene.<\/p>\n<p><strong>Sobre os Ap\u00f3stolos<\/strong><\/p>\n<p>S\u00e3o Pedro e S\u00e3o Paulo s\u00e3o considerados \u201cos cabe\u00e7as dos ap\u00f3stolos\u201d por terem sido os principais l\u00edderes da Igreja Crist\u00e3 Primitiva, tanto por sua f\u00e9 e prega\u00e7\u00e3o, como pelo ardor e zelo mission\u00e1rios.<\/p>\n<p><strong><u>S\u00e3o Pedro<\/u><\/strong><\/p>\n<p>Natural de Betsaida, S\u00e3o Pedro era pescador e foi chamado pelo pr\u00f3prio Jesus para fazer parte do grupo formado pelos doze ap\u00f3stolos. Deixando tudo, seguiu o Mestre, estando presente nos momentos mais importantes da vida do Senhor, que lhe deu o nome de Pedro, que significa pedra, rocha.<\/p>\n<p>Um homem simples e impulsivo. Falou, muitas vezes, em nome dos ap\u00f3stolos e n\u00e3o hesitou em pedir a Jesus explica\u00e7\u00f5es e esclarecimentos sobre Sua prega\u00e7\u00e3o. Em princ\u00edpio, fraco na f\u00e9, chegou a negar Jesus durante o processo que culminaria em Sua morte por crucifix\u00e3o. O pr\u00f3prio Senhor o confirmou na f\u00e9 ap\u00f3s Sua ressurrei\u00e7\u00e3o (da qual o ap\u00f3stolo foi testemunha), tornando-o intr\u00e9pido pregador do Evangelho atrav\u00e9s da descida do Esp\u00edrito Santo de Deus, no Dia de Pentecostes, o que o tornou l\u00edder da primeira comunidade.<\/p>\n<p>S\u00e3o Pedro \u00e9 o ap\u00f3stolo que Jesus Cristo escolheu e investiu da dignidade de ser o primeiro Papa da Igreja. \u201cE eu te digo: Tu \u00e9s pedra e sobre esta pedra edificarei a minha igreja, e as portas do inferno n\u00e3o prevalecer\u00e3o contra ela. E eu te darei as chaves do reino dos c\u00e9us; e tudo o que ligares sobre a terra, ser\u00e1 ligado tamb\u00e9m nos c\u00e9us\u201d.<\/p>\n<p>S\u00e3o Pedro \u00e9 o pastor do rebanho santo, \u00e9 na sua pessoa e nos seus sucessores que temos o sinal vis\u00edvel da unidade e da comunh\u00e3o na f\u00e9 e na caridade.<\/p>\n<p><strong><u>S\u00e3o Paulo<\/u><\/strong><\/p>\n<p>Saulo era natural de Tarso. Recebeu educa\u00e7\u00e3o esmerada \u201caos p\u00e9s de Gamaliel\u201d, um dos grandes mestres da Lei na \u00e9poca. Tornou-se fariseu zeloso, a ponto de perseguir e aprisionar os crist\u00e3os, sendo respons\u00e1vel pela morte de muitos deles. Converteu-se \u00e0 f\u00e9 crist\u00e3, enquanto perseguia os crist\u00e3os, no caminho de Damasco, quando o pr\u00f3prio Senhor Ressuscitado lhe apareceu e o chamou para o apostolado: &nbsp;\u201cSaulo, Saulo, por que voc\u00ea me persegue?\u201d. Recebeu o batismo do Esp\u00edrito Santo e preparou-se para o minist\u00e9rio.<\/p>\n<p>Desde ent\u00e3o, converteu-se e come\u00e7ou a pregar o Cristianismo, viajando pelo mundo, pregando o evangelho de Jesus Cristo e o mist\u00e9rio de sua paix\u00e3o, morte e ressurrei\u00e7\u00e3o. De perseguidor passou a perseguido, sofreu muito pela f\u00e9 e foi coroado com o mart\u00edrio, sofrendo morte por decapita\u00e7\u00e3o. Escreveu 13 Ep\u00edstolas e ficou conhecido como o \u201cAp\u00f3stolo dos Gentios\u201d. (Arquidiocese de Salvador)<\/p>\n","protected":false},"excerpt":{"rendered":"<p>S\u00e3o Pedro, primeiro Papa da Igreja Cat\u00f3lica, que tamb\u00e9m \u00e9 padroeiro das vi\u00favas, dos pescadores e dos comerciantes, recebe homenagens de devotos em Salvador, nesta quinta-feira, 29 de junho. No centro da capital baiana, a par\u00f3quia a ele dedicada preparou uma programa\u00e7\u00e3o especial com Missas que ser\u00e3o celebradas ao longo de todo o dia: \u00e0s&nbsp;<\/p>\n<p><a class=\"btn btn-style\" href=\"https:\/\/portalcatolico.net\/portal\/paroquia-sao-pedro-contara-com-programacao-especial-na-festa-do-padroeiro-dos-pescadores-e-das-viuvas\/\">Continue Reading<\/a><\/p>\n","protected":false},"author":2,"featured_media":78296,"comment_status":"open","ping_status":"open","sticky":false,"template":"","format":"standard","meta":{"footnotes":""},"categories":[4],"tags":[],"class_list":["post-78295","post","type-post","status-publish","format-standard","has-post-thumbnail","hentry","category-destaques"],"_links":{"self":[{"href":"https:\/\/portalcatolico.net\/portal\/wp-json\/wp\/v2\/posts\/78295","targetHints":{"allow":["GET"]}}],"collection":[{"href":"https:\/\/portalcatolico.net\/portal\/wp-json\/wp\/v2\/posts"}],"about":[{"href":"https:\/\/portalcatolico.net\/portal\/wp-json\/wp\/v2\/types\/post"}],"author":[{"embeddable":true,"href":"https:\/\/portalcatolico.net\/portal\/wp-json\/wp\/v2\/users\/2"}],"replies":[{"embeddable":true,"href":"https:\/\/portalcatolico.net\/portal\/wp-json\/wp\/v2\/comments?post=78295"}],"version-history":[{"count":1,"href":"https:\/\/portalcatolico.net\/portal\/wp-json\/wp\/v2\/posts\/78295\/revisions"}],"predecessor-version":[{"id":78297,"href":"https:\/\/portalcatolico.net\/portal\/wp-json\/wp\/v2\/posts\/78295\/revisions\/78297"}],"wp:featuredmedia":[{"embeddable":true,"href":"https:\/\/portalcatolico.net\/portal\/wp-json\/wp\/v2\/media\/78296"}],"wp:attachment":[{"href":"https:\/\/portalcatolico.net\/portal\/wp-json\/wp\/v2\/media?parent=78295"}],"wp:term":[{"taxonomy":"category","embeddable":true,"href":"https:\/\/portalcatolico.net\/portal\/wp-json\/wp\/v2\/categories?post=78295"},{"taxonomy":"post_tag","embeddable":true,"href":"https:\/\/portalcatolico.net\/portal\/wp-json\/wp\/v2\/tags?post=78295"}],"curies":[{"name":"wp","href":"https:\/\/api.w.org\/{rel}","templated":true}]}}