{"id":78054,"date":"2023-05-23T21:41:37","date_gmt":"2023-05-24T00:41:37","guid":{"rendered":"http:\/\/portalcatolico.net\/portal\/?p=78054"},"modified":"2023-05-23T21:41:37","modified_gmt":"2023-05-24T00:41:37","slug":"jovens-do-brasil-que-retratam-a-amazonia-em-espetaculo-encontram-o-papa-amanha","status":"publish","type":"post","link":"https:\/\/portalcatolico.net\/portal\/jovens-do-brasil-que-retratam-a-amazonia-em-espetaculo-encontram-o-papa-amanha\/","title":{"rendered":"Jovens do Brasil que retratam a Amaz\u00f4nia em espet\u00e1culo encontram o Papa amanh\u00e3"},"content":{"rendered":"<div class=\"article__subTitle\">Provenientes de um bairro pobre da Para\u00edba e interpretando os costumes da Amaz\u00f4nia Brasileira, um grupo de 21 jovens est\u00e1 em turn\u00ea pela Europa para apresentar o espet\u00e1culo de dan\u00e7a e capoeira que leva o nome de: &#8220;Laudato si&#8217;. O Espa\u00e7o da Vida na Terra&#8221;. O encontro com o Papa \u00e9 esperado para esta quarta (24), por ocasi\u00e3o da Audi\u00eancia Geral na Pra\u00e7a S\u00e3o Pedro.<\/div>\n<div>&nbsp;<\/div>\n<div class=\"title__separator\">\n<p>O grupo de 21 jovens, provenientes do bairro carente de Marcos Moura, da cidade de Santa Rita, na Para\u00edba, j\u00e1 est\u00e1 em Roma onde nesta quarta-feira (24) vai encontrar o Papa Francisco por ocasi\u00e3o da Audi\u00eancia Geral na Pra\u00e7a S\u00e3o Pedro. Eles d\u00e3o vida a um espet\u00e1culo de dan\u00e7a e capoeira em defesa da Amaz\u00f4nia e para divulgar a ecologia integral que leva o nome de: &#8220;Laudato si&#8217;. O Espa\u00e7o da Vida na Terra&#8221;.<\/p>\n<p>Uma ponte entre os afrobrasileiros de Marcos Moura e dos ind\u00edgenas da Amaz\u00f4nia feita por Rodrigo Baima, professor de dan\u00e7a, core\u00f3grafo e idealizador do espet\u00e1culo que durou quase 2 anos para ser conclu\u00eddo entre viagens e pesquisas, sele\u00e7\u00f5es e ensaios. Um per\u00edodo de forma\u00e7\u00e3o ecol\u00f3gica junto aos povos ind\u00edgenas ganhou inclusive colabora\u00e7\u00e3o do Dicast\u00e9rio para o Desenvolvimento Humano Integral da Santa S\u00e9.<\/p>\n<p>O projeto de grande impacto social \u00e9 dividido em etapas: come\u00e7ou no Brasil, com apresenta\u00e7\u00f5es em S\u00e3o Paulo, at\u00e9 chegar na Europa na semana passada. O grupo j\u00e1 fez show em Roma, na Par\u00f3quia de S\u00e3o Pio X na \u00faltima sexta (19); e em Cannes, na Fran\u00e7a, no domingo (21); para em seguida encontrar o Papa, no Vaticano, e partir para um giro no norte da It\u00e1lia at\u00e9 in\u00edcio de junho (Predazzo, Trento, Pordenone e Montebelluna).<\/p>\n<div class=\"article__text\">\n<h2>O programa no Vaticano<\/h2>\n<p>Nesta quarta-feira, 24 de maio,&nbsp;<b>de anivers\u00e1rio de 8 anos da publica\u00e7\u00e3o da Enc\u00edclica Laudato si&#8217; do Papa Francisco<\/b>, os jovens devem participar da Audi\u00eancia Geral acompanhados do Pe. Joshtrom Isaac Kureethadam, coordenador da Se\u00e7\u00e3o &#8220;Ecologia e Cria\u00e7\u00e3o&#8221; do Dicast\u00e9rio para o Servi\u00e7o do Desenvolvimento Humano Integral. Depois, eles se dirigem ao Colunato da Pra\u00e7a S\u00e3o Pedro (\u00e0 esquerda) que sedia a mostra&nbsp;<i>Women&#8217;s Cry<\/i>&nbsp;(Choro das Mulheres) e onde ir\u00e3o dan\u00e7ar em maio \u00e0s fotografias para homenagear as mulheres do mundo.<\/p>\n<p>Uma das tr\u00eas imagens brasileiras da exposi\u00e7\u00e3o &#8211; que conta com um total de 26 fotos, produzidas por equipes internacionais &#8211; retrata justamente cinco meninas do grupo enquanto dan\u00e7am na favela onde vivem, na Para\u00edba. Al\u00e9m disso, o cocar azul de uma mulher ind\u00edgena retratada em outra foto da Amaz\u00f4nia ser\u00e1 presenteado ao Papa Francisco nesta quarta (24) como voz das mulheres das florestas tropicais.<img loading=\"lazy\" decoding=\"async\" class=\"alignnone  wp-image-78055\" src=\"http:\/\/portalcatolico.net\/portal\/wp-content\/uploads\/2023\/05\/lisboa1-300x169.jpeg\" alt=\"\" width=\"820\" height=\"462\" srcset=\"https:\/\/portalcatolico.net\/portal\/wp-content\/uploads\/2023\/05\/lisboa1-300x169.jpeg 300w, https:\/\/portalcatolico.net\/portal\/wp-content\/uploads\/2023\/05\/lisboa1.jpeg 750w\" sizes=\"auto, (max-width: 820px) 100vw, 820px\" \/><\/p>\n<div>\n<div class=\"article__embed article__embed--unwrap article__embed--photo\">\n<figure><picture><source srcset=\"\/content\/dam\/vaticannews\/multimedia\/2023\/05\/23\/The-Team--rsz.jpeg\/_jcr_content\/renditions\/cq5dam.thumbnail.cropped.1500.844.jpeg 2x, \/content\/dam\/vaticannews\/multimedia\/2023\/05\/23\/The-Team--rsz.jpeg\/_jcr_content\/renditions\/cq5dam.thumbnail.cropped.750.422.jpeg 1x\" media=\"(min-width: 1024px)\" data-original-set=\"\/content\/dam\/vaticannews\/multimedia\/2023\/05\/23\/The-Team--rsz.jpeg\/_jcr_content\/renditions\/cq5dam.thumbnail.cropped.1500.844.jpeg 2x, \/content\/dam\/vaticannews\/multimedia\/2023\/05\/23\/The-Team--rsz.jpeg\/_jcr_content\/renditions\/cq5dam.thumbnail.cropped.750.422.jpeg 1x\"><source srcset=\"\/content\/dam\/vaticannews\/multimedia\/2023\/05\/23\/The-Team--rsz.jpeg\/_jcr_content\/renditions\/cq5dam.thumbnail.cropped.1000.563.jpeg 2x, \/content\/dam\/vaticannews\/multimedia\/2023\/05\/23\/The-Team--rsz.jpeg\/_jcr_content\/renditions\/cq5dam.thumbnail.cropped.500.281.jpeg 1x\" media=\"(min-width: 768px)\" data-original-set=\"\/content\/dam\/vaticannews\/multimedia\/2023\/05\/23\/The-Team--rsz.jpeg\/_jcr_content\/renditions\/cq5dam.thumbnail.cropped.1000.563.jpeg 2x, \/content\/dam\/vaticannews\/multimedia\/2023\/05\/23\/The-Team--rsz.jpeg\/_jcr_content\/renditions\/cq5dam.thumbnail.cropped.500.281.jpeg 1x\"><source srcset=\"\/content\/dam\/vaticannews\/multimedia\/2023\/05\/23\/The-Team--rsz.jpeg\/_jcr_content\/renditions\/cq5dam.thumbnail.cropped.500.281.jpeg\" data-original-set=\"\/content\/dam\/vaticannews\/multimedia\/2023\/05\/23\/The-Team--rsz.jpeg\/_jcr_content\/renditions\/cq5dam.thumbnail.cropped.500.281.jpeg\"><\/picture><\/figure>\n<div class=\"photo_embed--Title\">Lia Beltrami (agachada) na produ\u00e7\u00e3o do filme<\/div>\n<\/div>\n<\/div>\n<h2>Do espet\u00e1culo ao filme<\/h2>\n<p>Paralelamente \u00e0 exposi\u00e7\u00e3o de fotos no Vaticano e \u00e0 turn\u00ea na Europa, uma trupe est\u00e1 acompanhando os jovens para fazer imagens e produzir um filme sobre essa hist\u00f3ria. O&nbsp;document\u00e1rio em pr\u00e9-produ\u00e7\u00e3o j\u00e1 tem nome: &#8220;Amazonia. The Space of Life on Earth&#8221;, dirigido por Lia Beltrami que tem como protagonista o pr\u00f3prio Rodrigo Baima, com a sua hist\u00f3ria de vida a partir dos desafios de uma favela, do encontro com a j\u00e1 falecida Irm\u00e3 Antonietta Defrancesco (fundadora do CEFEC, o centro socioeducativo do Bairro Marcos Moura que j\u00e1 ajudou mais de 3 mil crian\u00e7as) at\u00e9 a cria\u00e7\u00e3o do espet\u00e1culo em prol do meio ambiente.<\/p>\n<p>O filme, que ser\u00e1 lan\u00e7ado em 2024, foi apresentado pela diretora italiana na noite do&nbsp;<i>Gran Gala<\/i>&nbsp;no Hotel Carlton, no cora\u00e7\u00e3o do&nbsp;<i>Festival de Cinema de Cannes<\/i>. Os jovens tamb\u00e9m fizeram o seu espet\u00e1culo de dan\u00e7a e capoeira em meio \u00e0s mesas dos presentes, liderados pelo core\u00f3grafo Rodrigo. A cerim\u00f4nia de gala tamb\u00e9m contou com a presen\u00e7a da ministra dos Povos Ind\u00edgenas do Brasil, S\u00f4nia Guajajara, e personalidades como o ator Leonardo Di Caprio e a cantora italiana Arisa, entre outras refer\u00eancias mundiais comprometidas com a ecologia.&nbsp;<\/p>\n<\/div>\n<div class=\"article__embed article__embed--out article__embed--dark article__embed--photogallery\">\n<div class=\"embed-gallery flickity-enabled is-draggable\" tabindex=\"0\" data-pswp-uid=\"1\"><img loading=\"lazy\" decoding=\"async\" class=\"alignnone  wp-image-78056\" src=\"http:\/\/portalcatolico.net\/portal\/wp-content\/uploads\/2023\/05\/lisboa-2-300x169.jpeg\" alt=\"\" width=\"834\" height=\"470\" srcset=\"https:\/\/portalcatolico.net\/portal\/wp-content\/uploads\/2023\/05\/lisboa-2-300x169.jpeg 300w, https:\/\/portalcatolico.net\/portal\/wp-content\/uploads\/2023\/05\/lisboa-2.jpeg 750w\" sizes=\"auto, (max-width: 834px) 100vw, 834px\" \/><\/div>\n<div class=\"article__innerTitle\">Os brasileiros no Festival de Cannes, na Fran\u00e7a<\/div>\n<\/div>\n<div id=\"banner-donazioni\" class=\"article_banner\">&nbsp;<\/div>\n<\/div>\n<div class=\"article__text\">\n<p><b>Por Andressa Collet &#8211; Vatican News<\/b><\/p>\n<\/div>\n","protected":false},"excerpt":{"rendered":"<p>Provenientes de um bairro pobre da Para\u00edba e interpretando os costumes da Amaz\u00f4nia Brasileira, um grupo de 21 jovens est\u00e1 em turn\u00ea pela Europa para apresentar o espet\u00e1culo de dan\u00e7a e capoeira que leva o nome de: &#8220;Laudato si&#8217;. O Espa\u00e7o da Vida na Terra&#8221;. O encontro com o Papa \u00e9 esperado para esta quarta&nbsp;<\/p>\n<p><a class=\"btn btn-style\" href=\"https:\/\/portalcatolico.net\/portal\/jovens-do-brasil-que-retratam-a-amazonia-em-espetaculo-encontram-o-papa-amanha\/\">Continue Reading<\/a><\/p>\n","protected":false},"author":2,"featured_media":78057,"comment_status":"open","ping_status":"open","sticky":false,"template":"","format":"standard","meta":{"footnotes":""},"categories":[5],"tags":[],"class_list":["post-78054","post","type-post","status-publish","format-standard","has-post-thumbnail","hentry","category-igreja_no_mundo"],"_links":{"self":[{"href":"https:\/\/portalcatolico.net\/portal\/wp-json\/wp\/v2\/posts\/78054","targetHints":{"allow":["GET"]}}],"collection":[{"href":"https:\/\/portalcatolico.net\/portal\/wp-json\/wp\/v2\/posts"}],"about":[{"href":"https:\/\/portalcatolico.net\/portal\/wp-json\/wp\/v2\/types\/post"}],"author":[{"embeddable":true,"href":"https:\/\/portalcatolico.net\/portal\/wp-json\/wp\/v2\/users\/2"}],"replies":[{"embeddable":true,"href":"https:\/\/portalcatolico.net\/portal\/wp-json\/wp\/v2\/comments?post=78054"}],"version-history":[{"count":1,"href":"https:\/\/portalcatolico.net\/portal\/wp-json\/wp\/v2\/posts\/78054\/revisions"}],"predecessor-version":[{"id":78058,"href":"https:\/\/portalcatolico.net\/portal\/wp-json\/wp\/v2\/posts\/78054\/revisions\/78058"}],"wp:featuredmedia":[{"embeddable":true,"href":"https:\/\/portalcatolico.net\/portal\/wp-json\/wp\/v2\/media\/78057"}],"wp:attachment":[{"href":"https:\/\/portalcatolico.net\/portal\/wp-json\/wp\/v2\/media?parent=78054"}],"wp:term":[{"taxonomy":"category","embeddable":true,"href":"https:\/\/portalcatolico.net\/portal\/wp-json\/wp\/v2\/categories?post=78054"},{"taxonomy":"post_tag","embeddable":true,"href":"https:\/\/portalcatolico.net\/portal\/wp-json\/wp\/v2\/tags?post=78054"}],"curies":[{"name":"wp","href":"https:\/\/api.w.org\/{rel}","templated":true}]}}