{"id":78048,"date":"2023-05-21T22:06:32","date_gmt":"2023-05-22T01:06:32","guid":{"rendered":"http:\/\/portalcatolico.net\/portal\/?p=78048"},"modified":"2023-05-27T18:17:29","modified_gmt":"2023-05-27T21:17:29","slug":"confira-como-foi-a-assembleia-do-regional-nordeste-3","status":"publish","type":"post","link":"https:\/\/portalcatolico.net\/portal\/confira-como-foi-a-assembleia-do-regional-nordeste-3\/","title":{"rendered":"Confira como foi a  Assembleia do Regional Nordeste 3"},"content":{"rendered":"<div dir=\"auto\"><img loading=\"lazy\" decoding=\"async\" class=\"alignnone wp-image-78051\" src=\"http:\/\/portalcatolico.net\/portal\/wp-content\/uploads\/2023\/05\/Conquista-300x169.jpg\" alt=\"\" width=\"827\" height=\"466\" srcset=\"https:\/\/portalcatolico.net\/portal\/wp-content\/uploads\/2023\/05\/Conquista-300x169.jpg 300w, https:\/\/portalcatolico.net\/portal\/wp-content\/uploads\/2023\/05\/Conquista-768x432.jpg 768w, https:\/\/portalcatolico.net\/portal\/wp-content\/uploads\/2023\/05\/Conquista-1024x576.jpg 1024w, https:\/\/portalcatolico.net\/portal\/wp-content\/uploads\/2023\/05\/Conquista.jpg 1600w\" sizes=\"auto, (max-width: 827px) 100vw, 827px\" \/>Com o tema central: &#8220;Ser catequista, resposta a um chamado de amor&#8221; e o lema: &#8220;Doar a vida para ganh\u00e1-la&#8221; (Jo 12,25), aconteceu a Assembleia B\u00edblico-Catequ\u00e9tica do Regional NR3 da CNBB de Bahia e Sergipe, na Arquidiocese de Vit\u00f3ria da Conquista no sudoeste baiano na &nbsp;Sede da Legi\u00e3o de Maria, na Avenida Farroupilha, n\u00famero 507, bairro Patag\u00f4nia, ao lado do Col\u00e9gio Monte Tabor.<\/div>\n<div dir=\"auto\">A coordenadora arquidiocesana da catequese, Helenice Dantas e o Pe. Lucas da Concei\u00e7\u00e3o foram os representantes e acolheram a todos na Arquidiocese de Vit\u00f3ria da Conquista.<\/div>\n<div dir=\"auto\">Ao todo,&nbsp;foram 26 que participaram:&nbsp;6 sub regi\u00f5es no regional N3 das 23 dioceses e 3 arquidioceses.<\/div>\n<div dir=\"auto\">A Diocese de Itabuna, no sul da Bahia, foi representada pela coordenadora diocesana das catequistas: Maria Valdinete Dias dos Santos.<\/div>\n<div dir=\"auto\">A Assembleia do Regional Nordeste 3 tem como objetivo a prepara\u00e7\u00e3o dos catequistas das Arquidioceses da Bahia e Sergipe para que possam atuar na prepara\u00e7\u00e3o de crian\u00e7as, jovens e adultos para a vida crist\u00e3.<\/div>\n<p>Aconteceu a noite cultural ontem, entre outros momentos de evangeliza\u00e7\u00e3o, como a missa de envio que foi presidida pelo arcebispo de Vit\u00f3ria da Conquista, Dom Josaf\u00e1 Menezes, neste domingo, \u00e0s 10h30, e concelebrada por padres que participaram do evento.<\/p>\n<p>Fotos cedidas por: Maria Valdinete\/Diocese de itabuna(BA)<\/p>\n<p>Clicar <a href=\"https:\/\/diocesedeitabuna.com.br\/assembleia-da-dimensao-biblico-catequetica-do-regional-nordeste-3\/\"><strong>AQUI<\/strong><\/a>&nbsp; NO \u00c1lbuns de fotos<\/p>\n","protected":false},"excerpt":{"rendered":"<p>Com o tema central: &#8220;Ser catequista, resposta a um chamado de amor&#8221; e o lema: &#8220;Doar a vida para ganh\u00e1-la&#8221; (Jo 12,25), aconteceu a Assembleia B\u00edblico-Catequ\u00e9tica do Regional NR3 da CNBB de Bahia e Sergipe, na Arquidiocese de Vit\u00f3ria da Conquista no sudoeste baiano na &nbsp;Sede da Legi\u00e3o de Maria, na Avenida Farroupilha, n\u00famero 507,&nbsp;<\/p>\n<p><a class=\"btn btn-style\" href=\"https:\/\/portalcatolico.net\/portal\/confira-como-foi-a-assembleia-do-regional-nordeste-3\/\">Continue Reading<\/a><\/p>\n","protected":false},"author":2,"featured_media":78049,"comment_status":"open","ping_status":"open","sticky":false,"template":"","format":"standard","meta":{"footnotes":""},"categories":[4],"tags":[],"class_list":["post-78048","post","type-post","status-publish","format-standard","has-post-thumbnail","hentry","category-destaques"],"_links":{"self":[{"href":"https:\/\/portalcatolico.net\/portal\/wp-json\/wp\/v2\/posts\/78048","targetHints":{"allow":["GET"]}}],"collection":[{"href":"https:\/\/portalcatolico.net\/portal\/wp-json\/wp\/v2\/posts"}],"about":[{"href":"https:\/\/portalcatolico.net\/portal\/wp-json\/wp\/v2\/types\/post"}],"author":[{"embeddable":true,"href":"https:\/\/portalcatolico.net\/portal\/wp-json\/wp\/v2\/users\/2"}],"replies":[{"embeddable":true,"href":"https:\/\/portalcatolico.net\/portal\/wp-json\/wp\/v2\/comments?post=78048"}],"version-history":[{"count":4,"href":"https:\/\/portalcatolico.net\/portal\/wp-json\/wp\/v2\/posts\/78048\/revisions"}],"predecessor-version":[{"id":78108,"href":"https:\/\/portalcatolico.net\/portal\/wp-json\/wp\/v2\/posts\/78048\/revisions\/78108"}],"wp:featuredmedia":[{"embeddable":true,"href":"https:\/\/portalcatolico.net\/portal\/wp-json\/wp\/v2\/media\/78049"}],"wp:attachment":[{"href":"https:\/\/portalcatolico.net\/portal\/wp-json\/wp\/v2\/media?parent=78048"}],"wp:term":[{"taxonomy":"category","embeddable":true,"href":"https:\/\/portalcatolico.net\/portal\/wp-json\/wp\/v2\/categories?post=78048"},{"taxonomy":"post_tag","embeddable":true,"href":"https:\/\/portalcatolico.net\/portal\/wp-json\/wp\/v2\/tags?post=78048"}],"curies":[{"name":"wp","href":"https:\/\/api.w.org\/{rel}","templated":true}]}}