{"id":78043,"date":"2023-05-21T22:01:55","date_gmt":"2023-05-22T01:01:55","guid":{"rendered":"http:\/\/portalcatolico.net\/portal\/?p=78043"},"modified":"2023-05-21T22:01:55","modified_gmt":"2023-05-22T01:01:55","slug":"vitoria-1a-assembleia-do-conselho-missionario-de-seminaristas","status":"publish","type":"post","link":"https:\/\/portalcatolico.net\/portal\/vitoria-1a-assembleia-do-conselho-missionario-de-seminaristas\/","title":{"rendered":"Vit\u00f3ria: 1\u00aa Assembleia do Conselho Mission\u00e1rio de Seminaristas"},"content":{"rendered":"<div class=\"article__subTitle\">Nos dias 18 e 19 de maio aconteceu em Vit\u00f3ria, no Esp\u00edrito Santo, a primeira assembleia do COMISE (Conselho Mission\u00e1rio de Seminaristas) do regional da CNBB Leste 3. Pe. Ant\u00f4nio Niemiec, secret\u00e1rio da Pontif\u00edcia Uni\u00e3o Mission\u00e1ria e assessor nacional dos COMISEs, realizou a assessoria da Assembleia, que elegeu seu representantes para a regi\u00e3o.<\/div>\n<div>\n<p>A primeira Assembleia dos Conselho Mission\u00e1rio de Seminarista do Esp\u00edrito Santo teve lugar em Vit\u00f3ria, nos dias 18 e 19 de maio. O objetivo do encontro foi consolidar a caminhada mission\u00e1ria dos seminaristas atrav\u00e9s da organiza\u00e7\u00e3o do COMISE conforme o seu regimento e tra\u00e7ar um plano de a\u00e7\u00e3o conjunta em vista da miss\u00e3o.<\/p>\n<p>Entre os presentes, cerca de 60 pessoas, estavam bispos, padres, formadores e seminaristas das diversas etapas de forma\u00e7\u00e3o, incluindo formandos religiosos. Os participantes discutiram sobre as tem\u00e1ticas do Ano Vocacional e do 5\u00ba Congresso Mission\u00e1rio Nacional.<\/p>\n<p><img loading=\"lazy\" decoding=\"async\" class=\"alignnone  wp-image-78044\" src=\"http:\/\/portalcatolico.net\/portal\/wp-content\/uploads\/2023\/05\/cq5dam.thumbnail.cropped.750.422-2-300x169.jpeg\" alt=\"\" width=\"831\" height=\"468\" srcset=\"https:\/\/portalcatolico.net\/portal\/wp-content\/uploads\/2023\/05\/cq5dam.thumbnail.cropped.750.422-2-300x169.jpeg 300w, https:\/\/portalcatolico.net\/portal\/wp-content\/uploads\/2023\/05\/cq5dam.thumbnail.cropped.750.422-2.jpeg 750w\" sizes=\"auto, (max-width: 831px) 100vw, 831px\" \/><\/p>\n<div>\n<div class=\"article__embed article__embed--unwrap article__embed--photo\">\n<figure><picture><source srcset=\"\/content\/dam\/vaticannews\/multimedia\/2023\/05\/20\/fe79e8ae-2977-4305-9f5d-f42a746a3a0eAEM.jpg\/_jcr_content\/renditions\/cq5dam.thumbnail.cropped.1500.844.jpeg 2x, \/content\/dam\/vaticannews\/multimedia\/2023\/05\/20\/fe79e8ae-2977-4305-9f5d-f42a746a3a0eAEM.jpg\/_jcr_content\/renditions\/cq5dam.thumbnail.cropped.750.422.jpeg 1x\" media=\"(min-width: 1024px)\" data-original-set=\"\/content\/dam\/vaticannews\/multimedia\/2023\/05\/20\/fe79e8ae-2977-4305-9f5d-f42a746a3a0eAEM.jpg\/_jcr_content\/renditions\/cq5dam.thumbnail.cropped.1500.844.jpeg 2x, \/content\/dam\/vaticannews\/multimedia\/2023\/05\/20\/fe79e8ae-2977-4305-9f5d-f42a746a3a0eAEM.jpg\/_jcr_content\/renditions\/cq5dam.thumbnail.cropped.750.422.jpeg 1x\"><source srcset=\"\/content\/dam\/vaticannews\/multimedia\/2023\/05\/20\/fe79e8ae-2977-4305-9f5d-f42a746a3a0eAEM.jpg\/_jcr_content\/renditions\/cq5dam.thumbnail.cropped.1000.563.jpeg 2x, \/content\/dam\/vaticannews\/multimedia\/2023\/05\/20\/fe79e8ae-2977-4305-9f5d-f42a746a3a0eAEM.jpg\/_jcr_content\/renditions\/cq5dam.thumbnail.cropped.500.281.jpeg 1x\" media=\"(min-width: 768px)\" data-original-set=\"\/content\/dam\/vaticannews\/multimedia\/2023\/05\/20\/fe79e8ae-2977-4305-9f5d-f42a746a3a0eAEM.jpg\/_jcr_content\/renditions\/cq5dam.thumbnail.cropped.1000.563.jpeg 2x, \/content\/dam\/vaticannews\/multimedia\/2023\/05\/20\/fe79e8ae-2977-4305-9f5d-f42a746a3a0eAEM.jpg\/_jcr_content\/renditions\/cq5dam.thumbnail.cropped.500.281.jpeg 1x\"><source srcset=\"\/content\/dam\/vaticannews\/multimedia\/2023\/05\/20\/fe79e8ae-2977-4305-9f5d-f42a746a3a0eAEM.jpg\/_jcr_content\/renditions\/cq5dam.thumbnail.cropped.500.281.jpeg\" data-original-set=\"\/content\/dam\/vaticannews\/multimedia\/2023\/05\/20\/fe79e8ae-2977-4305-9f5d-f42a746a3a0eAEM.jpg\/_jcr_content\/renditions\/cq5dam.thumbnail.cropped.500.281.jpeg\"><\/picture><\/figure>\n<div class=\"photo_embed--Title\">Dom Lauro S\u00e9rgio Versiani Barbosa, bispo da diocese de Colatina e presidente do Regional Leste 3.<\/div>\n<\/div>\n<\/div>\n<p>O coordenador da Assembleia, Carlos Daniel de Souza Martins, do terceiro ano de teologia, da diocese de Colatina, em entrevista \u00e0 Radio Vaticano \u2013 Vatican News relembrou suas expectativas para o evento, e as resson\u00e2ncias ap\u00f3s a primeira Assembleia. \u201cO sentimento \u00e9 de miss\u00e3o cumprida, mas a partir de agora, fica a miss\u00e3o para a comiss\u00e3o eleita de continuar a articula\u00e7\u00e3o mission\u00e1ria em nossas casas de forma\u00e7\u00e3o\u201d, afirmou. Carlos, que tamb\u00e9m participou da experi\u00eancia mission\u00e1ria promovida pelo COMISE em janeiro deste ano na Amaz\u00f4nia, refor\u00e7ou a import\u00e2ncia deste tipo de viv\u00eancia para sua forma\u00e7\u00e3o em prepara\u00e7\u00e3o ao sacerd\u00f3cio ministerial, onde foi poss\u00edvel \u201calargar os horizontes da miss\u00e3o\u201d.<\/p>\n<div>\n<div class=\"article__embed article__embed--unwrap article__embed--dark\">\n<div class=\"article__innerTitle\">Ou\u00e7a a reportagem e a entrevista completa<\/div>\n<\/div>\n<\/div>\n<p>Na primeira Assembleia, foram delineadas algumas pistas de a\u00e7\u00e3o sobre como o COMISE pode auxiliar na miss\u00e3o da Igreja, como pode se desenvolver no Regional e tamb\u00e9m o que pode oferecer como um aux\u00edlio para a pr\u00e1tica pastoral.<\/p>\n<p>Ao final da Assembleia tamb\u00e9m, foi eleita a primeira Comiss\u00e3o Regional do COMISE no Esp\u00edrito Santo. Como coordenador: Marco Ant\u00f4nio, diocese de Cachoeiro de Itapemirim, vice-coordenador: Wellington Tolentino, diocese de Colatina, secretario: Willian Miranda, arquidiocese de Vit\u00f3ria. Tamb\u00e9m como assessores de comunica\u00e7\u00e3o: Kaylan Bettim Ton, da diocese de S\u00e3o Mateus e Rafael Mazzoni, Mission\u00e1rio do Sagrado Cora\u00e7\u00e3o de Jesus.<\/p>\n<p><img loading=\"lazy\" decoding=\"async\" class=\"alignnone  wp-image-78045\" src=\"http:\/\/portalcatolico.net\/portal\/wp-content\/uploads\/2023\/05\/cq5dam.thumbnail.cropped.750.422-7-2-300x169.jpeg\" alt=\"\" width=\"824\" height=\"464\" srcset=\"https:\/\/portalcatolico.net\/portal\/wp-content\/uploads\/2023\/05\/cq5dam.thumbnail.cropped.750.422-7-2-300x169.jpeg 300w, https:\/\/portalcatolico.net\/portal\/wp-content\/uploads\/2023\/05\/cq5dam.thumbnail.cropped.750.422-7-2.jpeg 750w\" sizes=\"auto, (max-width: 824px) 100vw, 824px\" \/><\/p>\n<div>\n<div class=\"article__embed article__embed--unwrap article__embed--photo\">\n<figure><picture><source srcset=\"\/content\/dam\/vaticannews\/multimedia\/2023\/05\/20\/b30b4d98-a84f-4a05-ada6-0ed69cc465ffAEM.jpg\/_jcr_content\/renditions\/cq5dam.thumbnail.cropped.1500.844.jpeg 2x, \/content\/dam\/vaticannews\/multimedia\/2023\/05\/20\/b30b4d98-a84f-4a05-ada6-0ed69cc465ffAEM.jpg\/_jcr_content\/renditions\/cq5dam.thumbnail.cropped.750.422.jpeg 1x\" media=\"(min-width: 1024px)\" data-original-set=\"\/content\/dam\/vaticannews\/multimedia\/2023\/05\/20\/b30b4d98-a84f-4a05-ada6-0ed69cc465ffAEM.jpg\/_jcr_content\/renditions\/cq5dam.thumbnail.cropped.1500.844.jpeg 2x, \/content\/dam\/vaticannews\/multimedia\/2023\/05\/20\/b30b4d98-a84f-4a05-ada6-0ed69cc465ffAEM.jpg\/_jcr_content\/renditions\/cq5dam.thumbnail.cropped.750.422.jpeg 1x\"><source srcset=\"\/content\/dam\/vaticannews\/multimedia\/2023\/05\/20\/b30b4d98-a84f-4a05-ada6-0ed69cc465ffAEM.jpg\/_jcr_content\/renditions\/cq5dam.thumbnail.cropped.1000.563.jpeg 2x, \/content\/dam\/vaticannews\/multimedia\/2023\/05\/20\/b30b4d98-a84f-4a05-ada6-0ed69cc465ffAEM.jpg\/_jcr_content\/renditions\/cq5dam.thumbnail.cropped.500.281.jpeg 1x\" media=\"(min-width: 768px)\" data-original-set=\"\/content\/dam\/vaticannews\/multimedia\/2023\/05\/20\/b30b4d98-a84f-4a05-ada6-0ed69cc465ffAEM.jpg\/_jcr_content\/renditions\/cq5dam.thumbnail.cropped.1000.563.jpeg 2x, \/content\/dam\/vaticannews\/multimedia\/2023\/05\/20\/b30b4d98-a84f-4a05-ada6-0ed69cc465ffAEM.jpg\/_jcr_content\/renditions\/cq5dam.thumbnail.cropped.500.281.jpeg 1x\"><source srcset=\"\/content\/dam\/vaticannews\/multimedia\/2023\/05\/20\/b30b4d98-a84f-4a05-ada6-0ed69cc465ffAEM.jpg\/_jcr_content\/renditions\/cq5dam.thumbnail.cropped.500.281.jpeg\" data-original-set=\"\/content\/dam\/vaticannews\/multimedia\/2023\/05\/20\/b30b4d98-a84f-4a05-ada6-0ed69cc465ffAEM.jpg\/_jcr_content\/renditions\/cq5dam.thumbnail.cropped.500.281.jpeg\"><\/picture><\/figure>\n<div class=\"photo_embed--Title\">Comiss\u00e3o eleita para o Regional do COMISE no Esp\u00edrito Santo<\/div>\n<\/div>\n<\/div>\n<p>Durante a Assembleia, e como partilha dos frutos recolhidos durante a caminhada com do COMISE, inspirado pela experi\u00eancia vocacional mission\u00e1ria em Manaus (AM), o seminarista Geisilan Barbosa dos Santos, do primeiro ano de teologia, da diocese de Colatina, aproveitou o momento para apresentar sua m\u00fasica autoral que seguia o mesmo tema: \u201cCooperadores da miss\u00e3o\u201d.<\/p>\n<\/div>\n<div class=\"article__text\">\n<p><b>Ir. Grazielle Rigotti, ascj \u2013 Vatican News<\/b><\/p>\n<\/div>\n","protected":false},"excerpt":{"rendered":"<p>Nos dias 18 e 19 de maio aconteceu em Vit\u00f3ria, no Esp\u00edrito Santo, a primeira assembleia do COMISE (Conselho Mission\u00e1rio de Seminaristas) do regional da CNBB Leste 3. Pe. Ant\u00f4nio Niemiec, secret\u00e1rio da Pontif\u00edcia Uni\u00e3o Mission\u00e1ria e assessor nacional dos COMISEs, realizou a assessoria da Assembleia, que elegeu seu representantes para a regi\u00e3o. A primeira&nbsp;<\/p>\n<p><a class=\"btn btn-style\" href=\"https:\/\/portalcatolico.net\/portal\/vitoria-1a-assembleia-do-conselho-missionario-de-seminaristas\/\">Continue Reading<\/a><\/p>\n","protected":false},"author":2,"featured_media":78046,"comment_status":"open","ping_status":"open","sticky":false,"template":"","format":"standard","meta":{"footnotes":""},"categories":[5],"tags":[],"class_list":["post-78043","post","type-post","status-publish","format-standard","has-post-thumbnail","hentry","category-igreja_no_mundo"],"_links":{"self":[{"href":"https:\/\/portalcatolico.net\/portal\/wp-json\/wp\/v2\/posts\/78043","targetHints":{"allow":["GET"]}}],"collection":[{"href":"https:\/\/portalcatolico.net\/portal\/wp-json\/wp\/v2\/posts"}],"about":[{"href":"https:\/\/portalcatolico.net\/portal\/wp-json\/wp\/v2\/types\/post"}],"author":[{"embeddable":true,"href":"https:\/\/portalcatolico.net\/portal\/wp-json\/wp\/v2\/users\/2"}],"replies":[{"embeddable":true,"href":"https:\/\/portalcatolico.net\/portal\/wp-json\/wp\/v2\/comments?post=78043"}],"version-history":[{"count":1,"href":"https:\/\/portalcatolico.net\/portal\/wp-json\/wp\/v2\/posts\/78043\/revisions"}],"predecessor-version":[{"id":78047,"href":"https:\/\/portalcatolico.net\/portal\/wp-json\/wp\/v2\/posts\/78043\/revisions\/78047"}],"wp:featuredmedia":[{"embeddable":true,"href":"https:\/\/portalcatolico.net\/portal\/wp-json\/wp\/v2\/media\/78046"}],"wp:attachment":[{"href":"https:\/\/portalcatolico.net\/portal\/wp-json\/wp\/v2\/media?parent=78043"}],"wp:term":[{"taxonomy":"category","embeddable":true,"href":"https:\/\/portalcatolico.net\/portal\/wp-json\/wp\/v2\/categories?post=78043"},{"taxonomy":"post_tag","embeddable":true,"href":"https:\/\/portalcatolico.net\/portal\/wp-json\/wp\/v2\/tags?post=78043"}],"curies":[{"name":"wp","href":"https:\/\/api.w.org\/{rel}","templated":true}]}}