{"id":77811,"date":"2023-05-01T21:13:28","date_gmt":"2023-05-02T00:13:28","guid":{"rendered":"http:\/\/portalcatolico.net\/portal\/?p=77811"},"modified":"2023-05-01T21:35:35","modified_gmt":"2023-05-02T00:35:35","slug":"centenas-de-fieis-participam-da-tradicional-marcha-com-maria-em-itabuna","status":"publish","type":"post","link":"https:\/\/portalcatolico.net\/portal\/centenas-de-fieis-participam-da-tradicional-marcha-com-maria-em-itabuna\/","title":{"rendered":"Centenas de fieis participam da tradicional Marcha com Maria em Itabuna!"},"content":{"rendered":"<div dir=\"auto\"><img loading=\"lazy\" decoding=\"async\" class=\"alignnone wp-image-77814\" src=\"http:\/\/portalcatolico.net\/portal\/wp-content\/uploads\/2023\/05\/IMG_0032-300x200.jpg\" alt=\"\" width=\"828\" height=\"552\" srcset=\"https:\/\/portalcatolico.net\/portal\/wp-content\/uploads\/2023\/05\/IMG_0032-300x200.jpg 300w, https:\/\/portalcatolico.net\/portal\/wp-content\/uploads\/2023\/05\/IMG_0032-768x512.jpg 768w, https:\/\/portalcatolico.net\/portal\/wp-content\/uploads\/2023\/05\/IMG_0032.jpg 800w\" sizes=\"auto, (max-width: 828px) 100vw, 828px\" \/>Nesta segunda-feira, dia 1\u00b0 de maio de 2023, feriado do Dia do Trabalhador e data que marca o in\u00edcio do M\u00eas Mariano, centenas de fieis participaram de uma das maiores marchas com Maria, do interior da Bahia, no munic\u00edpio de Itabuna (BA).<\/div>\n<div dir=\"auto\">Neste ano, a d\u00e9cima terceira edi\u00e7\u00e3o teve como tema: &#8220;Por fim, meu Imaculado Cora\u00e7\u00e3o Triunfar\u00e1.&#8221; E Subtema: &#8220;Sacia de bens os famintos.&#8221; Lc. 1,53.<\/div>\n<div dir=\"auto\">A Marcha seguiu o mesmo percurso realizado nas prociss\u00f5es de Corpus Christi e S\u00e3o Jos\u00e9.<\/div>\n<div dir=\"auto\">A prociss\u00e3o saiu da Catedral \u00e0s 16h30 na Catedral, e percorreu ruas e avenidas do centro da cidade. Os fieis retornaram&nbsp; &nbsp;para a Catedral para a Celebra\u00e7\u00e3o da Santa Missa que teve in\u00edcio \u00e0s 17h30.<\/div>\n<div dir=\"auto\">&nbsp;<\/div>\n<div dir=\"auto\">O Bispo da Diocese de Itabuna, Dom Carlos Alberto dos Santos, foi o presidente da celebra\u00e7\u00e3o. A concelebra\u00e7\u00e3o ficou por conta dos padres Jos\u00e9 Andrade, Diego Americano, Jos\u00e9 Roberto, Gilvan Oliveira (p\u00e1roco da Catedral de S\u00e3o Jos\u00e9) e o di\u00e1cono Trajano Osvaldo.<img loading=\"lazy\" decoding=\"async\" class=\"alignnone wp-image-77816\" src=\"http:\/\/portalcatolico.net\/portal\/wp-content\/uploads\/2023\/05\/IMG_0164-300x200.jpg\" alt=\"\" width=\"830\" height=\"554\" srcset=\"https:\/\/portalcatolico.net\/portal\/wp-content\/uploads\/2023\/05\/IMG_0164-300x200.jpg 300w, https:\/\/portalcatolico.net\/portal\/wp-content\/uploads\/2023\/05\/IMG_0164-768x512.jpg 768w, https:\/\/portalcatolico.net\/portal\/wp-content\/uploads\/2023\/05\/IMG_0164.jpg 800w\" sizes=\"auto, (max-width: 830px) 100vw, 830px\" \/><\/div>\n<div dir=\"auto\">A missa terminou por volta das 19h, quando aconteceu a Coroa\u00e7\u00e3o de Nossa Senhora.<\/div>\n<div dir=\"auto\">Segundo o Bispo Diocesano, hoje foi dia dos fieis demonstrarem f\u00e9 e carinho \u00e0 querida M\u00e3e Maria Sant\u00edssima, iniciando o m\u00eas de maio, m\u00eas de Maria, que \u00e9 a mulher de f\u00e9 que soube acreditar no Anjo em que lhe anunciava, que ela seria a M\u00e3e do Salvador.<img loading=\"lazy\" decoding=\"async\" class=\"alignnone wp-image-77818\" src=\"http:\/\/portalcatolico.net\/portal\/wp-content\/uploads\/2023\/05\/IMG_0045-300x200.jpg\" alt=\"\" width=\"788\" height=\"525\" srcset=\"https:\/\/portalcatolico.net\/portal\/wp-content\/uploads\/2023\/05\/IMG_0045-300x200.jpg 300w, https:\/\/portalcatolico.net\/portal\/wp-content\/uploads\/2023\/05\/IMG_0045-768x512.jpg 768w, https:\/\/portalcatolico.net\/portal\/wp-content\/uploads\/2023\/05\/IMG_0045.jpg 800w\" sizes=\"auto, (max-width: 788px) 100vw, 788px\" \/> <img loading=\"lazy\" decoding=\"async\" class=\"alignnone wp-image-77819\" src=\"http:\/\/portalcatolico.net\/portal\/wp-content\/uploads\/2023\/05\/IMG_0049-300x200.jpg\" alt=\"\" width=\"830\" height=\"553\" srcset=\"https:\/\/portalcatolico.net\/portal\/wp-content\/uploads\/2023\/05\/IMG_0049-300x200.jpg 300w, https:\/\/portalcatolico.net\/portal\/wp-content\/uploads\/2023\/05\/IMG_0049-768x512.jpg 768w, https:\/\/portalcatolico.net\/portal\/wp-content\/uploads\/2023\/05\/IMG_0049.jpg 800w\" sizes=\"auto, (max-width: 830px) 100vw, 830px\" \/><\/div>\n<div dir=\"auto\">&nbsp;<\/div>\n<div dir=\"auto\">Vale ressaltar que a Legi\u00e3o de Maria iniciou suas atividades na cidade de Itabuna em 11 de junho de 1958 e desde ent\u00e3o tem se espalhado por todas as foranias.<\/div>\n<div dir=\"auto\">No dia 01 de Maio de 2008 iniciou-se a realiza\u00e7\u00e3o de um dos maiores eventos cat\u00f3licos promovido pela Legi\u00e3o de Maria com a participa\u00e7\u00e3o da&nbsp;Diocese de Itabuna e milhares de fi\u00e9is cat\u00f3licos.<img loading=\"lazy\" decoding=\"async\" class=\"alignnone size-medium wp-image-77821\" src=\"http:\/\/portalcatolico.net\/portal\/wp-content\/uploads\/2023\/05\/IMG_0036-300x200.jpg\" alt=\"\" width=\"300\" height=\"200\" srcset=\"https:\/\/portalcatolico.net\/portal\/wp-content\/uploads\/2023\/05\/IMG_0036-300x200.jpg 300w, https:\/\/portalcatolico.net\/portal\/wp-content\/uploads\/2023\/05\/IMG_0036-768x512.jpg 768w, https:\/\/portalcatolico.net\/portal\/wp-content\/uploads\/2023\/05\/IMG_0036.jpg 800w\" sizes=\"auto, (max-width: 300px) 100vw, 300px\" \/> <img loading=\"lazy\" decoding=\"async\" class=\"alignnone size-medium wp-image-77822\" src=\"http:\/\/portalcatolico.net\/portal\/wp-content\/uploads\/2023\/05\/IMG_0052-300x200.jpg\" alt=\"\" width=\"300\" height=\"200\" srcset=\"https:\/\/portalcatolico.net\/portal\/wp-content\/uploads\/2023\/05\/IMG_0052-300x200.jpg 300w, https:\/\/portalcatolico.net\/portal\/wp-content\/uploads\/2023\/05\/IMG_0052-768x512.jpg 768w, https:\/\/portalcatolico.net\/portal\/wp-content\/uploads\/2023\/05\/IMG_0052.jpg 800w\" sizes=\"auto, (max-width: 300px) 100vw, 300px\" \/> <img loading=\"lazy\" decoding=\"async\" class=\"alignnone size-medium wp-image-77823\" src=\"http:\/\/portalcatolico.net\/portal\/wp-content\/uploads\/2023\/05\/IMG_0180-300x200.jpg\" alt=\"\" width=\"300\" height=\"200\" srcset=\"https:\/\/portalcatolico.net\/portal\/wp-content\/uploads\/2023\/05\/IMG_0180-300x200.jpg 300w, https:\/\/portalcatolico.net\/portal\/wp-content\/uploads\/2023\/05\/IMG_0180-768x512.jpg 768w, https:\/\/portalcatolico.net\/portal\/wp-content\/uploads\/2023\/05\/IMG_0180.jpg 800w\" sizes=\"auto, (max-width: 300px) 100vw, 300px\" \/> <img loading=\"lazy\" decoding=\"async\" class=\"alignnone size-medium wp-image-77824\" src=\"http:\/\/portalcatolico.net\/portal\/wp-content\/uploads\/2023\/05\/IMG_0019-300x200.jpg\" alt=\"\" width=\"300\" height=\"200\" srcset=\"https:\/\/portalcatolico.net\/portal\/wp-content\/uploads\/2023\/05\/IMG_0019-300x200.jpg 300w, https:\/\/portalcatolico.net\/portal\/wp-content\/uploads\/2023\/05\/IMG_0019-768x512.jpg 768w, https:\/\/portalcatolico.net\/portal\/wp-content\/uploads\/2023\/05\/IMG_0019.jpg 800w\" sizes=\"auto, (max-width: 300px) 100vw, 300px\" \/> <img loading=\"lazy\" decoding=\"async\" class=\"alignnone size-medium wp-image-77825\" src=\"http:\/\/portalcatolico.net\/portal\/wp-content\/uploads\/2023\/05\/IMG_0144-300x200.jpg\" alt=\"\" width=\"300\" height=\"200\" srcset=\"https:\/\/portalcatolico.net\/portal\/wp-content\/uploads\/2023\/05\/IMG_0144-300x200.jpg 300w, https:\/\/portalcatolico.net\/portal\/wp-content\/uploads\/2023\/05\/IMG_0144-768x512.jpg 768w, https:\/\/portalcatolico.net\/portal\/wp-content\/uploads\/2023\/05\/IMG_0144.jpg 800w\" sizes=\"auto, (max-width: 300px) 100vw, 300px\" \/><img loading=\"lazy\" decoding=\"async\" class=\"alignnone size-medium wp-image-77826\" src=\"http:\/\/portalcatolico.net\/portal\/wp-content\/uploads\/2023\/05\/IMG_0029-300x200.jpg\" alt=\"\" width=\"300\" height=\"200\" srcset=\"https:\/\/portalcatolico.net\/portal\/wp-content\/uploads\/2023\/05\/IMG_0029-300x200.jpg 300w, https:\/\/portalcatolico.net\/portal\/wp-content\/uploads\/2023\/05\/IMG_0029-768x512.jpg 768w, https:\/\/portalcatolico.net\/portal\/wp-content\/uploads\/2023\/05\/IMG_0029.jpg 800w\" sizes=\"auto, (max-width: 300px) 100vw, 300px\" \/><\/div>\n<div dir=\"auto\">CONFIRA MAIS FOTOS NESTE LINK ABAIXO:<a href=\"https:\/\/www.facebook.com\/portalcatolicooficial\">https:\/\/www.facebook.com\/portalcatolicooficial<\/a><\/div>\n","protected":false},"excerpt":{"rendered":"<p>Nesta segunda-feira, dia 1\u00b0 de maio de 2023, feriado do Dia do Trabalhador e data que marca o in\u00edcio do M\u00eas Mariano, centenas de fieis participaram de uma das maiores marchas com Maria, do interior da Bahia, no munic\u00edpio de Itabuna (BA). Neste ano, a d\u00e9cima terceira edi\u00e7\u00e3o teve como tema: &#8220;Por fim, meu Imaculado&nbsp;<\/p>\n<p><a class=\"btn btn-style\" href=\"https:\/\/portalcatolico.net\/portal\/centenas-de-fieis-participam-da-tradicional-marcha-com-maria-em-itabuna\/\">Continue Reading<\/a><\/p>\n","protected":false},"author":2,"featured_media":77812,"comment_status":"open","ping_status":"open","sticky":false,"template":"","format":"standard","meta":{"footnotes":""},"categories":[68],"tags":[],"class_list":["post-77811","post","type-post","status-publish","format-standard","has-post-thumbnail","hentry","category-homilias"],"_links":{"self":[{"href":"https:\/\/portalcatolico.net\/portal\/wp-json\/wp\/v2\/posts\/77811","targetHints":{"allow":["GET"]}}],"collection":[{"href":"https:\/\/portalcatolico.net\/portal\/wp-json\/wp\/v2\/posts"}],"about":[{"href":"https:\/\/portalcatolico.net\/portal\/wp-json\/wp\/v2\/types\/post"}],"author":[{"embeddable":true,"href":"https:\/\/portalcatolico.net\/portal\/wp-json\/wp\/v2\/users\/2"}],"replies":[{"embeddable":true,"href":"https:\/\/portalcatolico.net\/portal\/wp-json\/wp\/v2\/comments?post=77811"}],"version-history":[{"count":6,"href":"https:\/\/portalcatolico.net\/portal\/wp-json\/wp\/v2\/posts\/77811\/revisions"}],"predecessor-version":[{"id":77828,"href":"https:\/\/portalcatolico.net\/portal\/wp-json\/wp\/v2\/posts\/77811\/revisions\/77828"}],"wp:featuredmedia":[{"embeddable":true,"href":"https:\/\/portalcatolico.net\/portal\/wp-json\/wp\/v2\/media\/77812"}],"wp:attachment":[{"href":"https:\/\/portalcatolico.net\/portal\/wp-json\/wp\/v2\/media?parent=77811"}],"wp:term":[{"taxonomy":"category","embeddable":true,"href":"https:\/\/portalcatolico.net\/portal\/wp-json\/wp\/v2\/categories?post=77811"},{"taxonomy":"post_tag","embeddable":true,"href":"https:\/\/portalcatolico.net\/portal\/wp-json\/wp\/v2\/tags?post=77811"}],"curies":[{"name":"wp","href":"https:\/\/api.w.org\/{rel}","templated":true}]}}