{"id":77799,"date":"2023-04-30T20:23:19","date_gmt":"2023-04-30T23:23:19","guid":{"rendered":"http:\/\/portalcatolico.net\/portal\/?p=77799"},"modified":"2023-04-30T20:24:30","modified_gmt":"2023-04-30T23:24:30","slug":"paroquia-em-itabuna-celebra-santa-missa-de-aniversario-do-terco-dos-homens","status":"publish","type":"post","link":"https:\/\/portalcatolico.net\/portal\/paroquia-em-itabuna-celebra-santa-missa-de-aniversario-do-terco-dos-homens\/","title":{"rendered":"Par\u00f3quia em Itabuna celebra Santa Missa de anivers\u00e1rio do Ter\u00e7o dos homens!"},"content":{"rendered":"<div dir=\"auto\">O Ter\u00e7o dos homens da par\u00f3quia Santa Rita de C\u00e1ssia, situada em Itabuna (BA), completou 17 anos. Para comemorar a data festiva foi celebrada uma missa em A\u00e7\u00e3o de Gra\u00e7as no s\u00e1bado (29), com a presid\u00eancia do Frei Luciano Martins, \u00e0s 18h, na igreja matriz.<\/div>\n<div dir=\"auto\">&nbsp;<\/div>\n<div dir=\"auto\">Durante a celebra\u00e7\u00e3o, o frei ressaltou: &#8220;Quando participamos de um grupo pastoral ou movimento, n\u00e3o \u00e9 para se cumprir uma tabela. Mas a gente celebra um ano de exist\u00eancia, reconhecendo a gra\u00e7a, reconhecendo as m\u00e3os de Deus, seja em nossa vida, seja naquela pastoral que a gente faz parte. Essa deve ser a primeira inten\u00e7\u00e3o: reconhecer a a\u00e7\u00e3o, as m\u00e3os de Deus na vida desta pastoral. Hoje, de modo especial, a Pastoral do Ter\u00e7o dos homens. Agradecemos a Deus por mais um ano de exist\u00eancia!&#8221;.<\/div>\n<div dir=\"auto\">&nbsp;<\/div>\n<div dir=\"auto\">&#8220;Evangelizar e resgatar vidas!&#8221;. Estes s\u00e3o os principais ideais do Ter\u00e7o dos homens que a cada encontro vem ganhando mais adeptos nas par\u00f3quias de Itabuna e por todo o Brasil.<\/div>\n<p>Vale lembrar que a presen\u00e7a masculina nas igrejas \u00e9 de extrema import\u00e2ncia para a forma\u00e7\u00e3o de fam\u00edlias em seio crist\u00e3o.<\/p>\n<p>Foto: Redes sociais<\/p>\n","protected":false},"excerpt":{"rendered":"<p>O Ter\u00e7o dos homens da par\u00f3quia Santa Rita de C\u00e1ssia, situada em Itabuna (BA), completou 17 anos. Para comemorar a data festiva foi celebrada uma missa em A\u00e7\u00e3o de Gra\u00e7as no s\u00e1bado (29), com a presid\u00eancia do Frei Luciano Martins, \u00e0s 18h, na igreja matriz. &nbsp; Durante a celebra\u00e7\u00e3o, o frei ressaltou: &#8220;Quando participamos de&nbsp;<\/p>\n<p><a class=\"btn btn-style\" href=\"https:\/\/portalcatolico.net\/portal\/paroquia-em-itabuna-celebra-santa-missa-de-aniversario-do-terco-dos-homens\/\">Continue Reading<\/a><\/p>\n","protected":false},"author":2,"featured_media":77800,"comment_status":"open","ping_status":"open","sticky":false,"template":"","format":"standard","meta":{"footnotes":""},"categories":[68],"tags":[],"class_list":["post-77799","post","type-post","status-publish","format-standard","has-post-thumbnail","hentry","category-homilias"],"_links":{"self":[{"href":"https:\/\/portalcatolico.net\/portal\/wp-json\/wp\/v2\/posts\/77799","targetHints":{"allow":["GET"]}}],"collection":[{"href":"https:\/\/portalcatolico.net\/portal\/wp-json\/wp\/v2\/posts"}],"about":[{"href":"https:\/\/portalcatolico.net\/portal\/wp-json\/wp\/v2\/types\/post"}],"author":[{"embeddable":true,"href":"https:\/\/portalcatolico.net\/portal\/wp-json\/wp\/v2\/users\/2"}],"replies":[{"embeddable":true,"href":"https:\/\/portalcatolico.net\/portal\/wp-json\/wp\/v2\/comments?post=77799"}],"version-history":[{"count":1,"href":"https:\/\/portalcatolico.net\/portal\/wp-json\/wp\/v2\/posts\/77799\/revisions"}],"predecessor-version":[{"id":77801,"href":"https:\/\/portalcatolico.net\/portal\/wp-json\/wp\/v2\/posts\/77799\/revisions\/77801"}],"wp:featuredmedia":[{"embeddable":true,"href":"https:\/\/portalcatolico.net\/portal\/wp-json\/wp\/v2\/media\/77800"}],"wp:attachment":[{"href":"https:\/\/portalcatolico.net\/portal\/wp-json\/wp\/v2\/media?parent=77799"}],"wp:term":[{"taxonomy":"category","embeddable":true,"href":"https:\/\/portalcatolico.net\/portal\/wp-json\/wp\/v2\/categories?post=77799"},{"taxonomy":"post_tag","embeddable":true,"href":"https:\/\/portalcatolico.net\/portal\/wp-json\/wp\/v2\/tags?post=77799"}],"curies":[{"name":"wp","href":"https:\/\/api.w.org\/{rel}","templated":true}]}}