{"id":77712,"date":"2023-04-03T21:21:47","date_gmt":"2023-04-04T00:21:47","guid":{"rendered":"http:\/\/portalcatolico.net\/portal\/?p=77712"},"modified":"2023-04-03T21:21:47","modified_gmt":"2023-04-04T00:21:47","slug":"missa-da-unidade-e-celebrada-em-itabuna-confira","status":"publish","type":"post","link":"https:\/\/portalcatolico.net\/portal\/missa-da-unidade-e-celebrada-em-itabuna-confira\/","title":{"rendered":"Missa da Unidade \u00e9 celebrada em Itabuna. Confira!"},"content":{"rendered":"<div dir=\"auto\"><img loading=\"lazy\" decoding=\"async\" class=\"alignnone  wp-image-77714\" src=\"http:\/\/portalcatolico.net\/portal\/wp-content\/uploads\/2023\/04\/IMG_0153-300x200.jpg\" alt=\"\" width=\"828\" height=\"552\" srcset=\"https:\/\/portalcatolico.net\/portal\/wp-content\/uploads\/2023\/04\/IMG_0153-300x200.jpg 300w, https:\/\/portalcatolico.net\/portal\/wp-content\/uploads\/2023\/04\/IMG_0153-768x512.jpg 768w, https:\/\/portalcatolico.net\/portal\/wp-content\/uploads\/2023\/04\/IMG_0153.jpg 800w\" sizes=\"auto, (max-width: 828px) 100vw, 828px\" \/>Nesta segunda feira, 03\/04, \u00e0s 18h, na Catedral de S\u00e3o Jos\u00e9, na cidade de Itabuna (BA), foi realizada a Missa da Unidade, conhecida como a Missa dos Santos \u00d3leos, com a participa\u00e7\u00e3o de todos os padres e di\u00e1conos das 33 par\u00f3quias e tr\u00eas quase- par\u00f3quias dos 19 munic\u00edpios do sul da Bahia.<\/div>\n<div dir=\"auto\">&nbsp;<\/div>\n<div dir=\"auto\">\n<div dir=\"auto\">A celebra\u00e7\u00e3o teve a presid\u00eancia do bispo diocesano Dom Carlos Alberto dos Santos.<\/div>\n<div dir=\"auto\">A igreja ficou lotada de fieis. Autoridades tamb\u00e9m participaram da missa, entre eles, o vice-prefeito de Itabuna, Enderson Guinho. Paroquianos de cada par\u00f3quia tamb\u00e9m estiveram presentes na celebra\u00e7\u00e3o.<\/div>\n<div dir=\"auto\">&nbsp;<\/div>\n<div dir=\"auto\">Durante a cerim\u00f4nia, s\u00e3o aben\u00e7oados o \u00d3leo dos Catec\u00famenos e dos Enfermos e consagrado o Santo Crisma &#8211; da\u00ed ser chamada de &#8220;Missa dos Santos \u00d3leos&#8221; e &#8220;Missa do Crisma&#8221; -, que ser\u00e3o usados nos diversos sacramentos. \u00c9 nesta Eucaristia que os padres renovam as promessas sacerdotais pronunciadas no dia da ordena\u00e7\u00e3o.<\/div>\n<div dir=\"auto\">&nbsp;<\/div>\n<div dir=\"auto\">Na homilia, Dom Carlos disse: &#8220;Devemos dar gl\u00f3ria a Deus pela voca\u00e7\u00e3o e pela miss\u00e3o. Fazendo a vontade de Deus. Cada um na sua miss\u00e3o, cada um na sua voca\u00e7\u00e3o, cada um no seu batismo, cada um na sua consagra\u00e7\u00e3o, sendo exemplo de testemunha de Jesus Cristo&#8221;.<img loading=\"lazy\" decoding=\"async\" class=\"alignnone  wp-image-77715\" src=\"http:\/\/portalcatolico.net\/portal\/wp-content\/uploads\/2023\/04\/IMG_0069-300x200.jpg\" alt=\"\" width=\"827\" height=\"551\" srcset=\"https:\/\/portalcatolico.net\/portal\/wp-content\/uploads\/2023\/04\/IMG_0069-300x200.jpg 300w, https:\/\/portalcatolico.net\/portal\/wp-content\/uploads\/2023\/04\/IMG_0069-768x512.jpg 768w, https:\/\/portalcatolico.net\/portal\/wp-content\/uploads\/2023\/04\/IMG_0069.jpg 800w\" sizes=\"auto, (max-width: 827px) 100vw, 827px\" \/><\/div>\n<div dir=\"auto\">&nbsp;<\/div>\n<div dir=\"auto\"><strong>Confira abaixo quais s\u00e3o os Santos \u00d3leos e pra que servem:<\/strong><\/div>\n<div dir=\"auto\">&nbsp;<\/div>\n<div dir=\"auto\">\u00d3leo do Crisma: uma mistura de \u00f3leo e b\u00e1lsamo, significa plenitude do Esp\u00edrito Santo, revelando que o crist\u00e3o deve irradiar &#8220;o bom perfume de Cristo&#8221;. \u00c9 usado no sacramento da Crisma, no sacramento do sacerd\u00f3cio, para ungir os &#8220;escolhidos&#8221; que ir\u00e3o trabalhar no an\u00fancio da Palavra de Deus;<\/div>\n<div dir=\"auto\">&nbsp;<\/div>\n<div dir=\"auto\">\u00d3leo dos Catec\u00famenos: catec\u00famenos s\u00e3o os que se preparam para receber o Batismo, sejam adultos ou crian\u00e7as. O \u00f3leo \u00e9 utilizado antes do rito da \u00e1gua e significa a liberta\u00e7\u00e3o do mal, a for\u00e7a de Deus que penetra no catec\u00fameno. Sua cor \u00e9 vermelha;<\/div>\n<div dir=\"auto\">&nbsp;<\/div>\n<div dir=\"auto\">\u00d3leo dos Enfermos: \u00e9 usado no sacramento dos enfermos. Este \u00f3leo significa a for\u00e7a do Esp\u00edrito de Deus para a prova\u00e7\u00e3o da doen\u00e7a, para o fortalecimento da pessoa para enfrentar a dor e, inclusive a morte, se for vontade de Deus. O doente \u00e9 ungido na fronte e na palma das m\u00e3os.<\/div>\n<div dir=\"auto\">&nbsp;<\/div>\n<p>Para conferir a celebra\u00e7\u00e3o completa, clique neste link:&nbsp;<a href=\"https:\/\/www.youtube.com\/live\/653BbA4vsN8?feature=share\" target=\"_blank\" rel=\"noopener noreferrer\">https:\/\/www.youtube.com\/live\/653BbA4vsN8?feature=share<\/a><\/div>\n<p>Clique <a href=\"https:\/\/www.facebook.com\/portalcatolicooficial\/photos\"><strong>AQUI<\/strong>&nbsp; e&nbsp;<\/a>Confira o \u00e1lbuns de fotos deste evento.<\/p>\n","protected":false},"excerpt":{"rendered":"<p>Nesta segunda feira, 03\/04, \u00e0s 18h, na Catedral de S\u00e3o Jos\u00e9, na cidade de Itabuna (BA), foi realizada a Missa da Unidade, conhecida como a Missa dos Santos \u00d3leos, com a participa\u00e7\u00e3o de todos os padres e di\u00e1conos das 33 par\u00f3quias e tr\u00eas quase- par\u00f3quias dos 19 munic\u00edpios do sul da Bahia. &nbsp; A celebra\u00e7\u00e3o&nbsp;<\/p>\n<p><a class=\"btn btn-style\" href=\"https:\/\/portalcatolico.net\/portal\/missa-da-unidade-e-celebrada-em-itabuna-confira\/\">Continue Reading<\/a><\/p>\n","protected":false},"author":2,"featured_media":77713,"comment_status":"open","ping_status":"open","sticky":false,"template":"","format":"standard","meta":{"footnotes":""},"categories":[68],"tags":[],"class_list":["post-77712","post","type-post","status-publish","format-standard","has-post-thumbnail","hentry","category-homilias"],"_links":{"self":[{"href":"https:\/\/portalcatolico.net\/portal\/wp-json\/wp\/v2\/posts\/77712","targetHints":{"allow":["GET"]}}],"collection":[{"href":"https:\/\/portalcatolico.net\/portal\/wp-json\/wp\/v2\/posts"}],"about":[{"href":"https:\/\/portalcatolico.net\/portal\/wp-json\/wp\/v2\/types\/post"}],"author":[{"embeddable":true,"href":"https:\/\/portalcatolico.net\/portal\/wp-json\/wp\/v2\/users\/2"}],"replies":[{"embeddable":true,"href":"https:\/\/portalcatolico.net\/portal\/wp-json\/wp\/v2\/comments?post=77712"}],"version-history":[{"count":1,"href":"https:\/\/portalcatolico.net\/portal\/wp-json\/wp\/v2\/posts\/77712\/revisions"}],"predecessor-version":[{"id":77716,"href":"https:\/\/portalcatolico.net\/portal\/wp-json\/wp\/v2\/posts\/77712\/revisions\/77716"}],"wp:featuredmedia":[{"embeddable":true,"href":"https:\/\/portalcatolico.net\/portal\/wp-json\/wp\/v2\/media\/77713"}],"wp:attachment":[{"href":"https:\/\/portalcatolico.net\/portal\/wp-json\/wp\/v2\/media?parent=77712"}],"wp:term":[{"taxonomy":"category","embeddable":true,"href":"https:\/\/portalcatolico.net\/portal\/wp-json\/wp\/v2\/categories?post=77712"},{"taxonomy":"post_tag","embeddable":true,"href":"https:\/\/portalcatolico.net\/portal\/wp-json\/wp\/v2\/tags?post=77712"}],"curies":[{"name":"wp","href":"https:\/\/api.w.org\/{rel}","templated":true}]}}