{"id":77703,"date":"2023-03-27T21:20:31","date_gmt":"2023-03-28T00:20:31","guid":{"rendered":"http:\/\/portalcatolico.net\/portal\/?p=77703"},"modified":"2023-03-31T21:20:52","modified_gmt":"2023-04-01T00:20:52","slug":"pastoral-familiar-da-diocese-de-itabuna-realiza-retiro-de-espiritualidade","status":"publish","type":"post","link":"https:\/\/portalcatolico.net\/portal\/pastoral-familiar-da-diocese-de-itabuna-realiza-retiro-de-espiritualidade\/","title":{"rendered":"Pastoral Familiar da diocese de Itabuna realiza retiro de espiritualidade"},"content":{"rendered":"<p>A Pastoral Familiar da diocese de Itabuna (BA) realizou, no dia 26 de mar\u00e7o, seu retiro de espiritualidade anual. O encontro aconteceu na Capela de S\u00e3o Vicente Maria Strambi e Santo Ant\u00f4nio da Par\u00f3quia Santa Maria Goretti, no bairro da Mangabinha, em Itabuna.<\/p>\n<p>O encontro iniciou com a Santa Missa presidida pelo Pe. Uidelfonso e logo ap\u00f3s teve a apresenta\u00e7\u00e3o da nova comiss\u00e3o diocesana. O bispo diocesano, dom Carlos Alberto, e o assessor eclesi\u00e1stico da Pastoral Familiar diocesana, padre Almir Romano Palotino, enviaram v\u00eddeos de boas-vindas aos participantes. O momento de reflex\u00e3o foi conduzido por Vera Santiago, da par\u00f3quia Senhor do Bonfim, de Itabuna. Ela conduziu uma prega\u00e7\u00e3o com o tema \u201cEu sou a Ressurrei\u00e7\u00e3o, Eu sou a vida, quem cr\u00ea em mim n\u00e3o morrer\u00e1 eternamente\u201d (Jo 11,25-26). Os agentes da Pastoral Familiar tamb\u00e9m tiveram um momento de partilha, no qual puderam falar sobre as atividades diocesanas, seguido de adora\u00e7\u00e3o ao Sant\u00edssimo Sacramento. O encerramento foi marcado por um almo\u00e7o de confraterniza\u00e7\u00e3o.<\/p>\n<p><a class=\"oceanwp-lightbox\" href=\"http:\/\/diocesedeitabuna.com.br\/wp-content\/uploads\/2023\/03\/WhatsApp-Image-2023-03-29-at-12.56.38.jpeg\" data-slb-active=\"1\" data-slb-asset=\"434050744\" data-slb-internal=\"0\" data-slb-group=\"14953\"><img loading=\"lazy\" decoding=\"async\" class=\"wp-image-14957 aligncenter\" src=\"http:\/\/diocesedeitabuna.com.br\/wp-content\/uploads\/2023\/03\/WhatsApp-Image-2023-03-29-at-12.56.38-1024x1019.jpeg\" sizes=\"auto, (max-width: 429px) 100vw, 429px\" srcset=\"https:\/\/diocesedeitabuna.com.br\/wp-content\/uploads\/2023\/03\/WhatsApp-Image-2023-03-29-at-12.56.38-1024x1019.jpeg 1024w, https:\/\/diocesedeitabuna.com.br\/wp-content\/uploads\/2023\/03\/WhatsApp-Image-2023-03-29-at-12.56.38-300x300.jpeg 300w, https:\/\/diocesedeitabuna.com.br\/wp-content\/uploads\/2023\/03\/WhatsApp-Image-2023-03-29-at-12.56.38-150x150.jpeg 150w, https:\/\/diocesedeitabuna.com.br\/wp-content\/uploads\/2023\/03\/WhatsApp-Image-2023-03-29-at-12.56.38-768x764.jpeg 768w, https:\/\/diocesedeitabuna.com.br\/wp-content\/uploads\/2023\/03\/WhatsApp-Image-2023-03-29-at-12.56.38.jpeg 1080w\" alt=\"\" width=\"429\" height=\"427\"><\/a><\/p>\n<figure class=\"wp-block-pullquote\">\n<blockquote><p>\u201cFoi uma manh\u00e3 de muita ora\u00e7\u00e3o e espiritualidade que revigorou o \u00e2nimo de todos para o trabalho pastoral\u201d, disse o casal coordenador diocesano, Klyngher e K\u00eau Neres.<\/p><\/blockquote>\n<\/figure>\n<p>&nbsp;<\/p>\n<p>Estavam presentes os coordenadores gerais e de setores e membros das par\u00f3quias Senhora Santana de Buerarema, Santa Rita de Cassia, S\u00e3o Jos\u00e9 da Catedral, Santa In\u00eas, S\u00e3o Judas Tadeu, Nossa Senhora da Concei\u00e7\u00e3o-centro, Santo Ant\u00f4nio, Senhor do Bonfim, Santa Maria Goretti da cidade de Itabuna e Senhora Santana de Floresta Azul, assim tamb\u00e9m o casal coordenador da Pastoral Familiar no Regional Nordeste 3, J\u00falio e K\u00e1tia Sousa.<\/p>\n<p>Texto e fotos: J\u00falio e K\u00e1tia Sousa\/Diocese de Itabuna(BA)<\/p>\n<div id=\"gallery-1\" class=\"gallery galleryid-14953 gallery-columns-3 gallery-size-thumbnail\">\n<figure class=\"gallery-item\">\n<div class=\"gallery-icon landscape\"><a class=\"gallery-lightbox\" href=\"https:\/\/diocesedeitabuna.com.br\/wp-content\/uploads\/2023\/03\/WhatsApp-Image-2023-03-29-at-12.56.37-1.jpeg\" data-slb-active=\"1\" data-slb-asset=\"651438108\" data-slb-internal=\"0\" data-slb-group=\"14953\"><img loading=\"lazy\" decoding=\"async\" class=\"attachment-thumbnail size-thumbnail\" src=\"https:\/\/diocesedeitabuna.com.br\/wp-content\/uploads\/2023\/03\/WhatsApp-Image-2023-03-29-at-12.56.37-1-150x150.jpeg\" sizes=\"auto, (max-width: 150px) 100vw, 150px\" srcset=\"https:\/\/diocesedeitabuna.com.br\/wp-content\/uploads\/2023\/03\/WhatsApp-Image-2023-03-29-at-12.56.37-1-150x150.jpeg 150w, https:\/\/diocesedeitabuna.com.br\/wp-content\/uploads\/2023\/03\/WhatsApp-Image-2023-03-29-at-12.56.37-1-300x298.jpeg 300w, https:\/\/diocesedeitabuna.com.br\/wp-content\/uploads\/2023\/03\/WhatsApp-Image-2023-03-29-at-12.56.37-1-1024x1018.jpeg 1024w, https:\/\/diocesedeitabuna.com.br\/wp-content\/uploads\/2023\/03\/WhatsApp-Image-2023-03-29-at-12.56.37-1-768x764.jpeg 768w, https:\/\/diocesedeitabuna.com.br\/wp-content\/uploads\/2023\/03\/WhatsApp-Image-2023-03-29-at-12.56.37-1.jpeg 1080w\" alt=\"\" width=\"150\" height=\"150\"><\/a><\/div>\n<\/figure>\n<figure class=\"gallery-item\">\n<div class=\"gallery-icon landscape\"><a class=\"gallery-lightbox\" href=\"https:\/\/diocesedeitabuna.com.br\/wp-content\/uploads\/2023\/03\/WhatsApp-Image-2023-03-29-at-12.56.37.jpeg\" data-slb-active=\"1\" data-slb-asset=\"1584868782\" data-slb-internal=\"0\" data-slb-group=\"14953\"><img loading=\"lazy\" decoding=\"async\" class=\"attachment-thumbnail size-thumbnail\" src=\"https:\/\/diocesedeitabuna.com.br\/wp-content\/uploads\/2023\/03\/WhatsApp-Image-2023-03-29-at-12.56.37-150x150.jpeg\" sizes=\"auto, (max-width: 150px) 100vw, 150px\" srcset=\"https:\/\/diocesedeitabuna.com.br\/wp-content\/uploads\/2023\/03\/WhatsApp-Image-2023-03-29-at-12.56.37-150x150.jpeg 150w, https:\/\/diocesedeitabuna.com.br\/wp-content\/uploads\/2023\/03\/WhatsApp-Image-2023-03-29-at-12.56.37-300x300.jpeg 300w, https:\/\/diocesedeitabuna.com.br\/wp-content\/uploads\/2023\/03\/WhatsApp-Image-2023-03-29-at-12.56.37-768x765.jpeg 768w, https:\/\/diocesedeitabuna.com.br\/wp-content\/uploads\/2023\/03\/WhatsApp-Image-2023-03-29-at-12.56.37.jpeg 991w\" alt=\"\" width=\"150\" height=\"150\"><\/a><\/div>\n<\/figure>\n<figure class=\"gallery-item\">\n<div class=\"gallery-icon landscape\"><a class=\"gallery-lightbox\" href=\"https:\/\/diocesedeitabuna.com.br\/wp-content\/uploads\/2023\/03\/WhatsApp-Image-2023-03-29-at-12.56.38-1.jpeg\" data-slb-active=\"1\" data-slb-asset=\"273765472\" data-slb-internal=\"0\" data-slb-group=\"14953\"><img loading=\"lazy\" decoding=\"async\" class=\"attachment-thumbnail size-thumbnail\" src=\"https:\/\/diocesedeitabuna.com.br\/wp-content\/uploads\/2023\/03\/WhatsApp-Image-2023-03-29-at-12.56.38-1-150x150.jpeg\" alt=\"\" width=\"150\" height=\"150\"><\/a><\/div>\n<\/figure>\n<\/div>\n","protected":false},"excerpt":{"rendered":"<p>A Pastoral Familiar da diocese de Itabuna (BA) realizou, no dia 26 de mar\u00e7o, seu retiro de espiritualidade anual. O encontro aconteceu na Capela de S\u00e3o Vicente Maria Strambi e Santo Ant\u00f4nio da Par\u00f3quia Santa Maria Goretti, no bairro da Mangabinha, em Itabuna. O encontro iniciou com a Santa Missa presidida pelo Pe. Uidelfonso e&nbsp;<\/p>\n<p><a class=\"btn btn-style\" href=\"https:\/\/portalcatolico.net\/portal\/pastoral-familiar-da-diocese-de-itabuna-realiza-retiro-de-espiritualidade\/\">Continue Reading<\/a><\/p>\n","protected":false},"author":2,"featured_media":77704,"comment_status":"open","ping_status":"open","sticky":false,"template":"","format":"standard","meta":{"footnotes":""},"categories":[4],"tags":[],"class_list":["post-77703","post","type-post","status-publish","format-standard","has-post-thumbnail","hentry","category-destaques"],"_links":{"self":[{"href":"https:\/\/portalcatolico.net\/portal\/wp-json\/wp\/v2\/posts\/77703","targetHints":{"allow":["GET"]}}],"collection":[{"href":"https:\/\/portalcatolico.net\/portal\/wp-json\/wp\/v2\/posts"}],"about":[{"href":"https:\/\/portalcatolico.net\/portal\/wp-json\/wp\/v2\/types\/post"}],"author":[{"embeddable":true,"href":"https:\/\/portalcatolico.net\/portal\/wp-json\/wp\/v2\/users\/2"}],"replies":[{"embeddable":true,"href":"https:\/\/portalcatolico.net\/portal\/wp-json\/wp\/v2\/comments?post=77703"}],"version-history":[{"count":1,"href":"https:\/\/portalcatolico.net\/portal\/wp-json\/wp\/v2\/posts\/77703\/revisions"}],"predecessor-version":[{"id":77705,"href":"https:\/\/portalcatolico.net\/portal\/wp-json\/wp\/v2\/posts\/77703\/revisions\/77705"}],"wp:featuredmedia":[{"embeddable":true,"href":"https:\/\/portalcatolico.net\/portal\/wp-json\/wp\/v2\/media\/77704"}],"wp:attachment":[{"href":"https:\/\/portalcatolico.net\/portal\/wp-json\/wp\/v2\/media?parent=77703"}],"wp:term":[{"taxonomy":"category","embeddable":true,"href":"https:\/\/portalcatolico.net\/portal\/wp-json\/wp\/v2\/categories?post=77703"},{"taxonomy":"post_tag","embeddable":true,"href":"https:\/\/portalcatolico.net\/portal\/wp-json\/wp\/v2\/tags?post=77703"}],"curies":[{"name":"wp","href":"https:\/\/api.w.org\/{rel}","templated":true}]}}