{"id":77679,"date":"2023-03-26T20:39:50","date_gmt":"2023-03-26T23:39:50","guid":{"rendered":"http:\/\/portalcatolico.net\/portal\/?p=77679"},"modified":"2023-03-26T20:39:50","modified_gmt":"2023-03-26T23:39:50","slug":"academia-marial-de-aparecida-promove-3a-semana-mariologica-de-28-a-31-de-marco","status":"publish","type":"post","link":"https:\/\/portalcatolico.net\/portal\/academia-marial-de-aparecida-promove-3a-semana-mariologica-de-28-a-31-de-marco\/","title":{"rendered":"Academia Marial de Aparecida promove 3\u00aa Semana Mariol\u00f3gica de 28 a 31 de mar\u00e7o"},"content":{"rendered":"<p><i>Atividades do encontro s\u00e3o gratuitas e online. Estudantes recebem certificado para horas complementares<\/i><\/p>\n<div>\n<p>Por L\u00eddia Tostes<\/p>\n<\/div>\n<div>Na pr\u00f3xima semana,&nbsp;<b>de 28 a 31 de mar\u00e7o, a Academia Marial de Aparecida ir\u00e1 promover a 3\u00aa Semana Mariol\u00f3gica<\/b>. As atividades ser\u00e3o transmitidas de maneira online, sempre \u00e0s 19h30, e podem ser acompanhadas pelo canal no YouTube @AcademiaMarialdeAparecida.<\/p>\n<p>Neste ano, o encontro tem como tema \u201c<i>Com Maria, saciar de bens os famintos<\/i>\u201d. A Semana Mariologica tem como objetivo oferecer reflex\u00f5es mariol\u00f3gicas a partir da&nbsp;Campanha da Fraternidade de 2023: Fraternidade e Fome.<\/p>\n<p>O evento \u00e9&nbsp;<b>gratuito<\/b>, promovido em parceria com o ITESP (Instituto S\u00e3o Paulo de Estudos Superiores).&nbsp; Estudantes de n\u00edvel superior podem solicitar um certificado de participa\u00e7\u00e3o, a fim de utilizarem como horas complementares no curso de gradua\u00e7\u00e3o. Para isto, \u00e9 necess\u00e1rio realizar a inscri\u00e7\u00e3o no site&nbsp;<span class=\"v1MsoHyperlink\">https:\/\/www.even3.com.br\/terceirasemanamariologica\/<\/span>.<\/p>\n<p>Conduzir\u00e3o a forma\u00e7\u00e3o os seguintes palestrantes, com os respectivos subtemas:<br \/>\n<b>Ter\u00e7a-feira (28)<\/b>&nbsp;&#8211; padre Mauro Vilela | Com Maria, conhecendo a realidade da fome no Brasil<br \/>\n<b>Quarta-feira (29)<\/b>&nbsp;&#8211; professora Maria Ant\u00f4nia Marques | Com Maria, enchendo de bens os famintos e despedindo os ricos de m\u00e3os vazias<br \/>\n<b>Quinta-feira (30)<\/b>&nbsp;&#8211; professor Pe. Felipe Sardinha | Com Maria, ser Igreja sacramento universal de salva\u00e7\u00e3o<br \/>\n<b>Sexta-feira (31)<\/b>&nbsp;&#8211; professor Edevilson de Godoy | Com Maria, aprendendo um novo jeito de governar a casa comum<\/div>\n<div><span style=\"font-size: xx-small;\">Foto: Divulga\u00e7\u00e3o\/Academia Marial<\/span><\/div>\n","protected":false},"excerpt":{"rendered":"<p>Atividades do encontro s\u00e3o gratuitas e online. Estudantes recebem certificado para horas complementares Por L\u00eddia Tostes Na pr\u00f3xima semana,&nbsp;de 28 a 31 de mar\u00e7o, a Academia Marial de Aparecida ir\u00e1 promover a 3\u00aa Semana Mariol\u00f3gica. As atividades ser\u00e3o transmitidas de maneira online, sempre \u00e0s 19h30, e podem ser acompanhadas pelo canal no YouTube @AcademiaMarialdeAparecida. Neste&nbsp;<\/p>\n<p><a class=\"btn btn-style\" href=\"https:\/\/portalcatolico.net\/portal\/academia-marial-de-aparecida-promove-3a-semana-mariologica-de-28-a-31-de-marco\/\">Continue Reading<\/a><\/p>\n","protected":false},"author":2,"featured_media":77680,"comment_status":"open","ping_status":"open","sticky":false,"template":"","format":"standard","meta":{"footnotes":""},"categories":[3],"tags":[],"class_list":["post-77679","post","type-post","status-publish","format-standard","has-post-thumbnail","hentry","category-noticias_regionais"],"_links":{"self":[{"href":"https:\/\/portalcatolico.net\/portal\/wp-json\/wp\/v2\/posts\/77679","targetHints":{"allow":["GET"]}}],"collection":[{"href":"https:\/\/portalcatolico.net\/portal\/wp-json\/wp\/v2\/posts"}],"about":[{"href":"https:\/\/portalcatolico.net\/portal\/wp-json\/wp\/v2\/types\/post"}],"author":[{"embeddable":true,"href":"https:\/\/portalcatolico.net\/portal\/wp-json\/wp\/v2\/users\/2"}],"replies":[{"embeddable":true,"href":"https:\/\/portalcatolico.net\/portal\/wp-json\/wp\/v2\/comments?post=77679"}],"version-history":[{"count":1,"href":"https:\/\/portalcatolico.net\/portal\/wp-json\/wp\/v2\/posts\/77679\/revisions"}],"predecessor-version":[{"id":77681,"href":"https:\/\/portalcatolico.net\/portal\/wp-json\/wp\/v2\/posts\/77679\/revisions\/77681"}],"wp:featuredmedia":[{"embeddable":true,"href":"https:\/\/portalcatolico.net\/portal\/wp-json\/wp\/v2\/media\/77680"}],"wp:attachment":[{"href":"https:\/\/portalcatolico.net\/portal\/wp-json\/wp\/v2\/media?parent=77679"}],"wp:term":[{"taxonomy":"category","embeddable":true,"href":"https:\/\/portalcatolico.net\/portal\/wp-json\/wp\/v2\/categories?post=77679"},{"taxonomy":"post_tag","embeddable":true,"href":"https:\/\/portalcatolico.net\/portal\/wp-json\/wp\/v2\/tags?post=77679"}],"curies":[{"name":"wp","href":"https:\/\/api.w.org\/{rel}","templated":true}]}}