{"id":77597,"date":"2023-03-11T20:51:38","date_gmt":"2023-03-11T23:51:38","guid":{"rendered":"http:\/\/portalcatolico.net\/portal\/?p=77597"},"modified":"2023-03-11T20:51:38","modified_gmt":"2023-03-11T23:51:38","slug":"melhor-discurso-e-a-linguagem-do-amor","status":"publish","type":"post","link":"https:\/\/portalcatolico.net\/portal\/melhor-discurso-e-a-linguagem-do-amor\/","title":{"rendered":"Melhor discurso \u00e9 a linguagem do amor"},"content":{"rendered":"<p>O amor \u00e9 a linguagem mais poderosa e transformadora que existe. Todavia, o melhor discurso \u00e9, sem d\u00favida, a linguagem do amor. Porque ela \u00e9 a \u00fanica que pode mudar o mundo, que pode transformar as pessoas, que pode nos fazer ver a vida com outros olhos. Ela \u00e9 a chave que abre todas as portas para os dos e talentos, que nos leva a lugares onde nunca imaginamos chegar. Ela \u00e9 o amor em sua forma mais pura e verdadeira. E, por isso, devemos sempre falar a linguagem do amor, em todas as ocasi\u00f5es e circunst\u00e2ncias. Ao longo da hist\u00f3ria, in\u00fameras pessoas inspiradoras, como os pensadores e poetas, nos mostraram isso.<\/p>\n<p>Marguerite Yourcenar, escritora francesa-belga, 1903-1987), afirmou &#8220;eu sou apenas uma, mas a uma multid\u00e3o que me habita&#8221;. Somos todos feitos de muitas camadas, e o amor nos ajuda a explorar e aprofundar essas camadas, para que possamos nos conectar uns com os outros de uma forma mais aut\u00eantica e significativa. Sua obra mais famosa, &#8220;Mem\u00f3rias de Adriano&#8221;, foi escrita em 1951 e reflete sua sabedoria e profundidade.<\/p>\n<p>&#8220;O sil\u00eancio \u00e9 uma forma de resolu\u00e7\u00e3o de conflitos&#8221;, disse o historiador brit\u00e2nico, Peter Burke (nascido em 1937), um estudioso da hist\u00f3ria cultural europeia, e seus trabalhos, como &#8220;A Escrita da Hist\u00f3ria: Novas Perspectivas&#8221;, escrito em 1978, exploram como as sociedades se comunicam e se relacionam. Quando estamos em conflito com algu\u00e9m, muitas vezes achamos que precisamos falar mais alto para sermos ouvidos. Mas o amor nos ensina a ouvir e a respeitar o outro, mesmo quando n\u00e3o concordamos com ele. \u00c0s vezes, o sil\u00eancio \u00e9 a melhor forma de demonstrar amor e compreens\u00e3o.<\/p>\n<p>Friedrich von Schiller (1759-1805), poeta e dramaturgo alem\u00e3o, nos lembrou que at\u00e9 mesmo nossos inimigos podem nos ensinar coisas importantes. &#8220;O inimigo mostra-me o que posso fazer; o amigo, o devo&#8221;. O amor nos permite aprender com aqueles que pensam diferente de n\u00f3s, e a ver a beleza nas diferen\u00e7as. Quando amamos algu\u00e9m, queremos compreender suas perspectivas, e isso pode nos ajudar a crescer como indiv\u00edduos e como sociedade.<\/p>\n<p>Schiller foi uma figura importante do Iluminismo alem\u00e3o, e suas obras, como &#8220;A Conjura\u00e7\u00e3o de Fiesco&#8221; (1783) e &#8220;A Donzela de Orleans&#8221; (1801).<\/p>\n<p>O sacerdote e escritor franc\u00eas, Michel Quoist (1921-1997), disse que &#8220;A pessoa que nunca errou foi aquela que nunca fez coisa alguma&#8221;. Todos cometemos erros, mas \u00e9 o amor que nos ajuda a aceit\u00e1-los e a aprender com eles. O amor nos ensina a ser gentis e compassivos com n\u00f3s mesmos e com os outros, e a encontrar beleza e significado mesmo nas situa\u00e7\u00f5es mais dif\u00edceis.<\/p>\n<p>Quoist dedicou sua vida \u00e0 Igreja Cat\u00f3lica e \u00e0 escrita, e suas obras, como &#8220;Ora\u00e7\u00f5es&#8221; (1954) e &#8220;Tempo para Viver&#8221; (1969), s\u00e3o apreciadas por muitos pela sua profundidade e inspira\u00e7\u00e3o.<\/p>\n<p>Esses quatro grandes pensadores nos ensinam que o amor \u00e9 a chave para a resolu\u00e7\u00e3o de conflitos, a aceita\u00e7\u00e3o da diversidade, e a compaix\u00e3o pelos outros e por n\u00f3s mesmos. Quando falamos a linguagem do amor, podemos construir relacionamentos mais fortes e significativos, e criar um mundo mais amoroso e pac\u00edfico.<\/p>\n<p>A linguagem do amor \u00e9 o discurso mais nobre e verdadeiro que pode existir, pois ela tem o poder de alcan\u00e7ar o ser humano em todas as suas diversas maneiras de expressar o seu talento, como um livro para ser lido, uma visita a uma biblioteca, um resumo de uma p\u00e1gina de jornal, a partitura de uma letra de m\u00fasica, uma can\u00e7\u00e3o, uma pe\u00e7a de teatro, um jogral po\u00e9tico, uma roda de poesia, e outras formas de arte e cultura. \u00c9 a palavra que toca o cora\u00e7\u00e3o, que acalma a alma e que acende a chama da paix\u00e3o. \u00c9 a voz que ecoa na mente, que alimenta os sonhos e que nos faz acreditar na felicidade. Assim, n\u00e3o h\u00e1 nada mais poderoso do que o amor e a sua linguagem.<\/p>\n<p>Texto e foto: Padre Joacir d\u2019Abadia, Fil\u00f3sofo, autor de 16 livros, Especialista em Doc\u00eancia do Ensino Superior, Bacharel em Filosofia e Teologia, Licenciando em Filosofia, Professor de Filosofia Pr\u00e1tica. Acad\u00eamico: ALANEG, ALBPLGO, AlLAP, FEBACLA e da &#8220;Casa do Poeta Brasileiro &#8211; Se\u00e7\u00e3o Formosa-GO&#8221;_ Contato: (61) 9 9931-5433 | Segue l\u00e1 no Instagram: https:\/\/www.instagram.com\/padrejoacirdabadia\/<\/p>\n","protected":false},"excerpt":{"rendered":"<p>O amor \u00e9 a linguagem mais poderosa e transformadora que existe. Todavia, o melhor discurso \u00e9, sem d\u00favida, a linguagem do amor. Porque ela \u00e9 a \u00fanica que pode mudar o mundo, que pode transformar as pessoas, que pode nos fazer ver a vida com outros olhos. Ela \u00e9 a chave que abre todas as&nbsp;<\/p>\n<p><a class=\"btn btn-style\" href=\"https:\/\/portalcatolico.net\/portal\/melhor-discurso-e-a-linguagem-do-amor\/\">Continue Reading<\/a><\/p>\n","protected":false},"author":2,"featured_media":77598,"comment_status":"open","ping_status":"open","sticky":false,"template":"","format":"standard","meta":{"footnotes":""},"categories":[69],"tags":[],"class_list":["post-77597","post","type-post","status-publish","format-standard","has-post-thumbnail","hentry","category-artigos"],"_links":{"self":[{"href":"https:\/\/portalcatolico.net\/portal\/wp-json\/wp\/v2\/posts\/77597","targetHints":{"allow":["GET"]}}],"collection":[{"href":"https:\/\/portalcatolico.net\/portal\/wp-json\/wp\/v2\/posts"}],"about":[{"href":"https:\/\/portalcatolico.net\/portal\/wp-json\/wp\/v2\/types\/post"}],"author":[{"embeddable":true,"href":"https:\/\/portalcatolico.net\/portal\/wp-json\/wp\/v2\/users\/2"}],"replies":[{"embeddable":true,"href":"https:\/\/portalcatolico.net\/portal\/wp-json\/wp\/v2\/comments?post=77597"}],"version-history":[{"count":1,"href":"https:\/\/portalcatolico.net\/portal\/wp-json\/wp\/v2\/posts\/77597\/revisions"}],"predecessor-version":[{"id":77599,"href":"https:\/\/portalcatolico.net\/portal\/wp-json\/wp\/v2\/posts\/77597\/revisions\/77599"}],"wp:featuredmedia":[{"embeddable":true,"href":"https:\/\/portalcatolico.net\/portal\/wp-json\/wp\/v2\/media\/77598"}],"wp:attachment":[{"href":"https:\/\/portalcatolico.net\/portal\/wp-json\/wp\/v2\/media?parent=77597"}],"wp:term":[{"taxonomy":"category","embeddable":true,"href":"https:\/\/portalcatolico.net\/portal\/wp-json\/wp\/v2\/categories?post=77597"},{"taxonomy":"post_tag","embeddable":true,"href":"https:\/\/portalcatolico.net\/portal\/wp-json\/wp\/v2\/tags?post=77597"}],"curies":[{"name":"wp","href":"https:\/\/api.w.org\/{rel}","templated":true}]}}