{"id":77582,"date":"2023-03-11T20:19:58","date_gmt":"2023-03-11T23:19:58","guid":{"rendered":"http:\/\/portalcatolico.net\/portal\/?p=77582"},"modified":"2023-03-11T20:19:58","modified_gmt":"2023-03-11T23:19:58","slug":"paroquia-em-sao-jose-da-vitoria-divulga-programacao-em-homenagem-a-sao-jose-confira","status":"publish","type":"post","link":"https:\/\/portalcatolico.net\/portal\/paroquia-em-sao-jose-da-vitoria-divulga-programacao-em-homenagem-a-sao-jose-confira\/","title":{"rendered":"Par\u00f3quia em S\u00e3o Jos\u00e9 da Vit\u00f3ria divulga programa\u00e7\u00e3o em homenagem a S\u00e3o Jos\u00e9. Confira!"},"content":{"rendered":"<div class=\"v1ContentPasted0\">De 10 a 19 de mar\u00e7o, a Par\u00f3quia S\u00e3o Jos\u00e9 situada em S\u00e3o Jos\u00e9 da Vit\u00f3ria (BA), vai realizar celebra\u00e7\u00f5es em homenagem ao padroeiro.<\/div>\n<div class=\"v1ContentPasted0\">Nesta sexta-feira (10), a programa\u00e7\u00e3o come\u00e7a num hor\u00e1rio especial, \u00e0s 17h, com a tradicional carreata. A concentra\u00e7\u00e3o da carreata vai ser em frente ao Est\u00e1dio Municipal e terminar\u00e1 na igreja matriz, onde acontece a santa missa, \u00e0s 19h.<\/div>\n<p>Nos dias seguintes, a programa\u00e7\u00e3o come\u00e7ar\u00e1 sempre \u00e0s 19h com a missa. Toda a comunidade est\u00e1 convidada para participar desse per\u00edodo t\u00e3o especial. &nbsp;<\/p>\n","protected":false},"excerpt":{"rendered":"<p>De 10 a 19 de mar\u00e7o, a Par\u00f3quia S\u00e3o Jos\u00e9 situada em S\u00e3o Jos\u00e9 da Vit\u00f3ria (BA), vai realizar celebra\u00e7\u00f5es em homenagem ao padroeiro. Nesta sexta-feira (10), a programa\u00e7\u00e3o come\u00e7a num hor\u00e1rio especial, \u00e0s 17h, com a tradicional carreata. A concentra\u00e7\u00e3o da carreata vai ser em frente ao Est\u00e1dio Municipal e terminar\u00e1 na igreja matriz,&nbsp;<\/p>\n<p><a class=\"btn btn-style\" href=\"https:\/\/portalcatolico.net\/portal\/paroquia-em-sao-jose-da-vitoria-divulga-programacao-em-homenagem-a-sao-jose-confira\/\">Continue Reading<\/a><\/p>\n","protected":false},"author":2,"featured_media":63531,"comment_status":"open","ping_status":"open","sticky":false,"template":"","format":"standard","meta":{"footnotes":""},"categories":[3],"tags":[],"class_list":["post-77582","post","type-post","status-publish","format-standard","has-post-thumbnail","hentry","category-noticias_regionais"],"_links":{"self":[{"href":"https:\/\/portalcatolico.net\/portal\/wp-json\/wp\/v2\/posts\/77582","targetHints":{"allow":["GET"]}}],"collection":[{"href":"https:\/\/portalcatolico.net\/portal\/wp-json\/wp\/v2\/posts"}],"about":[{"href":"https:\/\/portalcatolico.net\/portal\/wp-json\/wp\/v2\/types\/post"}],"author":[{"embeddable":true,"href":"https:\/\/portalcatolico.net\/portal\/wp-json\/wp\/v2\/users\/2"}],"replies":[{"embeddable":true,"href":"https:\/\/portalcatolico.net\/portal\/wp-json\/wp\/v2\/comments?post=77582"}],"version-history":[{"count":1,"href":"https:\/\/portalcatolico.net\/portal\/wp-json\/wp\/v2\/posts\/77582\/revisions"}],"predecessor-version":[{"id":77583,"href":"https:\/\/portalcatolico.net\/portal\/wp-json\/wp\/v2\/posts\/77582\/revisions\/77583"}],"wp:featuredmedia":[{"embeddable":true,"href":"https:\/\/portalcatolico.net\/portal\/wp-json\/wp\/v2\/media\/63531"}],"wp:attachment":[{"href":"https:\/\/portalcatolico.net\/portal\/wp-json\/wp\/v2\/media?parent=77582"}],"wp:term":[{"taxonomy":"category","embeddable":true,"href":"https:\/\/portalcatolico.net\/portal\/wp-json\/wp\/v2\/categories?post=77582"},{"taxonomy":"post_tag","embeddable":true,"href":"https:\/\/portalcatolico.net\/portal\/wp-json\/wp\/v2\/tags?post=77582"}],"curies":[{"name":"wp","href":"https:\/\/api.w.org\/{rel}","templated":true}]}}