{"id":77579,"date":"2023-03-08T20:04:42","date_gmt":"2023-03-08T23:04:42","guid":{"rendered":"http:\/\/portalcatolico.net\/portal\/?p=77579"},"modified":"2023-03-08T20:05:01","modified_gmt":"2023-03-08T23:05:01","slug":"dia-internacional-da-mulher-um-olhar-criativo-e-um-coracao-terno","status":"publish","type":"post","link":"https:\/\/portalcatolico.net\/portal\/dia-internacional-da-mulher-um-olhar-criativo-e-um-coracao-terno\/","title":{"rendered":"Dia Internacional da Mulher: um olhar criativo e um cora\u00e7\u00e3o terno"},"content":{"rendered":"<div class=\"article__subTitle\">&#8220;Neste dia Internacional da mulher, agrade\u00e7o-lhes pelo empenho na constru\u00e7\u00e3o de uma sociedade mais humana, atrav\u00e9s da sua capacidade de perceber a realidade com um olhar criativo e um cora\u00e7\u00e3o terno. Este \u00e9 um privil\u00e9gio apenas das mulheres!&#8221;<\/div>\n<div>&nbsp;<\/div>\n<div class=\"title__separator\">\n<p>O Dia Internacional da mulher traz em si um resgate de valores que s\u00e3o essencialmente femininos. Muito al\u00e9m de uma luta de g\u00eaneros, a data comemorativa procura ressaltar caracter\u00edsticas que lhe s\u00e3o particulares. Em sua Audi\u00eancia Geral desta manh\u00e3 o Papa Francisco relembra em sua catequese, de forma especial, a celebra\u00e7\u00e3o de hoje:<\/p>\n<p><i>Neste dia Internacional da mulher, agrade\u00e7o-lhes pelo empenho na constru\u00e7\u00e3o de uma sociedade mais humana, atrav\u00e9s da sua capacidade de perceber a realidade com um olhar criativo e um cora\u00e7\u00e3o terno. Este \u00e9 um privil\u00e9gio apenas das mulheres! Uma b\u00ean\u00e7\u00e3o especial para todas as mulheres presentes na pra\u00e7a. E uma salva de palmas para as mulheres! Elas merecem!\u2019<\/i><\/p>\n<p>De fato, olhar para a mulher neste dia, faz retomar as caracter\u00edsticas divinas que levam \u00e0 afirma\u00e7\u00e3o de que Deus \u00e9 Pai, e tamb\u00e9m \u00e9 M\u00e3e. E pensando \u00e0 maternidade divina, se confirmam estas duas caracter\u00edsticas humanas: a criatividade e a ternura.<\/p>\n<p>A criatividade como dom do Esp\u00edrito, que faz ver com olhar potencialmente confiante a criatura divina, por vezes reduzida aos limites da pr\u00f3pria realidade. Discorrendo ainda sobre o tema da Evangeliza\u00e7\u00e3o, o Papa relembrou a responsabilidade de cada evangelizador e evangelizadora em anunciar com a criatividade que \u00e9 caracter\u00edstica pr\u00f3pria da vida crist\u00e3. Nesta miss\u00e3o, muitas mulheres doam suas vidas no caminho do seguimento de Jesus, iniciado no batismo.<\/p>\n<p>Tamb\u00e9m \u00e0 imagem de Deus que ama a todos os seus filhos com cora\u00e7\u00e3o grande e terno, vemos ressoar nas mulheres o desafio de acolher a humanidade, principalmente os mais pobres e sofredores, com a caracter\u00edstica pr\u00f3pria do cora\u00e7\u00e3o de Deus: sua ternura infinita com a qual abra\u00e7a a todos os seus filhos, e a cada um em particular.<\/p>\n<p>Diante de Nossa Senhora, espelho e modelo de vida crist\u00e3, est\u00e1 refletida a imagem do sonho de Deus para todo ser humano, por isso, de modo especial neste dia, o apelo seja adentrar no espa\u00e7o sagrado do pr\u00f3prio interior com olhos novos, sempre mais inspiradas e inspirados pelo Esp\u00edrito, pela&nbsp;<i>Santa Ruah<\/i>, que guia e d\u00e1 dinamismo e feminilidade \u00e0 vida crist\u00e3.<\/p>\n<\/div>\n<div class=\"article__text\">\n<p><b>Por: Ir. Grazielle Rigotti &#8211; Cidade do Vaticano\/Vatican News<\/b><\/p>\n<\/div>\n","protected":false},"excerpt":{"rendered":"<p>&#8220;Neste dia Internacional da mulher, agrade\u00e7o-lhes pelo empenho na constru\u00e7\u00e3o de uma sociedade mais humana, atrav\u00e9s da sua capacidade de perceber a realidade com um olhar criativo e um cora\u00e7\u00e3o terno. Este \u00e9 um privil\u00e9gio apenas das mulheres!&#8221; &nbsp; O Dia Internacional da mulher traz em si um resgate de valores que s\u00e3o essencialmente femininos.&nbsp;<\/p>\n<p><a class=\"btn btn-style\" href=\"https:\/\/portalcatolico.net\/portal\/dia-internacional-da-mulher-um-olhar-criativo-e-um-coracao-terno\/\">Continue Reading<\/a><\/p>\n","protected":false},"author":2,"featured_media":77580,"comment_status":"open","ping_status":"open","sticky":false,"template":"","format":"standard","meta":{"footnotes":""},"categories":[5],"tags":[],"class_list":["post-77579","post","type-post","status-publish","format-standard","has-post-thumbnail","hentry","category-igreja_no_mundo"],"_links":{"self":[{"href":"https:\/\/portalcatolico.net\/portal\/wp-json\/wp\/v2\/posts\/77579","targetHints":{"allow":["GET"]}}],"collection":[{"href":"https:\/\/portalcatolico.net\/portal\/wp-json\/wp\/v2\/posts"}],"about":[{"href":"https:\/\/portalcatolico.net\/portal\/wp-json\/wp\/v2\/types\/post"}],"author":[{"embeddable":true,"href":"https:\/\/portalcatolico.net\/portal\/wp-json\/wp\/v2\/users\/2"}],"replies":[{"embeddable":true,"href":"https:\/\/portalcatolico.net\/portal\/wp-json\/wp\/v2\/comments?post=77579"}],"version-history":[{"count":1,"href":"https:\/\/portalcatolico.net\/portal\/wp-json\/wp\/v2\/posts\/77579\/revisions"}],"predecessor-version":[{"id":77581,"href":"https:\/\/portalcatolico.net\/portal\/wp-json\/wp\/v2\/posts\/77579\/revisions\/77581"}],"wp:featuredmedia":[{"embeddable":true,"href":"https:\/\/portalcatolico.net\/portal\/wp-json\/wp\/v2\/media\/77580"}],"wp:attachment":[{"href":"https:\/\/portalcatolico.net\/portal\/wp-json\/wp\/v2\/media?parent=77579"}],"wp:term":[{"taxonomy":"category","embeddable":true,"href":"https:\/\/portalcatolico.net\/portal\/wp-json\/wp\/v2\/categories?post=77579"},{"taxonomy":"post_tag","embeddable":true,"href":"https:\/\/portalcatolico.net\/portal\/wp-json\/wp\/v2\/tags?post=77579"}],"curies":[{"name":"wp","href":"https:\/\/api.w.org\/{rel}","templated":true}]}}