{"id":77576,"date":"2023-03-08T20:01:52","date_gmt":"2023-03-08T23:01:52","guid":{"rendered":"http:\/\/portalcatolico.net\/portal\/?p=77576"},"modified":"2023-03-08T20:01:52","modified_gmt":"2023-03-08T23:01:52","slug":"o-papa-nomeia-bispo-auxiliar-para-a-arquidiocese-de-porto-alegre","status":"publish","type":"post","link":"https:\/\/portalcatolico.net\/portal\/o-papa-nomeia-bispo-auxiliar-para-a-arquidiocese-de-porto-alegre\/","title":{"rendered":"O Papa nomeia bispo auxiliar para a Arquidiocese de Porto Alegre"},"content":{"rendered":"<div class=\"article__subTitle\">Trata-se do padre Juarez Albino Destro, religioso da Congrega\u00e7\u00e3o dos Rogacionistas do Cora\u00e7\u00e3o de Jesus. Ordenado sacerdote em 24 de agosto de 1996, ser\u00e1 o novo bispo auxiliar de Porto Alegre<\/div>\n<div>&nbsp;<\/div>\n<div>\n<p>O Santo Padre nomeou esta quarta-feira, 8 de mar\u00e7o, bispo auxiliar da Arquidiocese de Porto Alegre, no Rio Grande do Sul, o padre Juarez Albino Destro. Padre Juarez Albino Destro nasceu em 9 de abril de 1967 em Crici\u00fama, na Diocese de mesmo nome, no Estado de Santa Catarina.<\/p>\n<p><strong>Forma\u00e7\u00e3o<\/strong><\/p>\n<p>Fez os estudos filos\u00f3ficos no Instituto Vicentino de Filosofia em Curitiba-PR e os estudos de Teologia no Instituto Teol\u00f3gico S\u00e3o Paulo em S\u00e3o Paulo-SP. Participou de um curso de comunica\u00e7\u00e3o do CELAM em Puebla, no M\u00e9xico.<\/p>\n<p>Em 27 de janeiro de 1990 fez sua Profiss\u00e3o Religiosa na Congrega\u00e7\u00e3o dos Rogacionistas do Cora\u00e7\u00e3o de Jesus e foi ordenado sacerdote em 24 de agosto de 1996.<\/p>\n<p><strong>Cargos exercidos<\/strong><\/p>\n<p>Exerceu os seguintes cargos: diretor da Revista Rogate e Membro do Instituto de Pastoral Vocacional em S\u00e3o Paulo-SP (1997-2010); secret\u00e1rio da Prov\u00edncia de S\u00e3o Lucas com sede em S\u00e3o Paulo-SP (1997-2022); conselheiro provincial (2002-2009); superior provincial (2010-2018); mestre de Novi\u00e7os em Bras\u00edlia-DF; vig\u00e1rio provincial; conselheiro para a Forma\u00e7\u00e3o e secret\u00e1rio provincial.<\/p>\n<p>Desde 2019 \u00e9 assessor da Comiss\u00e3o Episcopal Pastoral para os Minist\u00e9rios Ordenados e Vida Consagrada da Confer\u00eancia Nacional dos Bispos do Brasil &#8211; CNBB.<\/p>\n<\/div>\n<div class=\"title__separator\"><b>Fonte:Vatican News<\/b><\/div>\n","protected":false},"excerpt":{"rendered":"<p>Trata-se do padre Juarez Albino Destro, religioso da Congrega\u00e7\u00e3o dos Rogacionistas do Cora\u00e7\u00e3o de Jesus. Ordenado sacerdote em 24 de agosto de 1996, ser\u00e1 o novo bispo auxiliar de Porto Alegre &nbsp; O Santo Padre nomeou esta quarta-feira, 8 de mar\u00e7o, bispo auxiliar da Arquidiocese de Porto Alegre, no Rio Grande do Sul, o padre&nbsp;<\/p>\n<p><a class=\"btn btn-style\" href=\"https:\/\/portalcatolico.net\/portal\/o-papa-nomeia-bispo-auxiliar-para-a-arquidiocese-de-porto-alegre\/\">Continue Reading<\/a><\/p>\n","protected":false},"author":2,"featured_media":77577,"comment_status":"open","ping_status":"open","sticky":false,"template":"","format":"standard","meta":{"footnotes":""},"categories":[5],"tags":[],"class_list":["post-77576","post","type-post","status-publish","format-standard","has-post-thumbnail","hentry","category-igreja_no_mundo"],"_links":{"self":[{"href":"https:\/\/portalcatolico.net\/portal\/wp-json\/wp\/v2\/posts\/77576","targetHints":{"allow":["GET"]}}],"collection":[{"href":"https:\/\/portalcatolico.net\/portal\/wp-json\/wp\/v2\/posts"}],"about":[{"href":"https:\/\/portalcatolico.net\/portal\/wp-json\/wp\/v2\/types\/post"}],"author":[{"embeddable":true,"href":"https:\/\/portalcatolico.net\/portal\/wp-json\/wp\/v2\/users\/2"}],"replies":[{"embeddable":true,"href":"https:\/\/portalcatolico.net\/portal\/wp-json\/wp\/v2\/comments?post=77576"}],"version-history":[{"count":1,"href":"https:\/\/portalcatolico.net\/portal\/wp-json\/wp\/v2\/posts\/77576\/revisions"}],"predecessor-version":[{"id":77578,"href":"https:\/\/portalcatolico.net\/portal\/wp-json\/wp\/v2\/posts\/77576\/revisions\/77578"}],"wp:featuredmedia":[{"embeddable":true,"href":"https:\/\/portalcatolico.net\/portal\/wp-json\/wp\/v2\/media\/77577"}],"wp:attachment":[{"href":"https:\/\/portalcatolico.net\/portal\/wp-json\/wp\/v2\/media?parent=77576"}],"wp:term":[{"taxonomy":"category","embeddable":true,"href":"https:\/\/portalcatolico.net\/portal\/wp-json\/wp\/v2\/categories?post=77576"},{"taxonomy":"post_tag","embeddable":true,"href":"https:\/\/portalcatolico.net\/portal\/wp-json\/wp\/v2\/tags?post=77576"}],"curies":[{"name":"wp","href":"https:\/\/api.w.org\/{rel}","templated":true}]}}