{"id":77573,"date":"2023-03-08T19:55:26","date_gmt":"2023-03-08T22:55:26","guid":{"rendered":"http:\/\/portalcatolico.net\/portal\/?p=77573"},"modified":"2023-03-08T19:56:10","modified_gmt":"2023-03-08T22:56:10","slug":"participe-dos-festejos-em-honra-ao-glorioso-sao-jose-em-una","status":"publish","type":"post","link":"https:\/\/portalcatolico.net\/portal\/participe-dos-festejos-em-honra-ao-glorioso-sao-jose-em-una\/","title":{"rendered":"Participe dos festejos em honra ao glorioso S\u00e3o Jos\u00e9 em Una!"},"content":{"rendered":"<div class=\"v1elementToProof v1ContentPasted0\">Os fieis de Una (BA), j\u00e1 est\u00e3o em prepara\u00e7\u00e3o para celebrar o padroeiro S\u00e3o Jos\u00e9, com noven\u00e1rio e festa no Dia Santo, feriado municipal.<\/div>\n<div class=\"v1elementToProof v1ContentPasted0\">O tema central deste ano \u00e9: &#8220;Comunidade de comunidades: uma nova par\u00f3quia.&#8221;<\/div>\n<div class=\"v1elementToProof v1ContentPasted0\">A programa\u00e7\u00e3o come\u00e7a no dia 9 de mar\u00e7o, com a grande Carreata em homenagem ao padroeiro da cidade.<\/div>\n<div class=\"v1elementToProof v1ContentPasted0\">A carreata sair\u00e1 do Est\u00e1dio Municipal de Una, \u00e0s 18h. Logo ap\u00f3s a carreata, acontece a ben\u00e7\u00e3o dos ve\u00edculos. Em seguida, tem santa missa.<\/div>\n<div class=\"v1elementToProof v1ContentPasted0\">A partir do dia 10, acontecem as celebra\u00e7\u00f5es&nbsp;do noven\u00e1rio a partir das 19h.<\/div>\n<div class=\"v1elementToProof v1ContentPasted0\">&nbsp;J\u00e1 no dia festivo, a programa\u00e7\u00e3o come\u00e7a \u00e0s 6 da manh\u00e3 e segue at\u00e9 depois das 20h30.<\/div>\n<div class=\"v1elementToProof v1ContentPasted0\">A tradicional prociss\u00e3o luminosa com a imagem de S\u00e3o Jos\u00e9 pela cidade, ocorrer\u00e1 \u00e0s 19h30.<\/div>\n","protected":false},"excerpt":{"rendered":"<p>Os fieis de Una (BA), j\u00e1 est\u00e3o em prepara\u00e7\u00e3o para celebrar o padroeiro S\u00e3o Jos\u00e9, com noven\u00e1rio e festa no Dia Santo, feriado municipal. O tema central deste ano \u00e9: &#8220;Comunidade de comunidades: uma nova par\u00f3quia.&#8221; A programa\u00e7\u00e3o come\u00e7a no dia 9 de mar\u00e7o, com a grande Carreata em homenagem ao padroeiro da cidade. A&nbsp;<\/p>\n<p><a class=\"btn btn-style\" href=\"https:\/\/portalcatolico.net\/portal\/participe-dos-festejos-em-honra-ao-glorioso-sao-jose-em-una\/\">Continue Reading<\/a><\/p>\n","protected":false},"author":2,"featured_media":75034,"comment_status":"open","ping_status":"open","sticky":false,"template":"","format":"standard","meta":{"footnotes":""},"categories":[4],"tags":[],"class_list":["post-77573","post","type-post","status-publish","format-standard","has-post-thumbnail","hentry","category-destaques"],"_links":{"self":[{"href":"https:\/\/portalcatolico.net\/portal\/wp-json\/wp\/v2\/posts\/77573","targetHints":{"allow":["GET"]}}],"collection":[{"href":"https:\/\/portalcatolico.net\/portal\/wp-json\/wp\/v2\/posts"}],"about":[{"href":"https:\/\/portalcatolico.net\/portal\/wp-json\/wp\/v2\/types\/post"}],"author":[{"embeddable":true,"href":"https:\/\/portalcatolico.net\/portal\/wp-json\/wp\/v2\/users\/2"}],"replies":[{"embeddable":true,"href":"https:\/\/portalcatolico.net\/portal\/wp-json\/wp\/v2\/comments?post=77573"}],"version-history":[{"count":2,"href":"https:\/\/portalcatolico.net\/portal\/wp-json\/wp\/v2\/posts\/77573\/revisions"}],"predecessor-version":[{"id":77575,"href":"https:\/\/portalcatolico.net\/portal\/wp-json\/wp\/v2\/posts\/77573\/revisions\/77575"}],"wp:featuredmedia":[{"embeddable":true,"href":"https:\/\/portalcatolico.net\/portal\/wp-json\/wp\/v2\/media\/75034"}],"wp:attachment":[{"href":"https:\/\/portalcatolico.net\/portal\/wp-json\/wp\/v2\/media?parent=77573"}],"wp:term":[{"taxonomy":"category","embeddable":true,"href":"https:\/\/portalcatolico.net\/portal\/wp-json\/wp\/v2\/categories?post=77573"},{"taxonomy":"post_tag","embeddable":true,"href":"https:\/\/portalcatolico.net\/portal\/wp-json\/wp\/v2\/tags?post=77573"}],"curies":[{"name":"wp","href":"https:\/\/api.w.org\/{rel}","templated":true}]}}