{"id":77568,"date":"2023-03-08T19:42:55","date_gmt":"2023-03-08T22:42:55","guid":{"rendered":"http:\/\/portalcatolico.net\/portal\/?p=77568"},"modified":"2023-03-08T19:43:46","modified_gmt":"2023-03-08T22:43:46","slug":"bahia-e-sergipe-realizam-retiro-anual-da-comissao-regional","status":"publish","type":"post","link":"https:\/\/portalcatolico.net\/portal\/bahia-e-sergipe-realizam-retiro-anual-da-comissao-regional\/","title":{"rendered":"Bahia e Sergipe realizam retiro anual da Comiss\u00e3o Regional"},"content":{"rendered":"<div class=\"col-12 mt-5 teste\">\n<p>A Comiss\u00e3o Regional Nordeste 3 da Pastoral Familiar, que re\u00fane os estados da Bahia e Sergipe, promoveu, no \u00faltimo final de semana (3, 4 e 5 de mar\u00e7o), um Retiro Espiritual para os integrantes da sua coordena\u00e7\u00e3o. O encontro foi realizado no Semin\u00e1rio Proped\u00eautico S\u00e3o Jos\u00e9, na cidade de Itabuna (BA).<\/p>\n<p>Em sintonia com o ano vocacional, o retiro teve como tema: \u201cCora\u00e7\u00f5es ardentes, p\u00e9s a caminho\u201d (cf. Lc 24, 32-33). O primeiro momento de reflex\u00e3o, na sexta-feira (3), foi com Dom Carlos Alberto, bispo da Diocese de Itabuna e referencial para a Pastoral Familiar no Regional. Ele abordou o tema: \u201cO crist\u00e3o leigo, sujeito na igreja e no mundo: Esperan\u00e7as e ang\u00fastias\u201d. A noite foi encerrada com um momento de Adora\u00e7\u00e3o e B\u00ean\u00e7\u00e3o do Sant\u00edssimo Sacramento conduzida pelo Di\u00e1cono Trajano.<\/p>\n<p>O segundo dia come\u00e7ou com a Santa Missa. Na sequ\u00eancia, foi a vez de ouvir o testemunho de Dona Gladyz Almeida com tema: \u201cA participa\u00e7\u00e3o na vida e na miss\u00e3o da igreja.\u201d Ela recomendou que todos trabalhassem de maneira intensa a sua vida espiritual pois \u201ca f\u00e9 nos transforma, nos ilumina e leva a transmitir a Palavra a toda a sociedade\u201d e lembrou que \u201co amor \u00e9 mola propulsora de tudo, ningu\u00e9m consegue ter f\u00e9 sem amar.\u201d<\/p>\n<p>Na parte da tarde, o padre Edson Bahia, assessor eclesi\u00e1stico da Pastoral Familiar no Regional Nordeste 3, fez a terceira partilha: \u201cA comunh\u00e3o na diversidade\u201d. Ele iniciou lembrando o Evangelho de S\u00e3o Tiago quando diz que \u201ca f\u00e9 sem obras \u00e9 morta\u201d. Em sua defini\u00e7\u00e3o, \u201ca Pastoral Familiar \u00e9 a pastoral que cuida de pessoas e que tem por miss\u00e3o anunciar o querigma\u201d, afirmou.<\/p>\n<p>No \u00faltimo dia do retiro, a Santa Missa foi presidida por Dom Carlos Alberto e concelebrada por padre Edson Bahia. Em sua homilia, ele nos exortou a avan\u00e7ar com determina\u00e7\u00e3o lembrando o pr\u00f3prio Jesus no Evangelho do dia quando nos manda: \u201clevantai-vos e n\u00e3o tenhais medo. Em seguida os casais que comp\u00f5em da Comiss\u00e3o Regional receberam a ben\u00e7\u00e3o de envio para a miss\u00e3o.<\/p>\n<p>\u201cFoi um final de semana onde tudo aconteceu com a condu\u00e7\u00e3o do Espirito Santo, momento \u00edmpar, oportunidade para trabalhar a nossa espiritualidade e estreitar cada vez mais os la\u00e7os de amizade para, juntos como equipe, trabalhar na Messe do Senhor.\u201d disse o casal coordenador do regional, J\u00falio e K\u00e1tia.<\/p>\n<figure class=\"is-layout-flex wp-block-gallery-1 wp-block-gallery has-nested-images columns-default is-cropped\">\n<figure class=\"wp-block-image size-large\"><img loading=\"lazy\" decoding=\"async\" class=\"wp-image-12399\" src=\"https:\/\/vidaefamilia.org.br\/wp-content\/uploads\/2023\/03\/NE-4-1024x1024.jpeg\" sizes=\"auto, (max-width: 1024px) 100vw, 1024px\" srcset=\"https:\/\/vidaefamilia.org.br\/wp-content\/uploads\/2023\/03\/NE-4-1024x1024.jpeg 1024w, https:\/\/vidaefamilia.org.br\/wp-content\/uploads\/2023\/03\/NE-4-300x300.jpeg 300w, https:\/\/vidaefamilia.org.br\/wp-content\/uploads\/2023\/03\/NE-4-150x150.jpeg 150w, https:\/\/vidaefamilia.org.br\/wp-content\/uploads\/2023\/03\/NE-4-768x768.jpeg 768w, https:\/\/vidaefamilia.org.br\/wp-content\/uploads\/2023\/03\/NE-4-640x640.jpeg 640w, https:\/\/vidaefamilia.org.br\/wp-content\/uploads\/2023\/03\/NE-4.jpeg 1280w\" alt=\"\" width=\"1024\" height=\"1024\" data-id=\"12399\"><\/figure>\n<figure class=\"wp-block-image size-large\"><img loading=\"lazy\" decoding=\"async\" class=\"wp-image-12398\" src=\"https:\/\/vidaefamilia.org.br\/wp-content\/uploads\/2023\/03\/NE-3-1024x1024.jpeg\" sizes=\"auto, (max-width: 1024px) 100vw, 1024px\" srcset=\"https:\/\/vidaefamilia.org.br\/wp-content\/uploads\/2023\/03\/NE-3-1024x1024.jpeg 1024w, https:\/\/vidaefamilia.org.br\/wp-content\/uploads\/2023\/03\/NE-3-300x300.jpeg 300w, https:\/\/vidaefamilia.org.br\/wp-content\/uploads\/2023\/03\/NE-3-150x150.jpeg 150w, https:\/\/vidaefamilia.org.br\/wp-content\/uploads\/2023\/03\/NE-3-768x768.jpeg 768w, https:\/\/vidaefamilia.org.br\/wp-content\/uploads\/2023\/03\/NE-3-1536x1536.jpeg 1536w, https:\/\/vidaefamilia.org.br\/wp-content\/uploads\/2023\/03\/NE-3-640x640.jpeg 640w, https:\/\/vidaefamilia.org.br\/wp-content\/uploads\/2023\/03\/NE-3.jpeg 1600w\" alt=\"\" width=\"1024\" height=\"1024\" data-id=\"12398\"><\/figure>\n<figure class=\"wp-block-image size-large\"><img loading=\"lazy\" decoding=\"async\" class=\"wp-image-12400\" src=\"https:\/\/vidaefamilia.org.br\/wp-content\/uploads\/2023\/03\/NE-2-1024x1024.jpeg\" sizes=\"auto, (max-width: 1024px) 100vw, 1024px\" srcset=\"https:\/\/vidaefamilia.org.br\/wp-content\/uploads\/2023\/03\/NE-2-1024x1024.jpeg 1024w, https:\/\/vidaefamilia.org.br\/wp-content\/uploads\/2023\/03\/NE-2-300x300.jpeg 300w, https:\/\/vidaefamilia.org.br\/wp-content\/uploads\/2023\/03\/NE-2-150x150.jpeg 150w, https:\/\/vidaefamilia.org.br\/wp-content\/uploads\/2023\/03\/NE-2-768x768.jpeg 768w, https:\/\/vidaefamilia.org.br\/wp-content\/uploads\/2023\/03\/NE-2-640x640.jpeg 640w, https:\/\/vidaefamilia.org.br\/wp-content\/uploads\/2023\/03\/NE-2.jpeg 1200w\" alt=\"\" width=\"1024\" height=\"1024\" data-id=\"12400\"><\/figure>\n<figure class=\"wp-block-image size-large\"><img loading=\"lazy\" decoding=\"async\" class=\"wp-image-12401\" src=\"https:\/\/vidaefamilia.org.br\/wp-content\/uploads\/2023\/03\/NE-1-1024x1024.jpeg\" sizes=\"auto, (max-width: 1024px) 100vw, 1024px\" srcset=\"https:\/\/vidaefamilia.org.br\/wp-content\/uploads\/2023\/03\/NE-1-1024x1024.jpeg 1024w, https:\/\/vidaefamilia.org.br\/wp-content\/uploads\/2023\/03\/NE-1-300x300.jpeg 300w, https:\/\/vidaefamilia.org.br\/wp-content\/uploads\/2023\/03\/NE-1-150x150.jpeg 150w, https:\/\/vidaefamilia.org.br\/wp-content\/uploads\/2023\/03\/NE-1-768x768.jpeg 768w, https:\/\/vidaefamilia.org.br\/wp-content\/uploads\/2023\/03\/NE-1-640x640.jpeg 640w, https:\/\/vidaefamilia.org.br\/wp-content\/uploads\/2023\/03\/NE-1.jpeg 1080w\" alt=\"\" width=\"1024\" height=\"1024\" data-id=\"12401\"><\/figure>\n<\/figure>\n<pre class=\"wp-block-preformatted\">Texto: Por J\u00falio e K\u00e1tia Sousa\r\nAgentes de Comunica\u00e7\u00e3o do Regional Nordeste 3\r\nCoordena\u00e7\u00e3o Regional Pastoral Familiar\r\nEdi\u00e7\u00e3o: Andr\u00e9 Luiz Gomes<\/pre>\n<div id=\"shr_canvas2\" class=\"shareaholic-canvas shareaholic-resolved-canvas shareaholic-ui\" data-app=\"share_buttons\" data-title=\"Bahia e Sergipe realizam retiro anual da Comiss\u00e3o Regional\" data-link=\"https:\/\/vidaefamilia.org.br\/bahia-e-sergipe-realizam-retiro-anual-da-comissao-regional\/\" data-app-id-name=\"post_below_content\">\n<div translate=\"no\">\n<div class=\"shareaholic-share-buttons-container shareaholic-ui shr-no-print shareaholic-flat shareaholic-round shareaholic- shareaholic-block shareaholic- shareaholic-horizontal shareaholic- shareaholic-left-align shareaholic-flat shareaholic-round shareaholic-block shareaholic-horizontal shareaholic-mini\">\n<div class=\"shareaholic-share-buttons-wrapper shareaholic-ui \">\n<div class=\"shareaholic-share-buttons-animation-wrapper \">\n<div class=\"shareaholic-share-buttons-heading shareaholic-custom\">\n<div class=\"shareaholic-share-buttons-heading-text\">&nbsp;<\/div>\n<\/div>\n<div class=\"shareaholic-share-button-container shr-outline\" tabindex=\"0\" role=\"button\" aria-label=\"Share to Facebook\">&nbsp;<\/div>\n<\/div>\n<\/div>\n<\/div>\n<\/div>\n<\/div>\n<\/div>\n","protected":false},"excerpt":{"rendered":"<p>A Comiss\u00e3o Regional Nordeste 3 da Pastoral Familiar, que re\u00fane os estados da Bahia e Sergipe, promoveu, no \u00faltimo final de semana (3, 4 e 5 de mar\u00e7o), um Retiro Espiritual para os integrantes da sua coordena\u00e7\u00e3o. O encontro foi realizado no Semin\u00e1rio Proped\u00eautico S\u00e3o Jos\u00e9, na cidade de Itabuna (BA). Em sintonia com o&nbsp;<\/p>\n<p><a class=\"btn btn-style\" href=\"https:\/\/portalcatolico.net\/portal\/bahia-e-sergipe-realizam-retiro-anual-da-comissao-regional\/\">Continue Reading<\/a><\/p>\n","protected":false},"author":2,"featured_media":77569,"comment_status":"open","ping_status":"open","sticky":false,"template":"","format":"standard","meta":{"footnotes":""},"categories":[3],"tags":[],"class_list":["post-77568","post","type-post","status-publish","format-standard","has-post-thumbnail","hentry","category-noticias_regionais"],"_links":{"self":[{"href":"https:\/\/portalcatolico.net\/portal\/wp-json\/wp\/v2\/posts\/77568","targetHints":{"allow":["GET"]}}],"collection":[{"href":"https:\/\/portalcatolico.net\/portal\/wp-json\/wp\/v2\/posts"}],"about":[{"href":"https:\/\/portalcatolico.net\/portal\/wp-json\/wp\/v2\/types\/post"}],"author":[{"embeddable":true,"href":"https:\/\/portalcatolico.net\/portal\/wp-json\/wp\/v2\/users\/2"}],"replies":[{"embeddable":true,"href":"https:\/\/portalcatolico.net\/portal\/wp-json\/wp\/v2\/comments?post=77568"}],"version-history":[{"count":1,"href":"https:\/\/portalcatolico.net\/portal\/wp-json\/wp\/v2\/posts\/77568\/revisions"}],"predecessor-version":[{"id":77570,"href":"https:\/\/portalcatolico.net\/portal\/wp-json\/wp\/v2\/posts\/77568\/revisions\/77570"}],"wp:featuredmedia":[{"embeddable":true,"href":"https:\/\/portalcatolico.net\/portal\/wp-json\/wp\/v2\/media\/77569"}],"wp:attachment":[{"href":"https:\/\/portalcatolico.net\/portal\/wp-json\/wp\/v2\/media?parent=77568"}],"wp:term":[{"taxonomy":"category","embeddable":true,"href":"https:\/\/portalcatolico.net\/portal\/wp-json\/wp\/v2\/categories?post=77568"},{"taxonomy":"post_tag","embeddable":true,"href":"https:\/\/portalcatolico.net\/portal\/wp-json\/wp\/v2\/tags?post=77568"}],"curies":[{"name":"wp","href":"https:\/\/api.w.org\/{rel}","templated":true}]}}