{"id":77460,"date":"2023-02-19T12:12:00","date_gmt":"2023-02-19T15:12:00","guid":{"rendered":"http:\/\/portalcatolico.net\/portal\/?p=77460"},"modified":"2023-02-19T12:12:18","modified_gmt":"2023-02-19T15:12:18","slug":"o-papa-preparar-se-para-o-jubileu-retomando-os-textos-do-concilio","status":"publish","type":"post","link":"https:\/\/portalcatolico.net\/portal\/o-papa-preparar-se-para-o-jubileu-retomando-os-textos-do-concilio\/","title":{"rendered":"O Papa: preparar-se para o Jubileu, retomando os textos do Conc\u00edlio"},"content":{"rendered":"<div class=\"article__subTitle\">O Papa Francisco escreveu a introdu\u00e7\u00e3o da colet\u00e2nea &#8220;Jubileu 2025 \u2013 Cadernos do Conc\u00edlio&#8221;, uma iniciativa do Dicast\u00e9rio para a Evangeliza\u00e7\u00e3o em prepara\u00e7\u00e3o \u00e0 abertura do Ano Santo: &#8220;Bispos, sacerdotes e fam\u00edlias devem encontrar as formas mais apropriadas para tornar atual o ensinamento dos Padres conciliares&#8221;<\/div>\n<div>&nbsp;<\/div>\n<div>&#8220;Preparar-se para o Jubileu de 2025, retomando em m\u00e3os os textos fundamentais do Conc\u00edlio Ecum\u00eanico Vaticano II&#8221;. Este \u00e9 o &#8220;compromisso&#8221; que o Papa pede a todos os crentes &#8220;como um momento de crescimento na f\u00e9&#8221;. Francisco escreve isto na introdu\u00e7\u00e3o ao primeiro de 34 pequenos volumes, publicados pelas edi\u00e7\u00f5es Shalom, intitulado \u201c<i>Jubileu de 2025 &#8211; Cadernos do Conc\u00edlio<\/i>\u201d. Uma iniciativa do Dicast\u00e9rio para a Evangeliza\u00e7\u00e3o em prepara\u00e7\u00e3o para a abertura do Ano Santo, baseada no pedido do Papa de dedicar 2023 \u00e0 redescoberta das quatro sess\u00f5es do Conc\u00edlio. Um evento, o Conc\u00edlio Vaticano II, que sessenta anos atr\u00e1s &#8220;permitiu que a Igreja rejuvenescesse seu rosto e se apresentasse novamente ao mundo como portadora de uma Mensagem que transcende todas as fronteiras&#8221;, escreve o Papa. &#8220;O Evangelho de Jesus Cristo, de fato, \u00e9 uma proclama\u00e7\u00e3o t\u00e3o universal que n\u00e3o pode encontrar limites&#8221;.<\/div>\n<div class=\"title__separator\">\n<div>\n<div class=\"article__embed article__embed--unwrap article__embed--dark\">\n<div class=\"article__innerTitle\">Ou\u00e7a e compartilhe!<\/div>\n<\/div>\n<\/div>\n<p><b>Um novo desenvolvimento para o ensinamento da Igreja<\/b><\/p>\n<p>O Vaticano II, em suas quatro Constitui\u00e7\u00f5es, afirma o Papa Francisco, &#8220;marcou um novo desenvolvimento no ensinamento bimilenar da Igreja, permitindo que o futuro pudesse ser iluminado pela profundidade e intensidade deste magist\u00e9rio&#8221;. &#8220;\u00c9 hora de redescobrir a beleza desse ensinamento, que ainda hoje provoca a f\u00e9 dos crist\u00e3os e os chama a serem mais respons\u00e1veis e presentes na oferta da sua pr\u00f3pria contribui\u00e7\u00e3o para o crescimento de toda a humanidade&#8221;, sublinhou o Bispo de Roma.<\/p>\n<p><b>As palavras de S\u00e3o Paulo VI<\/b><\/p>\n<p>Em seguida, ele citou as palavras de Paulo VI em sua homilia na s\u00e9tima sess\u00e3o do Conc\u00edlio: &#8220;A Igreja vive! A prova est\u00e1 aqui; est\u00e1 aqui ao seu alento; a sua voz, o seu canto. A Igreja vive! [&#8230;] A Igreja pensa, a Igreja fala, a Igreja reza, a Igreja cresce, a Igreja continua a edificar-se. [&#8230;] A Igreja vem de Cristo e vai para Cristo, e estes s\u00e3o os seus passos, isto \u00e9, os atos com que se aperfei\u00e7oa, se confirma, se desenvolve, se renova, se santifica. Todo esse esfor\u00e7o perfectivo da Igreja, n\u00e3o \u00e9 outra coisa, se bem se atende, que uma express\u00e3o de amor a Cristo nosso Senhor&#8221;.<\/p>\n<p><b>A li\u00e7\u00e3o do Conc\u00edlio Vaticano II<\/b><\/p>\n<p>S\u00e3o palavras que &#8220;hoje nos impulsionam a considerar a import\u00e2ncia do ensinamento conciliar&#8221;, escreve o Papa Francisco. &#8220;Retomar esses textos em nossas m\u00e3os \u00e9 um sinal da vivacidade e da fecundidade da Igreja; a renova\u00e7\u00e3o das comunidades e o compromisso de convers\u00e3o pastoral passam necessariamente de fazer nossa a li\u00e7\u00e3o do Conc\u00edlio Vaticano II&#8221;.<\/p>\n<p><b>Etapas fundamentais<\/b><\/p>\n<p>Por fim, o Pont\u00edfice enumerou as &#8220;etapas fundamentais&#8221; a serem percorridas &#8220;para que a Igreja saiba e demonstre estar viva, para se renovar e se aperfei\u00e7oar em seu caminho de santifica\u00e7\u00e3o&#8221;. Ou seja, &#8220;a centralidade da Palavra de Deus, fundamento da revela\u00e7\u00e3o crist\u00e3; a renova\u00e7\u00e3o da liturgia, express\u00e3o do servi\u00e7o sacerdotal de todos os batizados; a consci\u00eancia de ser o Povo de Deus a caminho da Jerusal\u00e9m celeste; a necessidade de compartilhar as alegrias e as esperan\u00e7as de toda a humanidade e sobretudo dos pobres&#8221;.<\/p>\n<p><b>Bons frutos para as comunidades<\/b><\/p>\n<p>O convite a todos os crist\u00e3os, especialmente aos jovens, \u00e9 de ler e aprofundar estes &#8220;\u00e1geis e eficazes subs\u00eddios&#8221;, que repassam os temas fundamentais das quatro Constitui\u00e7\u00f5es conciliares, para que possam dar &#8220;bons frutos para a renova\u00e7\u00e3o das nossas comunidades&#8221;. O Papa confia-os em particular aos bispos, sacerdotes, catequistas e fam\u00edlias, &#8220;para que possam encontrar formas mais adequadas de tornar atual o ensinamento dos Padres conciliares, na perspectiva do pr\u00f3ximo Jubileu de 2025&#8221;.<\/p>\n<\/div>\n<div class=\"article__text\">\n<p><b>Fonte e foto:Vatican News<\/b><\/p>\n<\/div>\n","protected":false},"excerpt":{"rendered":"<p>O Papa Francisco escreveu a introdu\u00e7\u00e3o da colet\u00e2nea &#8220;Jubileu 2025 \u2013 Cadernos do Conc\u00edlio&#8221;, uma iniciativa do Dicast\u00e9rio para a Evangeliza\u00e7\u00e3o em prepara\u00e7\u00e3o \u00e0 abertura do Ano Santo: &#8220;Bispos, sacerdotes e fam\u00edlias devem encontrar as formas mais apropriadas para tornar atual o ensinamento dos Padres conciliares&#8221; &nbsp; &#8220;Preparar-se para o Jubileu de 2025, retomando em&nbsp;<\/p>\n<p><a class=\"btn btn-style\" href=\"https:\/\/portalcatolico.net\/portal\/o-papa-preparar-se-para-o-jubileu-retomando-os-textos-do-concilio\/\">Continue Reading<\/a><\/p>\n","protected":false},"author":2,"featured_media":77461,"comment_status":"open","ping_status":"open","sticky":false,"template":"","format":"standard","meta":{"footnotes":""},"categories":[5],"tags":[],"class_list":["post-77460","post","type-post","status-publish","format-standard","has-post-thumbnail","hentry","category-igreja_no_mundo"],"_links":{"self":[{"href":"https:\/\/portalcatolico.net\/portal\/wp-json\/wp\/v2\/posts\/77460","targetHints":{"allow":["GET"]}}],"collection":[{"href":"https:\/\/portalcatolico.net\/portal\/wp-json\/wp\/v2\/posts"}],"about":[{"href":"https:\/\/portalcatolico.net\/portal\/wp-json\/wp\/v2\/types\/post"}],"author":[{"embeddable":true,"href":"https:\/\/portalcatolico.net\/portal\/wp-json\/wp\/v2\/users\/2"}],"replies":[{"embeddable":true,"href":"https:\/\/portalcatolico.net\/portal\/wp-json\/wp\/v2\/comments?post=77460"}],"version-history":[{"count":2,"href":"https:\/\/portalcatolico.net\/portal\/wp-json\/wp\/v2\/posts\/77460\/revisions"}],"predecessor-version":[{"id":77463,"href":"https:\/\/portalcatolico.net\/portal\/wp-json\/wp\/v2\/posts\/77460\/revisions\/77463"}],"wp:featuredmedia":[{"embeddable":true,"href":"https:\/\/portalcatolico.net\/portal\/wp-json\/wp\/v2\/media\/77461"}],"wp:attachment":[{"href":"https:\/\/portalcatolico.net\/portal\/wp-json\/wp\/v2\/media?parent=77460"}],"wp:term":[{"taxonomy":"category","embeddable":true,"href":"https:\/\/portalcatolico.net\/portal\/wp-json\/wp\/v2\/categories?post=77460"},{"taxonomy":"post_tag","embeddable":true,"href":"https:\/\/portalcatolico.net\/portal\/wp-json\/wp\/v2\/tags?post=77460"}],"curies":[{"name":"wp","href":"https:\/\/api.w.org\/{rel}","templated":true}]}}